{"id":74294,"date":"2018-03-16T07:48:26","date_gmt":"2018-03-16T10:48:26","guid":{"rendered":"http:\/\/argentinamunicipal.com.ar\/argentina\/?p=74294"},"modified":"2018-03-16T07:48:26","modified_gmt":"2018-03-16T10:48:26","slug":"defender-la-protesta-social","status":"publish","type":"post","link":"http:\/\/argentinamunicipal.com.ar\/argentina\/defender-la-protesta-social\/","title":{"rendered":"Para defender la protesta social"},"content":{"rendered":"<p>La Comisi\u00f3n Interamericana de Derechos Humanos de la OEA recibi\u00f3 nueva informaci\u00f3n en el marco de las medidas cautelares solicitadas para proteger a los manifestantes reprimidos el 18 de diciembre. Organismos de derechos humanos, adem\u00e1s, enviaron el texto publicado en P\u00e1ginaI12 por Soraya Maico\u00f1o, vocera de la Pu Lof en Resistencia de Cushamen, por la sucesi\u00f3n de episodios de intimidaci\u00f3n y hostigamiento que no cesan contra las comunidades mapuche de la Patagonia. En una comunicaci\u00f3n previa para el mismo expediente, los abogados de la ONG Naturaleza de Derechos afirmaron que \u201cel Estado Argentino orden\u00f3 un desalojo con la Prefectura en una recuperaci\u00f3n territorial de j\u00f3venes mapuche que debe ser contextualizada en un hecho significativo en la historia del pueblo ind\u00edgena como lo es el levantamiento despu\u00e9s de 130 a\u00f1os de una l\u00edder espiritual y religiosa denominada Machi, y esa salvaje operaci\u00f3n casi militar deriv\u00f3 en la muerte del mapuche Rafael Nahuel por un tiro en la espalda\u201d.<\/p>\n<p>Durante aquel procedimiento represivo a la Machi, prima de Nahuel, los uniformados la obligaron a comer tierra y a pesar de tener 16 a\u00f1os la arrestaron. Todo el grupo mapuche qued\u00f3 imputado por usurpaci\u00f3n, de modo que la ONG solicit\u00f3 una medida cautelar. \u201cPara los mapuches, es una figura \u2018sagrada\u2019 a ser protegida, dado que las medidas impuestas por el poder judicial como lo son la exclusi\u00f3n absoluta del lugar elegido por ella, en raz\u00f3n de \u00f3rdenes espirituales ancestrales representa un da\u00f1o irreparable y de extrema gravedad, que urgentemente necesita ser reparada, ya que anula su ser mapuche\u201d. En la nota enviada a la sede de la CIDH, en Washington, el coordinador de Naturaleza de Derechos, Fernando Cabaleiro, indic\u00f3 que \u201cla decisi\u00f3n de Parques Nacionales lejos de la capacidad de di\u00e1logo dispuso un desalojo, violando la ley 26.160 que suspendi\u00f3 todos los desalojos de las comunidades ind\u00edgenas, generando una nueva situaci\u00f3n de riesgo de vida como lo fue con Santiago Maldonado y Rafael Nahuel\u201d. Y tambi\u00e9n mencion\u00f3 como parte del hostigamiento a las comunidades mapuche la querella que le inici\u00f3 el Estado a \u00e9l y su colega, Carlos Gonz\u00e1lez Quintana \u201cen la que se pretende criminalizar nuestro rol de defensores de derechos humanos y deslegitimar el reclamo mapuche, ante toda la opini\u00f3n p\u00fablica\u201d.<\/p>\n<p>A pedido de la Comisi\u00f3n, Cabaleiro inform\u00f3 respecto de la represi\u00f3n del 18 de diciembre contra quienes rechazaban en las calles la reforma previsional que \u201cel universo de personas que componen los colectivos var\u00eda seg\u00fan cada manifestaci\u00f3n, lo cual hace imposible individualizar a cada una de ellas. En el listado de personas que adjuntamos en la petici\u00f3n solo se encuentran quienes fueron v\u00edctimas, siendo detenidas, y muchas de ellas procesadas y a\u00fan permanecen encarceladas\u201d. El abogado agreg\u00f3 que \u201cel riesgo que crea el Estado Argentino al imponer la fuerza estatal dispuesta a disparar balas de goma como regla y tambi\u00e9n la violencia f\u00edsica y realizar detenciones en lo que denominamos cacer\u00edas policiales acompa\u00f1adas de una judicializaci\u00f3n de la protesta social, tiene un efecto expansivo y coloca como v\u00edctima a cualquier persona que participe en una manifestaci\u00f3n social, p\u00fablica y popular\u201d. Cabaleiro destac\u00f3 que \u201chubo ausencia total de funcionarios de enlace, las autoridades asumieron un rol desafiante, provocador y sin \u00e1nimo de di\u00e1logo con los manifestantes\u201d. Y advirti\u00f3 que \u201cse ha observado polic\u00edas vestidos de civil, aparentando ser militantes\u201d. De esa modalidad, \u201caltamente agresiva, fueron v\u00edctimas tambi\u00e9n diputadas y diputados, y periodistas que se encontraban ejerciendo su labor\u201d.<\/p>\n<p>Respecto del pr\u00f3ximo acto del 24 de marzo, alert\u00f3 a la CIDH que el hecho de que la Plaza de Mato se encuentre en plena obra y no disponible para realizar la tradicional manifestaci\u00f3n provocar\u00e1 \u201cun hecho de fuerte tensi\u00f3n social\u201d.<\/p>\n<h6>Fuente: P\u00e1gina 12<\/h6>\n","protected":false},"excerpt":{"rendered":"<p>La Comisi\u00f3n Interamericana de Derechos Humanos de la OEA recibi\u00f3 nueva informaci\u00f3n en el marco de las medidas cautelares solicitadas para proteger a los manifestantes reprimidos el 18 de diciembre. <\/p>\n","protected":false},"author":2,"featured_media":74295,"comment_status":"closed","ping_status":"closed","sticky":false,"template":"","format":"standard","meta":{"footnotes":""},"categories":[8],"tags":[21],"class_list":["post-74294","post","type-post","status-publish","format-standard","has-post-thumbnail","hentry","category-informe-nacional","tag-argentina"],"_links":{"self":[{"href":"http:\/\/argentinamunicipal.com.ar\/argentina\/wp-json\/wp\/v2\/posts\/74294","targetHints":{"allow":["GET"]}}],"collection":[{"href":"http:\/\/argentinamunicipal.com.ar\/argentina\/wp-json\/wp\/v2\/posts"}],"about":[{"href":"http:\/\/argentinamunicipal.com.ar\/argentina\/wp-json\/wp\/v2\/types\/post"}],"author":[{"embeddable":true,"href":"http:\/\/argentinamunicipal.com.ar\/argentina\/wp-json\/wp\/v2\/users\/2"}],"replies":[{"embeddable":true,"href":"http:\/\/argentinamunicipal.com.ar\/argentina\/wp-json\/wp\/v2\/comments?post=74294"}],"version-history":[{"count":0,"href":"http:\/\/argentinamunicipal.com.ar\/argentina\/wp-json\/wp\/v2\/posts\/74294\/revisions"}],"wp:featuredmedia":[{"embeddable":true,"href":"http:\/\/argentinamunicipal.com.ar\/argentina\/wp-json\/wp\/v2\/media\/74295"}],"wp:attachment":[{"href":"http:\/\/argentinamunicipal.com.ar\/argentina\/wp-json\/wp\/v2\/media?parent=74294"}],"wp:term":[{"taxonomy":"category","embeddable":true,"href":"http:\/\/argentinamunicipal.com.ar\/argentina\/wp-json\/wp\/v2\/categories?post=74294"},{"taxonomy":"post_tag","embeddable":true,"href":"http:\/\/argentinamunicipal.com.ar\/argentina\/wp-json\/wp\/v2\/tags?post=74294"}],"curies":[{"name":"wp","href":"https:\/\/api.w.org\/{rel}","templated":true}]}}