{"id":74335,"date":"2018-03-19T06:54:26","date_gmt":"2018-03-19T09:54:26","guid":{"rendered":"http:\/\/argentinamunicipal.com.ar\/argentina\/?p=74335"},"modified":"2018-03-19T06:54:26","modified_gmt":"2018-03-19T09:54:26","slug":"pj-unido-gobierno-no-somos-dialoguistas-tendemos-puentes","status":"publish","type":"post","link":"http:\/\/argentinamunicipal.com.ar\/argentina\/pj-unido-gobierno-no-somos-dialoguistas-tendemos-puentes\/","title":{"rendered":"El PJ unido contra el Gobierno: \u00abNo somos dialoguistas ni tendemos puentes\u00bb"},"content":{"rendered":"<p>El encuentro marc\u00f3 el regreso de Felipe Sol\u00e1 al peronismo, mostr\u00f3 un s\u00f3lido apoyo al sindicalista Hugo Moyano y reform\u00f3 la Carta Org\u00e1nica del partido..<\/p>\n<p>Despu\u00e9s de m\u00e1s de cuatro horas de previa en la que sonaron desde Ataque 77 hasta \u00abLa Sole\u00bb, unas\u00a0dos mil personas celebraron la modificaci\u00f3n de la Carta Org\u00e1nica del Partido Justicialista\u00a0en el Club Tesei de Hurlingham.<\/p>\n<p>Con la presencia de intendentes, sindicalistas y hombres fuertes del peronismo, se aprob\u00f3 por unanimidad la paridad de g\u00e9nero (en la que se estipul\u00f3 el 50% delcupo femenino\u00a0para los cargos) y habilitar el regreso al partido de aquellos dirigentes que emigraron a otros espacios.<\/p>\n<p>Pasadas las 13, subieron al escenario el intendente anfitri\u00f3n,\u00a0Juan Zabaleta; el titular del partido en la Provincia,\u00a0Gustavo Men\u00e9ndez; la vicepresidenta del Congreso,\u00a0Marisa Fassi\u00a0y el intendente de Esteban Echeverr\u00eda,\u00a0Fernando Gray.<\/p>\n<p>El primero en hablar fue el jefe comunal local quien record\u00f3 a\u00a0N\u00e9stor Kichner, Antonio Cafiero, Eduardo Duhalde\u00a0y le dio la bienvenida a recientemente reincorporado,\u00a0Felipe Sol\u00e1. \u00abSomos la fuerza pol\u00edtica del voto femenino y la ley de cupo\u00bb, dijo Zabaleta y despert\u00f3 la primera ovaci\u00f3n de la tarde.<\/p>\n<p>Tambi\u00e9n se mencion\u00f3, m\u00e1s de una vez, a\u00a0Hugo Moyano, quien asisti\u00f3 junto a sus hijos\u00a0Pablo y Facundo\u00a0y al que se lo incluy\u00f3 entre los perseguidos pol\u00edticos de la Casa Rosada.<\/p>\n<p>El siguiente momento m\u00e1s aplaudido fue cuando un envalentonado Zabaleta asegur\u00f3:\u00a0\u00abVamos a armar un peronismo que va a construir historia porque hay 2019\u00bb, la frase de\u00a0Alberto Rodr\u00edguez Saa\u00a0que ya se convirti\u00f3 en el slogan del peronismo unido.<\/p>\n<p>Luego fue el turno de Marisa Fassi quien a pedido de uno de los congresales destac\u00f3 el gobierno de la ex presidenta\u00a0Cristina Fern\u00e1ndez de Kirchner, para inmediatamente despu\u00e9s plantear, a modo de formalidad, la moci\u00f3n de la paridad de g\u00e9nero que fue aprobada por unanimidad.<\/p>\n<p>\u00abVenimos a hacer un mea culpa de nuestros errores\u00bb, arranc\u00f3\u00a0Fernando Espinozay acontinuaci\u00f3n pronunci\u00f3 una acalorada arenga:\u00a0\u00abPer\u00f3n y Evita nos dir\u00edan &#8216;Unidad, unidad, unidad&#8217;, con todos adentro y ninguno afuera\u00bb y pidi\u00f3 \u00abVolver a las bases del peronismo\u00bb. Tambi\u00e9n exigi\u00f3 \u00abTerminar con la persecuci\u00f3n del Partido Judicial\u00bb.<\/p>\n<p>Fernando Gray dijo la frase de la tarde: \u00abNosotros no somos dialoguistas, ni tendemos puentes con el Gobierno, somos opositores y levantamos las banderas de N\u00e9stor y Cristina\u00bb y explot\u00f3 el club Tesei y Felipe Sol\u00e1 aplaudi\u00f3 de pie<\/p>\n<p>El encargado de cerrar el encuentro fue el intendente de Merlo, Gustavo Men\u00e9ndez quien se pregunt\u00f3: \u00abSi se cay\u00f3 el Imperio Romano, \u00bfc\u00f3mo no se van a caer estos?\u00bb para luego advertir \u00abOjo los oligarcas porque el peronismo se empez\u00f3 a abrazar y eso significa que no tienen chances en 2019&#8243;.<\/p>\n<p>Tras la ovaci\u00f3n por las palabras de Men\u00e9ndez, la salida fue al ritmo de la marcha peronista y del hit del verano\u00bb.<\/p>\n<p>Sin chorip\u00e1n<\/p>\n<p>Pese a lo que el imaginario colectivo supone, no todo mi mitin peronista cuenta con la presencia y oferta del nunca bien ponderado chorip\u00e1n. Este congreso bonaerense tuvo como.principal protagonista gastron\u00f3mica a las hamburguesas, que se ofrec\u00edan en el bufet del lugar a 50 pesos. Pod\u00edan acompa\u00f1arse con una gaseosa por 30 pesos mas. Sin alcohol como opci\u00f3n,\u00a0 otro de los hits del men\u00fa fueron los panchos, aunque con precios poco compa\u00f1eros: 30 pesos.<\/p>\n<h6>Fuente: InfoNews<\/h6>\n","protected":false},"excerpt":{"rendered":"<p>El encuentro marc\u00f3 el regreso de Felipe Sol\u00e1 al peronismo, mostr\u00f3 un s\u00f3lido apoyo al sindicalista Hugo Moyano y reform\u00f3 la Carta Org\u00e1nica del partido..<\/p>\n","protected":false},"author":2,"featured_media":74336,"comment_status":"closed","ping_status":"closed","sticky":false,"template":"","format":"standard","meta":{"footnotes":""},"categories":[8],"tags":[21],"class_list":["post-74335","post","type-post","status-publish","format-standard","has-post-thumbnail","hentry","category-informe-nacional","tag-argentina"],"_links":{"self":[{"href":"http:\/\/argentinamunicipal.com.ar\/argentina\/wp-json\/wp\/v2\/posts\/74335","targetHints":{"allow":["GET"]}}],"collection":[{"href":"http:\/\/argentinamunicipal.com.ar\/argentina\/wp-json\/wp\/v2\/posts"}],"about":[{"href":"http:\/\/argentinamunicipal.com.ar\/argentina\/wp-json\/wp\/v2\/types\/post"}],"author":[{"embeddable":true,"href":"http:\/\/argentinamunicipal.com.ar\/argentina\/wp-json\/wp\/v2\/users\/2"}],"replies":[{"embeddable":true,"href":"http:\/\/argentinamunicipal.com.ar\/argentina\/wp-json\/wp\/v2\/comments?post=74335"}],"version-history":[{"count":0,"href":"http:\/\/argentinamunicipal.com.ar\/argentina\/wp-json\/wp\/v2\/posts\/74335\/revisions"}],"wp:featuredmedia":[{"embeddable":true,"href":"http:\/\/argentinamunicipal.com.ar\/argentina\/wp-json\/wp\/v2\/media\/74336"}],"wp:attachment":[{"href":"http:\/\/argentinamunicipal.com.ar\/argentina\/wp-json\/wp\/v2\/media?parent=74335"}],"wp:term":[{"taxonomy":"category","embeddable":true,"href":"http:\/\/argentinamunicipal.com.ar\/argentina\/wp-json\/wp\/v2\/categories?post=74335"},{"taxonomy":"post_tag","embeddable":true,"href":"http:\/\/argentinamunicipal.com.ar\/argentina\/wp-json\/wp\/v2\/tags?post=74335"}],"curies":[{"name":"wp","href":"https:\/\/api.w.org\/{rel}","templated":true}]}}