{"id":74344,"date":"2018-03-19T07:11:00","date_gmt":"2018-03-19T10:11:00","guid":{"rendered":"http:\/\/argentinamunicipal.com.ar\/argentina\/?p=74344"},"modified":"2018-03-19T07:11:00","modified_gmt":"2018-03-19T10:11:00","slug":"mundo-ideal-macri","status":"publish","type":"post","link":"http:\/\/argentinamunicipal.com.ar\/argentina\/mundo-ideal-macri\/","title":{"rendered":"El mundo ideal de Macri"},"content":{"rendered":"<p>Decidido a sacar del centro de la escena la crisis econ\u00f3mica, el Presidente aprovech\u00f3 una entrevista televisiva para confirmar su deseo de ser reelecto. Reconoci\u00f3 problemas con la inflaci\u00f3n.<\/p>\n<p>El mundo ideal del presidente Mauricio Macri se expres\u00f3 ayer en toda su amplitud durante una entrevista por televisi\u00f3n. Un mundo donde el mandatario ya se permite hablar de su reelecci\u00f3n al sostener que \u201csi los argentinos creen que tengo que seguir, lo har\u00e9\u201d pero porque adem\u00e1s la inflaci\u00f3n \u201cest\u00e1 bajando\u201d aunque no al ritmo que desea.<\/p>\n<p>Durante la entrevista Macri jug\u00f3 a sorprenderse con la posibilidad de continuar en la Casa Rosada m\u00e1s all\u00e1 de 2019: \u201cQu\u00e9 ansiedad. Yo no hablo de reelecci\u00f3n. Si los argentinos creen que tengo que seguir, lo har\u00e9\u201d, dijo a la espera que el operativo clamor comience a desarrollarse.<\/p>\n<p>Por supuesto, para el primer mandatario su posible reelecci\u00f3n no tendr\u00eda sentido si Cambiemos no apuesta a que Horacio Rodr\u00edguez Larreta y Mar\u00eda Eugenia Vidal repitan su conducci\u00f3n en la ciudad de Buenos Aires y en la provincia, respectivamente. Lo sintetiz\u00f3 con una de sus habituales frases: \u201cEs clave para el futuro\u201d y, de paso, anunci\u00f3 que est\u00e1 dispuesto a ayudarlos a conseguir sus reelecciones.<\/p>\n<p>Macri, quien hab\u00eda prometido que en caso de ser presidente reducir la inflaci\u00f3n en un santiam\u00e9n, reconoci\u00f3 anoche que la situaci\u00f3n no es tan f\u00e1cil como pensaba e incluso asegur\u00f3 que \u201cla Argentina arrastra un mont\u00f3n de da\u00f1os acumulados\u201d, sin especificar cu\u00e1les, y por eso \u201cno se sale en dos a\u00f1os\u201d. De todas formas, sin recurrir a cifras o a estad\u00edsticas que no le exigi\u00f3 el entrevistador, se\u00f1al\u00f3 que \u201cla Argentina lleva siete trimestres seguidos de expansi\u00f3n y la econom\u00eda crecer\u00e1 cerca de 3% este a\u00f1o\u201d.<\/p>\n<p>Para Macri el devaluaci\u00f3n del peso frente al d\u00f3lar no parece ser un problema porque seg\u00fan afirm\u00f3 lo que lo sigue preocupando es la inflaci\u00f3n. Una vez m\u00e1s, sin entrar en detalles o argumentos, se limit\u00f3 a se\u00f1alar que hab\u00eda \u201cpensado que la \u00edbamos a bajar m\u00e1s r\u00e1pido, lo reconozco\u201d. Una frase que podr\u00eda ser considerada como una autocr\u00edtica. En otro momento de la entrevista reconoci\u00f3 que el crecimiento de la deuda externa pero antes que explicar los motivos o las causas por la que la autoriza, el presidente prefiri\u00f3 responsabilizar a los dirigentes de la oposici\u00f3n. \u201cHasta ahora no vino ning\u00fan dirigente de la Argentina a golpearme la puerta para decirme: \u2018mir\u00e1, esto no lo estoy usando te lo devuelvo\u2019&#8230; todo lo contrario, vienen a pedir m\u00e1s, y hay que entender que tenemos un Estado que est\u00e1 quebrado\u201d, se\u00f1al\u00f3.<\/p>\n<p>El tarifazo tambi\u00e9n fue parte de la entrevista y Macri recurri\u00f3 a la tesis que asegura que no hab\u00eda otra salida al sostener que \u201csi nosotros segu\u00edamos sin pagar los servicios p\u00fablicos, no solo los que no ten\u00edan luz y gas, sino los que ten\u00edan servicios, iban a sufrir los cortes de luz\u201d, explic\u00f3 para luego reconocer que la gente se enoja cuando les llega la factura y, por eso, jur\u00f3 que \u201ctratamos de pensar lo imposible para que esa boleta no les llegue, pero cre\u00e1nme que no encontr\u00e9 otro camino\u201d.<\/p>\n<p>El Presidente, como ocurri\u00f3 con los casos de gatillo f\u00e1cil, el presidente avanz\u00f3 en su decisi\u00f3n de comentar las causas judiciales. Sobre la libertad del empresario Cristobal L\u00f3pez dijo estar \u201cindignado\u201d y por eso apuesta a que la AFIP apele porque L\u00f3pez \u201ccobraba impuestos que no eran de su actividad y se los qued\u00f3. Y con ese dinero compr\u00f3 otras cosas. Eso es malversaci\u00f3n, es un acci\u00f3n delictiva absoluta\u201d, indic\u00f3.<\/p>\n<p>Por \u00faltimo se refiri\u00f3 al debate que sobre el aborto que comenzar\u00e1 en el Congreso, un tema que le otorga una p\u00e1tina de sensibilidad social que no tiene gobierno. Asegur\u00f3 que si la ley es aprobada \u201cno la voy a vetar\u201d.<\/p>\n<h6>Fuente: P\u00e1gina 12<\/h6>\n","protected":false},"excerpt":{"rendered":"<p>Decidido a sacar del centro de la escena la crisis econ\u00f3mica, el Presidente aprovech\u00f3 una entrevista televisiva para confirmar su deseo de ser reelecto. Reconoci\u00f3 problemas con la inflaci\u00f3n.<\/p>\n","protected":false},"author":2,"featured_media":74345,"comment_status":"closed","ping_status":"closed","sticky":false,"template":"","format":"standard","meta":{"footnotes":""},"categories":[8],"tags":[21],"class_list":["post-74344","post","type-post","status-publish","format-standard","has-post-thumbnail","hentry","category-informe-nacional","tag-argentina"],"_links":{"self":[{"href":"http:\/\/argentinamunicipal.com.ar\/argentina\/wp-json\/wp\/v2\/posts\/74344","targetHints":{"allow":["GET"]}}],"collection":[{"href":"http:\/\/argentinamunicipal.com.ar\/argentina\/wp-json\/wp\/v2\/posts"}],"about":[{"href":"http:\/\/argentinamunicipal.com.ar\/argentina\/wp-json\/wp\/v2\/types\/post"}],"author":[{"embeddable":true,"href":"http:\/\/argentinamunicipal.com.ar\/argentina\/wp-json\/wp\/v2\/users\/2"}],"replies":[{"embeddable":true,"href":"http:\/\/argentinamunicipal.com.ar\/argentina\/wp-json\/wp\/v2\/comments?post=74344"}],"version-history":[{"count":0,"href":"http:\/\/argentinamunicipal.com.ar\/argentina\/wp-json\/wp\/v2\/posts\/74344\/revisions"}],"wp:featuredmedia":[{"embeddable":true,"href":"http:\/\/argentinamunicipal.com.ar\/argentina\/wp-json\/wp\/v2\/media\/74345"}],"wp:attachment":[{"href":"http:\/\/argentinamunicipal.com.ar\/argentina\/wp-json\/wp\/v2\/media?parent=74344"}],"wp:term":[{"taxonomy":"category","embeddable":true,"href":"http:\/\/argentinamunicipal.com.ar\/argentina\/wp-json\/wp\/v2\/categories?post=74344"},{"taxonomy":"post_tag","embeddable":true,"href":"http:\/\/argentinamunicipal.com.ar\/argentina\/wp-json\/wp\/v2\/tags?post=74344"}],"curies":[{"name":"wp","href":"https:\/\/api.w.org\/{rel}","templated":true}]}}