{"id":74354,"date":"2018-03-19T07:19:49","date_gmt":"2018-03-19T10:19:49","guid":{"rendered":"http:\/\/argentinamunicipal.com.ar\/argentina\/?p=74354"},"modified":"2018-03-19T07:19:49","modified_gmt":"2018-03-19T10:19:49","slug":"fmi-vino-felicitar-reimpulsar-ajuste","status":"publish","type":"post","link":"http:\/\/argentinamunicipal.com.ar\/argentina\/fmi-vino-felicitar-reimpulsar-ajuste\/","title":{"rendered":"El FMI vino a felicitar y reimpulsar el ajuste"},"content":{"rendered":"<p>Tras su visita al presidente Macri, la titular del Fondo elogi\u00f3 \u201clas importantes reformas implementadas\u201d y ponder\u00f3 \u201cla transformaci\u00f3n econ\u00f3mica balanceada\u201d que encara. Primera visita de un director del FMI en m\u00e1s de diez a\u00f1os.<\/p>\n<p>El Presidente Mauricio Macri recibi\u00f3 ayer en la Quinta de Olivos a la directora del Fondo Monetario Internacional (FMI), Christine Lagarde. \u201cFue un honor reunirme con Mauricio Macri. Lo felicit\u00e9 por las importantes reformas que su administraci\u00f3n ha implementado\u201d, tuite\u00f3 Lagarde a la salida del encuentro, del cual tambi\u00e9n particip\u00f3 el ministro de Hacienda, Nicol\u00e1s Dujovne. En tanto, desde el Palacio de Hacienda indicaron que se trat\u00f3 de un encuentro protocolar donde la titular del Fondo \u201cle dio un fuerte apoyo al proceso de normalizaci\u00f3n macroecon\u00f3mica emprendido por el Gobierno\u201d. Fuentes oficiales detallaron que Macri hizo hincapi\u00e9 en sectores de la econom\u00eda nacional como turismo y el mercado aerocomercial, y las negociaciones sectoriales a partir de las mesas tripartitas con representantes del Gobierno, sindicatos y empresas. Lagarde ponder\u00f3 que la \u201ctransformaci\u00f3n econ\u00f3mica\u201d que encara que Macri es \u201cbalanceada\u201d.<\/p>\n<p>Lagarde arrib\u00f3 anteayer a Buenos Aires desde Asunci\u00f3n y particip\u00f3 de un evento de la Universidad Di Tella junto a Dujovne. \u201cNo es gradualismo. Est\u00e1n atacando todos los problemas que hay que abordar de manera determinada. Un ortodoxo podr\u00eda argumentar que se puede hacer m\u00e1s r\u00e1pido pero mientras exista decisi\u00f3n y voluntad para avanzar en la reducci\u00f3n del d\u00e9ficit fiscal ya es un logro\u201d, elogi\u00f3 la dirigenta francesa en la UTDT, quien permanecer\u00e1 en el pa\u00eds unos d\u00edas m\u00e1s para participar de una serie de reuniones previas al G-20 que tendr\u00e1 lugar en Buenos Aires.<\/p>\n<p>La visita de Lagarde es la primera de un director del Fondo en m\u00e1s de 10 a\u00f1os. En diciembre de 2007, Dominique Strauss-Kahn vino al pa\u00eds para participar de la ceremonia de asunci\u00f3n del primer mandato de Cristina Fern\u00e1ndez. Adem\u00e1s, se mostr\u00f3 en ese momento dispuesto a colaborar en la negociaci\u00f3n entre la Argentina y el Club de Par\u00eds, que qued\u00f3 frustrada varios a\u00f1os a ra\u00edz del estallido de la burbuja financiera. En 2004, el por entonces director Rodrigo Rato fue recibido por N\u00e9stor Kirchner, antes de que el Gobierno argentino decidiera pagar en efectivo la deuda con el FMI.<\/p>\n<p>El Gobierno de Mauricio Macri estrech\u00f3 la relaci\u00f3n con el Fondo Monetario Internacional no s\u00f3lo por la evidente sinton\u00eda en la concepci\u00f3n econ\u00f3mica sino porque volvi\u00f3 a aceptar las auditor\u00edas en el pa\u00eds contempladas en el famoso Art\u00edculo IV. El segundo informe de los \u201cexpertos\u201d del Fondo, publicado en diciembre de 2017, advirti\u00f3 que \u201cun reequilibrio fiscal m\u00e1s acelerado permitir\u00eda tasas de inter\u00e9s m\u00e1s bajas, reducir\u00eda las presiones al alza sobre el peso y limitar\u00eda las vulnerabilidades ante un endurecimiento repentino de las condiciones de financiamiento externo\u201d. Es decir, el FMI contin\u00faa en t\u00e9rminos generales con su receta del ajuste (ver aparte).<\/p>\n<p>Lagarde descart\u00f3 que su visita al pa\u00eds guarde relaci\u00f3n con la negociaci\u00f3n de un programa de financiamiento para el gobierno argentino, que enfrenta una fuerte presi\u00f3n en la plaza cambiaria que s\u00f3lo puede desactivar vendiendo reservas del Banco Central. \u201cNo estoy ac\u00e1 para negociar ning\u00fan programa de financiamiento. No estoy en el negocio de los pr\u00e9stamos. Argentina no solicit\u00f3 un cr\u00e9dito y no lo necesita\u201d, dijo la directora del Fondo durante su presentaci\u00f3n en la Universidad Di Tella.<\/p>\n<h6>Fuente: P\u00e1gina 12<\/h6>\n","protected":false},"excerpt":{"rendered":"<p>Tras su visita al presidente Macri, la titular del Fondo elogi\u00f3 \u201clas importantes reformas implementadas\u201d y ponder\u00f3 \u201cla transformaci\u00f3n econ\u00f3mica balanceada\u201d que encara. Primera visita de un director del FMI en m\u00e1s de diez a\u00f1os<\/p>\n","protected":false},"author":2,"featured_media":74355,"comment_status":"closed","ping_status":"closed","sticky":false,"template":"","format":"standard","meta":{"footnotes":""},"categories":[8],"tags":[21],"class_list":["post-74354","post","type-post","status-publish","format-standard","has-post-thumbnail","hentry","category-informe-nacional","tag-argentina"],"_links":{"self":[{"href":"http:\/\/argentinamunicipal.com.ar\/argentina\/wp-json\/wp\/v2\/posts\/74354","targetHints":{"allow":["GET"]}}],"collection":[{"href":"http:\/\/argentinamunicipal.com.ar\/argentina\/wp-json\/wp\/v2\/posts"}],"about":[{"href":"http:\/\/argentinamunicipal.com.ar\/argentina\/wp-json\/wp\/v2\/types\/post"}],"author":[{"embeddable":true,"href":"http:\/\/argentinamunicipal.com.ar\/argentina\/wp-json\/wp\/v2\/users\/2"}],"replies":[{"embeddable":true,"href":"http:\/\/argentinamunicipal.com.ar\/argentina\/wp-json\/wp\/v2\/comments?post=74354"}],"version-history":[{"count":0,"href":"http:\/\/argentinamunicipal.com.ar\/argentina\/wp-json\/wp\/v2\/posts\/74354\/revisions"}],"wp:featuredmedia":[{"embeddable":true,"href":"http:\/\/argentinamunicipal.com.ar\/argentina\/wp-json\/wp\/v2\/media\/74355"}],"wp:attachment":[{"href":"http:\/\/argentinamunicipal.com.ar\/argentina\/wp-json\/wp\/v2\/media?parent=74354"}],"wp:term":[{"taxonomy":"category","embeddable":true,"href":"http:\/\/argentinamunicipal.com.ar\/argentina\/wp-json\/wp\/v2\/categories?post=74354"},{"taxonomy":"post_tag","embeddable":true,"href":"http:\/\/argentinamunicipal.com.ar\/argentina\/wp-json\/wp\/v2\/tags?post=74354"}],"curies":[{"name":"wp","href":"https:\/\/api.w.org\/{rel}","templated":true}]}}