{"id":74403,"date":"2018-03-21T06:38:50","date_gmt":"2018-03-21T09:38:50","guid":{"rendered":"http:\/\/argentinamunicipal.com.ar\/argentina\/?p=74403"},"modified":"2018-03-21T06:38:50","modified_gmt":"2018-03-21T09:38:50","slug":"sector-publico-la-cabeza-febrero-hubo-mas-cinco-mil-despidos-suspensiones","status":"publish","type":"post","link":"http:\/\/argentinamunicipal.com.ar\/argentina\/sector-publico-la-cabeza-febrero-hubo-mas-cinco-mil-despidos-suspensiones\/","title":{"rendered":"Con el sector p\u00fablico a la cabeza, en febrero hubo m\u00e1s de cinco mil despidos y suspensiones"},"content":{"rendered":"<p>Un an\u00e1lisis del Centro de Econom\u00eda Pol\u00edtica Argentina relev\u00f3 que en el segundo mes del a\u00f1o el panorama para los trabajadores p\u00fablicos y privados no repunta.<\/p>\n<p>El\u00a0Centro de Econom\u00eda Pol\u00edtica Argentina elabor\u00f3 un nuevo informe sobre el n\u00famero de despidos y suspensiones en febrero. De este modo, dio a conocer que durante el segundo mes del a\u00f1o\u00a0se contabilizaron un total de 5.608. Si bien el n\u00famero es levemente menor a enero, la tendencia marca que la situaci\u00f3n no repunta. El sector p\u00fablico encabeza la lista.<\/p>\n<p>En comparaci\u00f3n con el mismo mes del a\u00f1o anterior, se percibe un sensible incremento de los despidos y suspensiones ya que ene se entonces se dieron 3.677 casos. \u00a0Los mismos fueron influenciados por despidos del sector p\u00fablico, mientras que en privados echaron una menor cantidad, 3.209 en 2017 y 1.971 este febrero.<\/p>\n<p>Con respecto a enero, los n\u00fameros son levemente menores, aunque se percibe una continuidad en las marginaciones del sector p\u00fablico donde se produjeron 6.639. En febrero, contin\u00faan impulsados por las cesant\u00edas en el Estado, que representan casi el 65% de los casos del mes con 3.637 casos incluyendo empresas de capital estatal.<\/p>\n<p>En el sector p\u00fablico, \u00a0se dieron en organismos descentralizados de la administraci\u00f3n y en las Provincias de Buenos Aires, CABA y Jujuy, junto con suspensiones y despidos en empresas de capital estatal.<\/p>\n<p>Las cesant\u00edas en organismos descentralizados se concentraron en el Conicet (no ingresos), SENASA, Loter\u00eda Nacional, ANSES y en varios hospitales (Posadas, Gallardo, Quintana). Asimismo, resaltaron las ocurridas en Ferrobaires, derivado del cierre del ramal, y en salud y educaci\u00f3n de la Provincia de Buenos Aires, acompa\u00f1ados con las mismas \u00e1reas en CABA y Jujuy.<\/p>\n<p>Los despidos tanto en Ministerios del Ejecutivo Nacional como de las Municipalidades han tenido continuidad. Mientras que por el lado de las empresas de capital estatal, \u00a0se produjeron 645, la amplia mayor\u00eda \u2013 550 \u2013 correspondientes a suspensiones.<\/p>\n<p>En el sector privado, de los 1.971 casos, 1.159 corresponden al industrial con un 59% pero resulta menor a los de enero de 2018 y febrero de 2017. Al interior se evidencia nuevamente una significativa cantidad de despidos y suspensiones del sector industrial. En el segundo mes del a\u00f1o contabilizaron 1.159 despidos y suspensiones adicionales (de ellos, s\u00f3lo 1.115 corresponden a despidos mientras que el resto refieren a suspensiones).<\/p>\n<p>El sector industrial ha tenido un comportamiento expulsivo en todos los meses desde diciembre de 2015, alcanzando a febrero de 2018 los 72.193 casos s\u00f3lo de despidos.<\/p>\n<h6>Fuente: InfoCielo<\/h6>\n","protected":false},"excerpt":{"rendered":"<p>Un an\u00e1lisis del Centro de Econom\u00eda Pol\u00edtica Argentina relev\u00f3 que en el segundo mes del a\u00f1o el panorama para los trabajadores p\u00fablicos y privados no repunta.<\/p>\n","protected":false},"author":2,"featured_media":74404,"comment_status":"closed","ping_status":"closed","sticky":false,"template":"","format":"standard","meta":{"footnotes":""},"categories":[8],"tags":[21],"class_list":["post-74403","post","type-post","status-publish","format-standard","has-post-thumbnail","hentry","category-informe-nacional","tag-argentina"],"_links":{"self":[{"href":"http:\/\/argentinamunicipal.com.ar\/argentina\/wp-json\/wp\/v2\/posts\/74403","targetHints":{"allow":["GET"]}}],"collection":[{"href":"http:\/\/argentinamunicipal.com.ar\/argentina\/wp-json\/wp\/v2\/posts"}],"about":[{"href":"http:\/\/argentinamunicipal.com.ar\/argentina\/wp-json\/wp\/v2\/types\/post"}],"author":[{"embeddable":true,"href":"http:\/\/argentinamunicipal.com.ar\/argentina\/wp-json\/wp\/v2\/users\/2"}],"replies":[{"embeddable":true,"href":"http:\/\/argentinamunicipal.com.ar\/argentina\/wp-json\/wp\/v2\/comments?post=74403"}],"version-history":[{"count":0,"href":"http:\/\/argentinamunicipal.com.ar\/argentina\/wp-json\/wp\/v2\/posts\/74403\/revisions"}],"wp:featuredmedia":[{"embeddable":true,"href":"http:\/\/argentinamunicipal.com.ar\/argentina\/wp-json\/wp\/v2\/media\/74404"}],"wp:attachment":[{"href":"http:\/\/argentinamunicipal.com.ar\/argentina\/wp-json\/wp\/v2\/media?parent=74403"}],"wp:term":[{"taxonomy":"category","embeddable":true,"href":"http:\/\/argentinamunicipal.com.ar\/argentina\/wp-json\/wp\/v2\/categories?post=74403"},{"taxonomy":"post_tag","embeddable":true,"href":"http:\/\/argentinamunicipal.com.ar\/argentina\/wp-json\/wp\/v2\/tags?post=74403"}],"curies":[{"name":"wp","href":"https:\/\/api.w.org\/{rel}","templated":true}]}}