{"id":74409,"date":"2018-03-21T06:49:18","date_gmt":"2018-03-21T09:49:18","guid":{"rendered":"http:\/\/argentinamunicipal.com.ar\/argentina\/?p=74409"},"modified":"2018-03-21T06:49:18","modified_gmt":"2018-03-21T09:49:18","slug":"una-marcha-dos-documentos","status":"publish","type":"post","link":"http:\/\/argentinamunicipal.com.ar\/argentina\/una-marcha-dos-documentos\/","title":{"rendered":"Una marcha, dos documentos"},"content":{"rendered":"<p>El rechazo al gobierno de Macri y los beneficios para los genocidas acerc\u00f3 a las dos corrientes de organismos de derechos humanos. Habr\u00e1 dos columnas pero un mismo escenario. \u201cConvocamos juntos porque tenemos muy claro el enemigo\u201d, asegur\u00f3 Taty Almeida.<\/p>\n<p>A cuatro d\u00edas del 24 de marzo, los organismos de Derechos Humanos consensuaron realizar una sola marcha para repudiar el \u00faltimo golpe c\u00edvico militar y para reclamar a la alianza gobernante que \u201cpare la mano\u201d. Abuelas de Plaza de Mayo, Madres L\u00ednea Fundadora y el Encuentro Memoria, Verdad y Justicia, entre otros, acordaron que el punto de reuni\u00f3n ser\u00e1 en Piedras y Avenida de Mayo, a las 13, desde donde se movilizar\u00e1n hasta el \u00fanico escenario que se instalar\u00e1 a la altura de la Pir\u00e1mide de Plaza de Mayo, donde se leer\u00e1n dos documentos. Todav\u00eda restaba saber en qu\u00e9 condiciones se encontrar\u00e1 la plaza, ya que el gobierno porte\u00f1o prometi\u00f3 llegar con las refacciones antes de la fecha para permitir la manifestaci\u00f3n.<\/p>\n<p>A 42 a\u00f1os del golpe de Estado, Taty Almeida, referente de Madres L\u00ednea Fundadora, confirm\u00f3 la realizaci\u00f3n de una movilizaci\u00f3n conjunta: \u201cEstamos convocando juntos con Encuentro y otros organismos para demostrar unidad, porque tenemos muy claro qui\u00e9n es el enemigo\u201d. Almeida agreg\u00f3, adem\u00e1s, que los organismos convocantes se sacar\u00e1n una foto en la Plaza de Mayo el d\u00eda anterior de la marcha, a las 11:30. \u201cRealmente es muy importante (la unificaci\u00f3n de la convocatoria) porque las medidas que este gobierno est\u00e1 tomando nos afectan a todos\u201d, complet\u00f3 en declaraciones radiales.<\/p>\n<p>Abuelas, L\u00ednea Fundadora y el Encuentro Memoria, Verdad y Justicia, que integra la Asociaci\u00f3n de Ex Detenidos Desaparecidos, subrayaron a trav\u00e9s de un comunicado que \u201cel llamado a la unidad resulta necesario por el reclamo de la libertad de las presas y presos pol\u00edticos y para denunciar los retrocesos en las pol\u00edticas de Estado de Memoria, Verdad y Justicia, la lentitud en los procesos judiciales y la pretensi\u00f3n del Gobierno del otorgamiento indiscriminado de las domiciliarias a los genocidas\u201d.<\/p>\n<p>El pr\u00f3ximo s\u00e1bado se marchar\u00e1 por los 30 mil desaparecidos, pero adem\u00e1s se incluyeron consignas contra el ajuste, los despidos y los \u201cretrocesos en los derechos humanos\u201d durante la gesti\u00f3n del Mauricio Macri. \u201cEste gobierno, todos los d\u00edas, por un motivo u otro, viola los derechos humanos, por eso vamos a estar todos juntos, sin partidismos, exigiendo a este gobierno que pare la mano\u201d, subray\u00f3 ayer Almeida, quien afirm\u00f3 que se siente convocada \u201cpor la injusticia que estamos viviendo, porque derechos humanos es todo, es la falta de trabajo, la desaparici\u00f3n forzada seguida de muerte de Santiago Maldonado, los asesinatos de Rafael Nahuel y Facundo (Ferreira) en Tucum\u00e1n\u201d. Luego, al hacer referencia a su caso personal, agreg\u00f3: \u201cSi estuviera mi (hijo) Alejandro con los 30 mil (desaparecidos) tambi\u00e9n estar\u00edan all\u00ed. Por eso es tan importante que estemos presentando batalla, exigiendo justicia legal, jam\u00e1s por mano propia\u201d.<\/p>\n<p>Desde el EMVyJ, vinculado a los partidos pol\u00edticos de izquierda, lanzaron ayer la convocatoria con las siguientes consignas:<\/p>\n<p>A 42 a\u00f1os del golpe, ning\u00fan genocida en libertad.<br \/>\nJusticia por Santiago Maldonado y Rafael Nahuel.<br \/>\nNo a la \u201cdoctrina Chocobar\u201d y el gatillo f\u00e1cil.<br \/>\nBasta de ajuste y represi\u00f3n del gobierno nacional y los gobernadores.<br \/>\nLibertad a los presos pol\u00edticos. No a la persecuci\u00f3n a Arakaki, Ponce y Romero. Cierre de las causas a las luchadoras y luchadores.<br \/>\nAparici\u00f3n con vida de Jorge Julio L\u00f3pez.<br \/>\nApertura de todos los archivos. Restituci\u00f3n de los j\u00f3venes apropiados.<br \/>\nPor todos los derechos de las mujeres.<br \/>\nBasta de entrega. No al pago de la deuda externa.<\/p>\n<p>De todas maneras, todav\u00eda la posibilidad de una marcha totalmente unificada de todos los organismos genera resistencias, incluso en este contexto. Desde el Partido Obrero, integrante del Frente de Izquierda y los Trabajadores (FIT), buscaron tomar distancia y \u201cprecisaron\u201d que pese a que el escenario ser\u00e1 el mismo y la convocatoria es conjunta, el 24 habr\u00e1 \u201cdos actos y dos documentos\u201d.<\/p>\n<h6>Fuente: P\u00e1gina 12<\/h6>\n","protected":false},"excerpt":{"rendered":"<p>El rechazo al gobierno de Macri y los beneficios para los genocidas acerc\u00f3 a las dos corrientes de organismos de derechos humanos. Habr\u00e1 dos columnas pero un mismo escenario.<\/p>\n","protected":false},"author":2,"featured_media":74410,"comment_status":"closed","ping_status":"closed","sticky":false,"template":"","format":"standard","meta":{"footnotes":""},"categories":[8],"tags":[21],"class_list":["post-74409","post","type-post","status-publish","format-standard","has-post-thumbnail","hentry","category-informe-nacional","tag-argentina"],"_links":{"self":[{"href":"http:\/\/argentinamunicipal.com.ar\/argentina\/wp-json\/wp\/v2\/posts\/74409","targetHints":{"allow":["GET"]}}],"collection":[{"href":"http:\/\/argentinamunicipal.com.ar\/argentina\/wp-json\/wp\/v2\/posts"}],"about":[{"href":"http:\/\/argentinamunicipal.com.ar\/argentina\/wp-json\/wp\/v2\/types\/post"}],"author":[{"embeddable":true,"href":"http:\/\/argentinamunicipal.com.ar\/argentina\/wp-json\/wp\/v2\/users\/2"}],"replies":[{"embeddable":true,"href":"http:\/\/argentinamunicipal.com.ar\/argentina\/wp-json\/wp\/v2\/comments?post=74409"}],"version-history":[{"count":0,"href":"http:\/\/argentinamunicipal.com.ar\/argentina\/wp-json\/wp\/v2\/posts\/74409\/revisions"}],"wp:featuredmedia":[{"embeddable":true,"href":"http:\/\/argentinamunicipal.com.ar\/argentina\/wp-json\/wp\/v2\/media\/74410"}],"wp:attachment":[{"href":"http:\/\/argentinamunicipal.com.ar\/argentina\/wp-json\/wp\/v2\/media?parent=74409"}],"wp:term":[{"taxonomy":"category","embeddable":true,"href":"http:\/\/argentinamunicipal.com.ar\/argentina\/wp-json\/wp\/v2\/categories?post=74409"},{"taxonomy":"post_tag","embeddable":true,"href":"http:\/\/argentinamunicipal.com.ar\/argentina\/wp-json\/wp\/v2\/tags?post=74409"}],"curies":[{"name":"wp","href":"https:\/\/api.w.org\/{rel}","templated":true}]}}