{"id":74556,"date":"2018-03-23T06:38:28","date_gmt":"2018-03-23T09:38:28","guid":{"rendered":"http:\/\/argentinamunicipal.com.ar\/argentina\/?p=74556"},"modified":"2018-03-23T06:38:28","modified_gmt":"2018-03-23T09:38:28","slug":"duro-comunicado-del-peronismo-nacional-tras-plenario-pj-espera-pais-arranque","status":"publish","type":"post","link":"http:\/\/argentinamunicipal.com.ar\/argentina\/duro-comunicado-del-peronismo-nacional-tras-plenario-pj-espera-pais-arranque\/","title":{"rendered":"Duro comunicado del peronismo nacional tras el plenario: \u201cEl PJ espera que el pa\u00eds arranque\u201d"},"content":{"rendered":"<p>En el d\u00eda de hoy se reuni\u00f3 el plenario del Consejo Nacional del Partido Justicialista para continuar e instaurar formalmente el llamado a la unidad. En ese marco, se emiti\u00f3 un fuerte escrito que critica la gesti\u00f3n del gobierno de Mauricio Macri .<\/p>\n<p>La sede porte\u00f1a de Matheu al 130, en el barrio de Once, fue el sitio donde dirigentes del\u00a0PJse encontraron para discutir y debatir la actualidad nacional, llamando a la unidad del partido. Encabezada por el presidente del peronismo nacional,\u00a0Jos\u00e9 Luis Gioja, \u00a0durante la reuni\u00f3n se redact\u00f3 un documento que expresa una visi\u00f3n pesimista de la actualidad: \u201cel pa\u00eds no arranc\u00f3\u201d.<\/p>\n<p>Los salarios perdieron la carrera contra la inflaci\u00f3n, se limitan las paritarias y se evitan las cl\u00e1usulas de ajuste, para compensar las p\u00e9rdidas del poder adquisitivo, explica el comunicado del PJ.<br \/>\nEl escrito afirma tambi\u00e9n que \u201cla\u00a0crisis econ\u00f3mico-social\u00a0y el consiguiente aumento de la\u00a0pobreza\u00a0tiene sus causas en pol\u00edticas inspiradas en formas de\u00a0neoliberalismo\u00a0que consideran a las ganancias y a las leyes de mercado como par\u00e1metros absolutos en detrimento de la dignidad de las personas y de los pueblos\u201d.<\/p>\n<p>El an\u00e1lisis del plenario se ancl\u00f3 en la situaci\u00f3n social que muchos ciudadanos sufren como consecuencia de los despidos: \u201cEl Gobierno carece de una\u00a0pol\u00edtica laboral\u00a0seria, que incluya en las discusiones al sector del\u00a0trabajo, desde\u00f1a al\u00a0sector gremial, y pareciera que toma decisiones en combinaci\u00f3n con los empleadores \u00b4amigos\u00b4. Los\u00a0salarios\u00a0perdieron la carrera contra la\u00a0inflaci\u00f3n, se limitan las\u00a0paritarias\u00a0y se evitan las cl\u00e1usulas de\u00a0ajuste, para compensar las p\u00e9rdidas del\u00a0poder adquisitivo\u201d.<\/p>\n<p>Finalmente, el documento busca instar a la\u00a0unidad\u00a0como carta para pelear en el pr\u00f3ximo a\u00f1o la direcci\u00f3n del Pa\u00eds y tambi\u00e9n de la Provincia: \u201cpreocupa el crecimiento de la\u00a0pobreza, la\u00a0desigualdad\u00a0y la\u00a0exclusi\u00f3n, y en eso, este\u00a0Consejo Nacional del Partido Justicialista, a pedido de sus bases, siente la obligaci\u00f3n de solicitarle al conjunto del\u00a0Movimiento Peronista\u00a0que dejemos de lado los resquemores y nos ocupemos, todos juntos, de organizar nuestra enorme y rica diversidad interna, sin sectarismos ni exclusiones, sacando lo mejor de cada compa\u00f1ero y compa\u00f1era, para ponerle freno a este gobierno y hacerle ver que hay que modificar el rumbo\u201d.<\/p>\n<p>Adem\u00e1s del presidente del\u00a0PJ\u00a0asistieron tambi\u00e9n la gobernadora de\u00a0Catamarca,\u00a0Luc\u00eda Corpacci; el vicegobernador y titular del PJ santiague\u00f1o,\u00a0Jos\u00e9 Emilio Neder; el senador nacional y ex gobernador de\u00a0Tucum\u00e1n,\u00a0Jos\u00e9 Alperovich; el ex mandatario de\u00a0Jujuy,\u00a0Eduardo Fellner; el ex candidato a senador nacional,\u00a0Jorge Taiana;\u00a0el riojano\u00a0Luis Beder Herrera;\u00a0los gremialistas\u00a0V\u00edctor Santa Mar\u00eda\u00a0y\u00a0Antonio Cal\u00f3;\u00a0Daniel Scioli\u00a0y tambi\u00e9n los randazzistas\u00a0Juan Abal Medina\u00a0y\u00a0Fernando \u00abChino\u00bb Navarro.<\/p>\n<p>A su vez, cabe destacar la presencia de los intendentes bonaerenses\u00a0Gustavo Men\u00e9ndez(Merlo),\u00a0Mariano Cascallares\u00a0(Almirante Brown),\u00a0Leonardo Nardini\u00a0(Malvinas Argentinas) y\u00a0Ver\u00f3nica Magario\u00a0(La Matanza) acompa\u00f1ada de\u00a0Fernando Espinoza.<\/p>\n<h6>Fuetne: InfoCielo<\/h6>\n<p>&nbsp;<\/p>\n","protected":false},"excerpt":{"rendered":"<p>En el d\u00eda de hoy se reuni\u00f3 el plenario del Consejo Nacional del Partido Justicialista para continuar e instaurar formalmente el llamado a la unidad. En ese marco, se emiti\u00f3 un fuerte escrito que critica la gesti\u00f3n del gobierno de Mauricio Macri .<\/p>\n","protected":false},"author":2,"featured_media":74557,"comment_status":"closed","ping_status":"closed","sticky":false,"template":"","format":"standard","meta":{"footnotes":""},"categories":[8],"tags":[21],"class_list":["post-74556","post","type-post","status-publish","format-standard","has-post-thumbnail","hentry","category-informe-nacional","tag-argentina"],"_links":{"self":[{"href":"http:\/\/argentinamunicipal.com.ar\/argentina\/wp-json\/wp\/v2\/posts\/74556","targetHints":{"allow":["GET"]}}],"collection":[{"href":"http:\/\/argentinamunicipal.com.ar\/argentina\/wp-json\/wp\/v2\/posts"}],"about":[{"href":"http:\/\/argentinamunicipal.com.ar\/argentina\/wp-json\/wp\/v2\/types\/post"}],"author":[{"embeddable":true,"href":"http:\/\/argentinamunicipal.com.ar\/argentina\/wp-json\/wp\/v2\/users\/2"}],"replies":[{"embeddable":true,"href":"http:\/\/argentinamunicipal.com.ar\/argentina\/wp-json\/wp\/v2\/comments?post=74556"}],"version-history":[{"count":0,"href":"http:\/\/argentinamunicipal.com.ar\/argentina\/wp-json\/wp\/v2\/posts\/74556\/revisions"}],"wp:featuredmedia":[{"embeddable":true,"href":"http:\/\/argentinamunicipal.com.ar\/argentina\/wp-json\/wp\/v2\/media\/74557"}],"wp:attachment":[{"href":"http:\/\/argentinamunicipal.com.ar\/argentina\/wp-json\/wp\/v2\/media?parent=74556"}],"wp:term":[{"taxonomy":"category","embeddable":true,"href":"http:\/\/argentinamunicipal.com.ar\/argentina\/wp-json\/wp\/v2\/categories?post=74556"},{"taxonomy":"post_tag","embeddable":true,"href":"http:\/\/argentinamunicipal.com.ar\/argentina\/wp-json\/wp\/v2\/tags?post=74556"}],"curies":[{"name":"wp","href":"https:\/\/api.w.org\/{rel}","templated":true}]}}