{"id":74559,"date":"2018-03-23T06:45:02","date_gmt":"2018-03-23T09:45:02","guid":{"rendered":"http:\/\/argentinamunicipal.com.ar\/argentina\/?p=74559"},"modified":"2018-03-23T06:45:02","modified_gmt":"2018-03-23T09:45:02","slug":"todos-los-genocidas-van-al-paraiso","status":"publish","type":"post","link":"http:\/\/argentinamunicipal.com.ar\/argentina\/todos-los-genocidas-van-al-paraiso\/","title":{"rendered":"Todos los genocidas van al para\u00edso"},"content":{"rendered":"<p>El represor Gustavo Diedrichs, condenado por m\u00e1s de 800 delitos de lesa humanidad, cumple prisi\u00f3n domiciliaria en el hermoso valle de Traslasierra, C\u00f3rdoba. El pueblo de San Javier repudi\u00f3 su presencia con un escrache hist\u00f3rico. Infonews estuvo ah\u00ed.<\/p>\n<p>San Javier \u2013 Yacanto, provincia de C\u00f3rdoba.\u00a0Una casa con galer\u00eda en el medio de un predio de algarrobos a\u00f1ejos, pasto corto y ligustrinas prolijamente podadas. Un perro con collar y al fondo, una pelopincho. Alrededor, un arroyo de agua cristalina que baja de las sierras de Los Comechingones y casonas se\u00f1oriales del siglo XIX.\u00a0Para la Justicia argentina ese lugar es una c\u00e1rcel, la del genocida Gustavo Diedrichs.<\/p>\n<p>Los vecinos se enteraron que el represor viv\u00eda entre ellos en enero pasado. La presencia de un\u00a0m\u00f3vil de Gendarmer\u00eda\u00a0en medio de la temporada tur\u00edstica les llam\u00f3 la atenci\u00f3n. Fue una adolescente quien se encarg\u00f3 de preguntar a uno de los uniformados qu\u00e9 estaban haciendo en San Javier.<\/p>\n<p>\u201cEllos mismos dicen que est\u00e1n custodiando a un condenado por delitos de lesa humanidad\u00a0porque como no hay se\u00f1al telef\u00f3nica no le pueden poner la pulsera electr\u00f3nica que detecta sus movimientos. Entonces hasta que resolvieran ese problema, iban a estar en consigna en la casa\u201d, relat\u00f3 en di\u00e1logo con\u00a0Infonews,\u00a0Federico Iribarren, concejal de San Javier por Nuevo Encuentro e integrante de la\u00a0Comisi\u00f3n de Derechos Humanos por la Memoria, la Verdad y la Justicia de Traslasierra.<\/p>\n<p>Ni lentos ni perezosos, decidieron seguir a los gendarmes hasta la casa \u201cLa merced\u201d. Despu\u00e9s de algunas averiguaciones, confirmaron que se trataba de una vivienda de descanso que la familia Diedrichs posee desde finales de los \u201970. La hija, su yerno &#8211; hijo de otro ex militar- y los nietos del represor viven en frente. \u201cSon lefebvristas, por supuesto reivindican el accionar de las FF.AA y son negacionistas del Holocausto. Dan en el perfil\u201d, precis\u00f3 el edil.<\/p>\n<p>&nbsp;<\/p>\n<p>Con esa informaci\u00f3n, la Comisi\u00f3n se puso en contacto con H.I.J.O.S. C\u00f3rdoba y as\u00ed cerraron el c\u00edrculo: a mitad de diciembre el\u00a0Tribunal Oral Federal de La Plata\u00a0le hab\u00eda concedido el beneficio de la prisi\u00f3n domiciliaria por edad \u2013 tiene 78 a\u00f1os- y cuestiones de salud.<\/p>\n<p>El Le\u00f3n o Von Diedrichs &#8211; apodos que figuran en el fallo condenatorio &#8211; fue jefe de la Secci\u00f3n Pol\u00edtica del Destacamento de Inteligencia 141. \u201cSe comprob\u00f3 que\u00a0confeccion\u00f3 el listado de las personas a ser secuestradas el 24 de marzo del \u201976y era el que\u00a0dirig\u00eda directamente los campos de concentraci\u00f3n La Perla\u00a0(el m\u00e1s grande de C\u00f3rdoba) y\u00a0de la Ribera\u201d, detall\u00f3 en charla con este medio\u00a0Claudio Orosz, abogado de H.I.J.O.S y querellante en la megacausa \u201cLa Perla\u201d.<\/p>\n<p>En ese juicio de lesa humanidad, el Tribunal Oral en lo Criminal Federal N\u00b01 de C\u00f3rdoba conden\u00f3 a Diedrichs a prisi\u00f3n perpetua por\u00a0224 secuestros, 412 torturas, 48 homicidios, 211 desapariciones forzadas seguidas de muerte y la desaparici\u00f3n del nieto de la Abuela Sonia Torres. Su sentencia no est\u00e1 firme a casi dos a\u00f1os del fallo como la de la mayor\u00eda de los presos comunes que llenan las c\u00e1rceles argentinas.<\/p>\n<p>\u201cAlerta a los vecinos, al lado de su casa est\u00e1 viviendo un asesino\u201d<br \/>\n\u201cPrimero no quisimos levantar la perdiz para que no se sintiera controlado y ver si cumpl\u00eda la domiciliaria.\u00a0Lo vimos en el jard\u00edn, pero nunca afuera.\u00a0Si cruz\u00f3 la calle para comerse un asado en lo del yerno, no sabemos. Lo puede haber hecho una y mil veces\u201d, consider\u00f3 Iribarren.<\/p>\n<p>Finalmente, decidieron rodearlo y escracharlo para que sepa que no es bienvenido en el pueblo. El repudio fue generalizado. \u201cEmpezamos a hablar con todos los vecinos que lo circundan para hacerle un c\u00edrculo de baba.\u00a0Muchos, inclusive los que apoyan a este Gobierno nacional, expresaron indignaci\u00f3n y estupor\u00a0al saber que una persona con esa cantidad de delitos cometidos pudiera estar viviendo ac\u00e1 en una casa\u00bb, detall\u00f3 el edil, quien anticip\u00f3 que pedir\u00e1 que el Concejo municipal declare al ex capit\u00e1n del Ej\u00e9rcito\u00a0persona no grata\u00a0en San Javier.<\/p>\n<p>\u00abA donde vayan los iremos a buscar\u00bb<br \/>\nSan Javier &#8211; Yacanto es un municipio chico, de alrededor de\u00a04 mil habitantes. Si bien registr\u00f3 en los \u00faltimos a\u00f1os un \u00e9xodo importante de porte\u00f1os, bonaerenses y santafesinos, los lugare\u00f1os conservan su idiosincracia. \u00abA la gente de ac\u00e1 le da verg\u00fcenza exponerse.\u00a0Hay mucho prurito de mostrarse con una pancarta, no hay costumbre de marchar como en las grandes ciudades\u00bb, coment\u00f3 este mi\u00e9rcoles\u00a0M\u00f3nica Pi\u00f1eiro, integrante de la Comisi\u00f3n de DD.HH, antes de que comenzara el escrache.<\/p>\n<p>La convocatoria de la marcha fue hist\u00f3rica para la zona.<\/p>\n<p>Pero, para sorpresa de muchos, el pueblo sali\u00f3 a la calle y protagoniz\u00f3 una movilizaci\u00f3n in\u00e9dita en la zona:\u00a0m\u00e1s de 500 personas participaron activamente del escrache a Diedrichs. A partir de las 16, vecinos solos, grupos de adolescentes, familias con ni\u00f1os, representantes de partidos pol\u00edticos y miembros de organizaciones pol\u00edticas y sociales se fueron acercando a la pintoresca plaza del pueblo, donde la gente de H.I.J.O.S. hab\u00eda montado una radio abierta.<\/p>\n<p>Un momento emotivo lo marc\u00f3 el arribo de un\u00a0micro doble piso con miembros de Ex Presos Pol\u00edticos, H.I.J.O.S, Familiares de Desaparecidos y Abuelas de Plaza de Mayo\u00a0que viajaron desde C\u00f3rdoba capital. A medida que fueron bajando, muchos se estrecharon en abrazos con sus viejos compa\u00f1eros de lucha que ahora viven en Traslasierra. Aunque el motivo era una injusticia, el encuentro gener\u00f3 alegr\u00eda.<\/p>\n<p>La marcha continu\u00f3 por calle de tierra.<\/p>\n<p>La jornada continu\u00f3 con\u00a0una marcha de cuatro kil\u00f3metros\u00a0(que la mayor\u00eda camin\u00f3 de regreso tambi\u00e9n) por la ruta provincial 14 hasta la casa donde cumple condena Diedrichs. En el camino, se repartieron panfletos informativos con la foto del genocida y los cr\u00edmenes que cometi\u00f3. Las tranqueras, los buzones y las vidrieras de los negocios se llenaron de ellos.\u00a0Adem\u00e1s, cada 500 metros se\u00a0se\u00f1aliz\u00f3 con\u00a0carteles que informan la distancia hasta la morada del represor. Todos los vecinos est\u00e1n avisados ahora.<\/p>\n<p>Al llegar a la casa, las expresiones de indignaci\u00f3n se multiplicaron.\u00a0\u00ab\u00a1Asesino!\u00bb\u00a0fue el grito que sali\u00f3 de las entra\u00f1as de la multitud transerrana, que carga en su propia memoria con\u00a0trece j\u00f3venes desaparecidos\u00a0y la historia de muchos sobrevivientes. \u00abA los 21 me secuestraron y estuve tres meses en el Vesubio, un campo de concentraci\u00f3n bajo las \u00f3rdenes de Camps.\u00a0Estaba embarazada de tres meses. Mi hijo naci\u00f3 en la c\u00e1rcel de Devoto\u00bb, record\u00f3 M\u00f3nica, que desde que lleg\u00f3 a vivir al valle milita por todas las problem\u00e1ticas de Derechos Humanos que se crucen en su camino.<\/p>\n<p>Afuera de la casa, la multitud manifest\u00f3 la indignaci\u00f3n.<\/p>\n<p>Como la Justicia sentencia pero en algunos casos no castiga, la condena social que significan los escraches es fundamental. \u00abLa Ley de V\u00edctimas que sancion\u00f3 el Congreso el a\u00f1o pasado autoriza a las v\u00edctimas directas a ser informadas y a verter su opini\u00f3n sobre los beneficios que piden estos genocidas\u00a0condenados y procesados, pero\u00a0no est\u00e1 sucediendo. El Tribunal Oral Federal de La Plata que le dio la domiciliaria a Diedrichs no consult\u00f3 a las v\u00edctimas de C\u00f3rdoba\u00bb, explic\u00f3 el penalista Orosz.<\/p>\n<p>Si bien el clima judicial no ayuda y en las \u00faltimas semanas se conocieron\u00a0listados del Servicio Penintenciario Federal\u00a0con m\u00e1s de cien presos de lesa humanidad que podr\u00edan recibir libertad condicional o prisi\u00f3n domiciliaria, los vecinos de San Javier cuentan tambi\u00e9n con un\u00a0antecedente en el que fue clave la presi\u00f3n popular. Como dese\u00f3 M\u00f3nica, \u00abojal\u00e1 que pase como con Etchecolatz\u00bb.<\/p>\n","protected":false},"excerpt":{"rendered":"<p>El represor Gustavo Diedrichs, condenado por m\u00e1s de 800 delitos de lesa humanidad, cumple prisi\u00f3n domiciliaria en el hermoso valle de Traslasierra, C\u00f3rdoba. <\/p>\n","protected":false},"author":2,"featured_media":74560,"comment_status":"closed","ping_status":"closed","sticky":false,"template":"","format":"standard","meta":{"footnotes":""},"categories":[8],"tags":[21],"class_list":["post-74559","post","type-post","status-publish","format-standard","has-post-thumbnail","hentry","category-informe-nacional","tag-argentina"],"_links":{"self":[{"href":"http:\/\/argentinamunicipal.com.ar\/argentina\/wp-json\/wp\/v2\/posts\/74559","targetHints":{"allow":["GET"]}}],"collection":[{"href":"http:\/\/argentinamunicipal.com.ar\/argentina\/wp-json\/wp\/v2\/posts"}],"about":[{"href":"http:\/\/argentinamunicipal.com.ar\/argentina\/wp-json\/wp\/v2\/types\/post"}],"author":[{"embeddable":true,"href":"http:\/\/argentinamunicipal.com.ar\/argentina\/wp-json\/wp\/v2\/users\/2"}],"replies":[{"embeddable":true,"href":"http:\/\/argentinamunicipal.com.ar\/argentina\/wp-json\/wp\/v2\/comments?post=74559"}],"version-history":[{"count":0,"href":"http:\/\/argentinamunicipal.com.ar\/argentina\/wp-json\/wp\/v2\/posts\/74559\/revisions"}],"wp:featuredmedia":[{"embeddable":true,"href":"http:\/\/argentinamunicipal.com.ar\/argentina\/wp-json\/wp\/v2\/media\/74560"}],"wp:attachment":[{"href":"http:\/\/argentinamunicipal.com.ar\/argentina\/wp-json\/wp\/v2\/media?parent=74559"}],"wp:term":[{"taxonomy":"category","embeddable":true,"href":"http:\/\/argentinamunicipal.com.ar\/argentina\/wp-json\/wp\/v2\/categories?post=74559"},{"taxonomy":"post_tag","embeddable":true,"href":"http:\/\/argentinamunicipal.com.ar\/argentina\/wp-json\/wp\/v2\/tags?post=74559"}],"curies":[{"name":"wp","href":"https:\/\/api.w.org\/{rel}","templated":true}]}}