{"id":74592,"date":"2018-03-23T06:24:52","date_gmt":"2018-03-23T09:24:52","guid":{"rendered":"http:\/\/argentinamunicipal.com.ar\/argentina\/?p=74592"},"modified":"2018-03-23T07:26:23","modified_gmt":"2018-03-23T10:26:23","slug":"segun-observatorio-empleo-una-tendencia-al-crecimiento-la-informalidad","status":"publish","type":"post","link":"http:\/\/argentinamunicipal.com.ar\/argentina\/segun-observatorio-empleo-una-tendencia-al-crecimiento-la-informalidad\/","title":{"rendered":"Seg\u00fan el Observatorio de empleo, hay una tendencia al crecimiento de la informalidad"},"content":{"rendered":"<p>Los asalariados registrados privados son los que menos crecen con un ritmo del 1,3%, por lo que pierden participaci\u00f3n en el total, y reci\u00e9n alcanzaron a recuperar los niveles de hace dos a\u00f1os, dice el informe.<\/p>\n<p>El empleo viene mostrando se\u00f1ales de expansi\u00f3n de la mano de los monotributistas y los empleados de casas particulares mientras que los asalariados formales se expanden a marcha m\u00e1s lenta, lo que configura un escenario de precarizaci\u00f3n, indic\u00f3 hoy un estudio acad\u00e9mico.<\/p>\n<p>Esa situaci\u00f3n configura una tendencia de crecimiento de precarizaci\u00f3n laboral en paralelo a un aumento de la informalidad, se\u00f1al\u00f3 este jueves el Observatorio de Empleo, Producci\u00f3n y Comercio Exterior (ODEP).<\/p>\n<p>El ODEP, de la Universidad Metropolitana para la Educaci\u00f3n y el Trabajo (UMET), public\u00f3 un nuevo informe titulado \u00abS\u00edntomas de Precarizaci\u00f3n del Mercado Laboral\u00bb, en el que analiza el mercado de trabajo durante cuarto trimestre del 2017.<\/p>\n<p>El aumento del empleo privado est\u00e1 motorizado por los monotribustistas que crecen al 7,4% y asalariados de casas particulares, con un avance del 4,3%.<\/p>\n<p>Los asalariados registrados privados son los que menos crecen con un ritmo del 1,3%, por lo que pierden participaci\u00f3n en el total, y reci\u00e9n alcanzaron a recuperar los niveles de hace dos a\u00f1os, dice el informe.<\/p>\n<p>Adem\u00e1s, indica que la creaci\u00f3n de empleo privado se concentr\u00f3 en los sectores de menores salarios relativos como la construcci\u00f3n (10,9%); el comercio y reparaciones (1,1%); hoteler\u00eda y gastronom\u00eda (2%).<\/p>\n<p>En contraposici\u00f3n, se destruyeron empleos en sectores cuyos salarios est\u00e1n por encima de la media, cono por ejemplo en la industria (1,6%) y en la explotaci\u00f3n de minas y canteras (3,4%).<\/p>\n<p>El informe concluye que hay una \u00abtendencia al crecimiento de la informalidad y una ca\u00edda en la tasa de asalarizaci\u00f3n\u00bb.<\/p>\n<p>Y se\u00f1ala que los datos proyectan una suba en el trabajo informal (3,8%) que supera al del total de empleos registrados privados (2,2%) y al de los asalariados p\u00fablicos y privados (1,4%) en el cuarto trimestre del 2017.<\/p>\n<p>La ex funcionaria kirchnerista y coordinadora del ODEP, Paula Espa\u00f1ol, dijo que \u00ablo importante es analizar no s\u00f3lo el dato de desocupaci\u00f3n, sino la calidad del empleo. La mayor parte de los nuevos puestos de trabajo del cuarto trimestre corresponden al sector informal o a reg\u00edmenes como el monotributo, lo que es un s\u00edntoma de precarizaci\u00f3n del mercado laboral\u00bb.<\/p>\n<p>Nicol\u00e1s Trotta, rector de la UMET, sostuvo que el crecimiento del empleo registrado est\u00e1 \u00abimpulsado por el aumento en el empleo de menor calidad, por lo que se observa un proceso activo de p\u00e9rdida en derechos laborales\u00bb.<\/p>\n<h6>Fuente: Uno Mendoza<\/h6>\n","protected":false},"excerpt":{"rendered":"<p>Los asalariados registrados privados son los que menos crecen con un ritmo del 1,3%, por lo que pierden participaci\u00f3n en el total, y reci\u00e9n alcanzaron a recuperar los niveles de hace dos a\u00f1os, dice el informe.<\/p>\n","protected":false},"author":2,"featured_media":74593,"comment_status":"closed","ping_status":"closed","sticky":false,"template":"","format":"standard","meta":{"footnotes":""},"categories":[8],"tags":[21],"class_list":["post-74592","post","type-post","status-publish","format-standard","has-post-thumbnail","hentry","category-informe-nacional","tag-argentina"],"_links":{"self":[{"href":"http:\/\/argentinamunicipal.com.ar\/argentina\/wp-json\/wp\/v2\/posts\/74592","targetHints":{"allow":["GET"]}}],"collection":[{"href":"http:\/\/argentinamunicipal.com.ar\/argentina\/wp-json\/wp\/v2\/posts"}],"about":[{"href":"http:\/\/argentinamunicipal.com.ar\/argentina\/wp-json\/wp\/v2\/types\/post"}],"author":[{"embeddable":true,"href":"http:\/\/argentinamunicipal.com.ar\/argentina\/wp-json\/wp\/v2\/users\/2"}],"replies":[{"embeddable":true,"href":"http:\/\/argentinamunicipal.com.ar\/argentina\/wp-json\/wp\/v2\/comments?post=74592"}],"version-history":[{"count":0,"href":"http:\/\/argentinamunicipal.com.ar\/argentina\/wp-json\/wp\/v2\/posts\/74592\/revisions"}],"wp:featuredmedia":[{"embeddable":true,"href":"http:\/\/argentinamunicipal.com.ar\/argentina\/wp-json\/wp\/v2\/media\/74593"}],"wp:attachment":[{"href":"http:\/\/argentinamunicipal.com.ar\/argentina\/wp-json\/wp\/v2\/media?parent=74592"}],"wp:term":[{"taxonomy":"category","embeddable":true,"href":"http:\/\/argentinamunicipal.com.ar\/argentina\/wp-json\/wp\/v2\/categories?post=74592"},{"taxonomy":"post_tag","embeddable":true,"href":"http:\/\/argentinamunicipal.com.ar\/argentina\/wp-json\/wp\/v2\/tags?post=74592"}],"curies":[{"name":"wp","href":"https:\/\/api.w.org\/{rel}","templated":true}]}}