{"id":74610,"date":"2018-03-26T06:50:23","date_gmt":"2018-03-26T09:50:23","guid":{"rendered":"http:\/\/argentinamunicipal.com.ar\/argentina\/?p=74610"},"modified":"2018-03-26T06:50:23","modified_gmt":"2018-03-26T09:50:23","slug":"la-potencia-lo-necesario","status":"publish","type":"post","link":"http:\/\/argentinamunicipal.com.ar\/argentina\/la-potencia-lo-necesario\/","title":{"rendered":"La potencia de lo necesario"},"content":{"rendered":"<p>Hace ya muchos a\u00f1os que los 24 de marzo est\u00e1n marcados en la agenda argentina como una efem\u00e9ride que, en su tipo, no existe en ning\u00fan lado. Absolutamente en ninguno. No, por lo menos, en los alcances de que dispone m\u00e1s all\u00e1 del marcaje de un feriado que de por s\u00ed es sustantivo: \u00bfd\u00f3nde hay un D\u00eda Nacional de la Memoria por la Verdad y la Justicia? \u00a0Dentro de ese recuadro, \u00bfeste 24 tiene algo de particular?<\/p>\n<p>De ser por la marcha, Luis Bruschtein hizo una recorrida tan exacta como conmovedora en su contratapa del viernes en P\u00e1ginaI12. En los primeros a\u00f1os de la democracia, recuerda Luis, a pocos se les ocurr\u00eda que el 24 de marzo pudiera ser una fecha que convocara. Transcurr\u00eda, en efecto, en forma intrascendente. \u201cAlguna radio p\u00fablica en el Obelisco con no m\u00e1s de 500 personas, o actos alusivos en plazas e instituciones\u201d. Pero al cumplirse los 20 a\u00f1os hubo un quiebre. Un domingo. \u201cLa Plaza de Mayo completa fue desbordada por la multitud que lleg\u00f3 sin aparatos sindicales ni pol\u00edticos y sin encuadramientos partidarios, en un d\u00eda de descanso (&#8230;) La masividad sorprendi\u00f3 a los organizadores y fue un mensaje contundente para los que buscaban la puerta trasera del olvido. De all\u00ed en adelante, el 24 de marzo ha sido una especie de cita de honor a pesar de los debates y las diferencias. (\u2026) Nadie puede hacer pol\u00edtica d\u00e1ndole la espalda a este fen\u00f3meno de identidad democr\u00e1tica en la Argentina\u201d. De hecho y aun cuando se lo observe como una muestra suprema de cinismo, Macri debi\u00f3 afirmar en Mendoza \u2013apenas iniciado su discurso durante la asamblea del BID, nada menos\u2013 que es momento de decir todos juntos \u201cNunca M\u00e1s\u201d al terrorismo de Estado. Y quiz\u00e1s haya sido la primera vez en que se le escuch\u00f3 decir \u201cdictadura militar\u201d. C\u00edvico-militar te la debo, pero al tratarse de quien se trata vale m\u00e1s el significado que el significante.<\/p>\n<p>Cita de honor. Eso. El honor que jam\u00e1s tendr\u00e1n los sectores propicios o ya indiferentes ante la dictadura, tanto en modo activo como olvidadizo porque en esto no hay medias tintas. Quienes pretenden que los dejen de joder con lo que pas\u00f3 hace 42 a\u00f1os son part\u00edcipes pasivos, en el mejor de los casos, de lo reproducido y reproducible en los gobiernos que hoy expresan los mismos intereses que las juntas militares.<\/p>\n<p>Y por fuera de la marcha propiamente dicha, hay los pibes y los docentes y algunos o muchos directores de escuelas que rememoran y explican lo ocurrido aprovechando el feriado que por algo es, y la actividad incrementada en las redes, y las convocatorias a no olvidarse as\u00ed sea desde grupos reducidos de militancia. La trampa es caer en la pregunta de si acaso no son una minor\u00eda, como si el centro no fuese que el activismo irrenunciable de esas franjas es la garant\u00eda de un obst\u00e1culo permanente para los repetidores de la historia.<\/p>\n<p>La doctrina Chocobar; la probabilidad de prisi\u00f3n domiciliaria para represores bajo la leg\u00edtima excusa de que les corresponde la igualdad ante la ley; el derecho burocr\u00e1tico a dar clases de una apologista del terrorismo de Estado; la persecuci\u00f3n medi\u00e1tico-judicial a dirigentes opositores que poco a poco debe ir retrocediendo porque el esc\u00e1ndalo precisamente jur\u00eddico es inocultable, nutren una atm\u00f3sfera de la que pueden sacarse conclusiones nada antit\u00e9ticas. Son complementarias, en verdad. Por un lado, los medios y comunicadores oficialistas pregonan pol\u00e9micas acerca de, justamente, el imperio de la ley. \u00bfPor qu\u00e9 Cecilia Pando no podr\u00eda dar clases si es maestra con t\u00edtulo, y apenas se remitir\u00eda al programa de estudios en lugar de bajar l\u00ednea sobre lo fant\u00e1stico que, dadas las circunstancias, fue el robo de beb\u00e9s? \u00bfPor qu\u00e9 no le corresponder\u00edan al Angel de la Muerte las mismas prerrogativas que al com\u00fan de los mortales (aunque ni siquiera el mismo monstruo haya solicitado condiciones especiales para su controlado estado de salud)? Correcto, formalmente, si quisiera hacerse un esfuerzo de lectura as\u00e9ptica. Pero esto no es cuesti\u00f3n de formalidades o bien, aun incluy\u00e9ndolas, cualquier an\u00e1lisis pol\u00edtico que se precie de serio toma en cuenta el escenario general. Esto es, un clima de \u00e9poca o etapa en el que queda habilitado hablar de los derechos de Pando &amp; C\u00eda. \u2013o Compa\u00f1\u00eda y Pando, es m\u00e1s adecuado\u2013 como si no hubiera contexto. El l\u00edmite de esa trama est\u00e1 puesto por el universo efectivo y simb\u00f3lico de quienes se movilizaron el s\u00e1bado, en pr\u00e1cticamente todo el pa\u00eds, si bien los medios de alcance nacional s\u00f3lo dieron cuenta de la Plaza de Mayo. Y es all\u00ed donde la condici\u00f3n num\u00e9rica pasa a segundo plano por su car\u00e1cter de minor\u00eda intensa e indispensable.<\/p>\n<p>Sirva como ejemplo el asesinato de Rafael Nahuel, sin siquiera pasar por las atrocidades oficiales en el caso Maldonado. Las pruebas efectuadas en el Centro At\u00f3mico Bariloche revelaron que no hab\u00eda rastros de p\u00f3lvora en las manos del joven mapuche muerto por la espalda durante un operativo de Prefectura. \u00bfTendr\u00eda alcance semejante dato si no hubiera subsistido la presi\u00f3n de los imprescindibles para que se continuara investigando? \u00bfS\u00ed? \u00bfEn un gobierno como \u00e9ste?<\/p>\n<p>Como dice Jorge Alem\u00e1n y seg\u00fan lo escribi\u00f3 en su \u00faltimo art\u00edculo para La\u00a0Tecl@\u00a0E\u00f1e, \u201cel 24 no es la resurrecci\u00f3n pero s\u00ed la mostraci\u00f3n en acto de lo que no termina de morir nunca (&#8230;) Lo que no puede ser asesinado del todo est\u00e1 siempre presente, en el n\u00facleo de cualquier proyecto emancipatorio. Por eso este acto, este d\u00eda, es el que supervisa en \u00faltima instancia a todo (el) proyecto pol\u00edtico, el actual y lo que vendr\u00e1 tambi\u00e9n. El homenaje del 24 no celebra nada ni borra el insulto a la Humanidad que se perpetr\u00f3. Pero rememora lo que ahora y siempre nos interpela, el deseo, \u2018que hace que la vida no tenga sentido si produce un cobarde\u2019\u201d.<\/p>\n<p>Desde ya que ni este ni ning\u00fan 24 de marzo celebran algo, pero que cada quien encuentre el verbo o t\u00e9rmino capaz de destacar lo imprescindible de esa marea de gente significativa y juntada para establecer, otra vez, el piso de lo necesario. Los 24 no son construcci\u00f3n pol\u00edtica, es cierto. Sin embargo, nada podr\u00eda construirse si se careciera de un hecho \u00fanico en el mundo y que, as\u00ed como deviene de lo peor que le pas\u00f3 a este pa\u00eds, (re)produjo una gran parte de lo mejor de la sociedad. Sin las Madres, sin las Abuelas, sin los organismos de derechos humanos, sin las organizaciones y luchadores sociales, individuales, intelectuales, nunca agotados en la denuncia del genocidio y de su relaci\u00f3n intr\u00ednseca con el modelo econ\u00f3mico que ahora se disimula o exhibe bajo l\u00edcitas formas democr\u00e1ticas, Argentina ser\u00eda tabla rasa contra la memoria y la justicia. Como lo es en todo el resto de los pa\u00edses que atravesaron etapas de masacre similares, porque flaquean en el aire de movilizaci\u00f3n que s\u00ed tiene \u00e9ste para ofrecer una resistencia no s\u00f3lo ensimismada con la verg\u00fcenza del pasado sino contra sus efectos de presente y futuro.<\/p>\n<p>Ni celebraci\u00f3n ni derrota consumada, entonces, porque \u2013valga uno de esos lugares comunes que a veces son los lugares m\u00e1s adecuados\u2013 se mantiene viva una llama sin la cual, y sin ir m\u00e1s lejos, Astiz podr\u00eda irse tranquilamente a la casa.<\/p>\n<p>Y resulta que no puede.<\/p>\n<p>Por\u00a0Eduardo Aliverti<\/p>\n<h6>Fuente: P\u00e1gina 12<\/h6>\n","protected":false},"excerpt":{"rendered":"<p>Hace ya muchos a\u00f1os que los 24 de marzo est\u00e1n marcados en la agenda argentina como una efem\u00e9ride que, en su tipo, no existe en ning\u00fan lado. Absolutamente en ninguno. <\/p>\n","protected":false},"author":2,"featured_media":74611,"comment_status":"closed","ping_status":"closed","sticky":false,"template":"","format":"standard","meta":{"footnotes":""},"categories":[6],"tags":[21],"class_list":["post-74610","post","type-post","status-publish","format-standard","has-post-thumbnail","hentry","category-opiniones","tag-argentina"],"_links":{"self":[{"href":"http:\/\/argentinamunicipal.com.ar\/argentina\/wp-json\/wp\/v2\/posts\/74610","targetHints":{"allow":["GET"]}}],"collection":[{"href":"http:\/\/argentinamunicipal.com.ar\/argentina\/wp-json\/wp\/v2\/posts"}],"about":[{"href":"http:\/\/argentinamunicipal.com.ar\/argentina\/wp-json\/wp\/v2\/types\/post"}],"author":[{"embeddable":true,"href":"http:\/\/argentinamunicipal.com.ar\/argentina\/wp-json\/wp\/v2\/users\/2"}],"replies":[{"embeddable":true,"href":"http:\/\/argentinamunicipal.com.ar\/argentina\/wp-json\/wp\/v2\/comments?post=74610"}],"version-history":[{"count":0,"href":"http:\/\/argentinamunicipal.com.ar\/argentina\/wp-json\/wp\/v2\/posts\/74610\/revisions"}],"wp:featuredmedia":[{"embeddable":true,"href":"http:\/\/argentinamunicipal.com.ar\/argentina\/wp-json\/wp\/v2\/media\/74611"}],"wp:attachment":[{"href":"http:\/\/argentinamunicipal.com.ar\/argentina\/wp-json\/wp\/v2\/media?parent=74610"}],"wp:term":[{"taxonomy":"category","embeddable":true,"href":"http:\/\/argentinamunicipal.com.ar\/argentina\/wp-json\/wp\/v2\/categories?post=74610"},{"taxonomy":"post_tag","embeddable":true,"href":"http:\/\/argentinamunicipal.com.ar\/argentina\/wp-json\/wp\/v2\/tags?post=74610"}],"curies":[{"name":"wp","href":"https:\/\/api.w.org\/{rel}","templated":true}]}}