{"id":74613,"date":"2018-03-26T06:52:20","date_gmt":"2018-03-26T09:52:20","guid":{"rendered":"http:\/\/argentinamunicipal.com.ar\/argentina\/?p=74613"},"modified":"2018-03-26T06:52:20","modified_gmt":"2018-03-26T09:52:20","slug":"hilo-va-del-8-al-24-marzo","status":"publish","type":"post","link":"http:\/\/argentinamunicipal.com.ar\/argentina\/hilo-va-del-8-al-24-marzo\/","title":{"rendered":"Un hilo que va del 8 al 24 de marzo"},"content":{"rendered":"<p>La presidenta de Abuela de Plaza de Mayo y las dos dirigentes de Madres L\u00ednea Fundadora dicen que los militares las subestimaron por ser mujeres. Manifiestan admiraci\u00f3n por la movilizaci\u00f3n del 8M y se pronuncian por la legalizaci\u00f3n del aborto.<\/p>\n<p>Para Estela Carlotto salir a buscar a su hija y a su nieto no fue una decisi\u00f3n meditada, algo que hubo que pensar. No hab\u00eda opci\u00f3n. Primero se llevaron a Guido, su esposo, su compa\u00f1ero y padre de sus cuatro hijos. As\u00ed que comenz\u00f3 a tocar todas las puertas que pod\u00eda: tribunales, cuarteles, iglesias, las casas de conocidos, amigos de amigos. Guido volvi\u00f3. Y cuando se llevaron a Laura, en ese caso para siempre, sali\u00f3 otra vez. Y all\u00ed se encontr\u00f3 con otras mujeres que buscaban a sus hijos e hijas y a los hijos e hijas de los hijos y las hijas. La primera vez que fue a la Plaza de Mayo para dar vueltas a la Pir\u00e1mide temblaba como una hoja, dice, pero la sostuvieron dos compa\u00f1eras, que la llevaban de los brazos. Iban en grupos de a tres, porque m\u00e1s implicaba violar el estado de sitio: \u201cA nosotras nos llamaron locas, y despu\u00e9s, dec\u00edan, \u2018son mujeres, se van a cansar, se van a ir a la casa a llorar, d\u00e9jenlas que caminen\u2019. Nos dejaron caminar. Su machismo los enga\u00f1\u00f3. La fortaleza de la mujer es tremenda. A veces me pregunto qu\u00e9 madres habr\u00e1n tenido que pensaban que nosotras \u00e9ramos flojas. Se equivocaron de medio a medio\u201d.<\/p>\n<p>Nora Corti\u00f1as recuerda que la decisi\u00f3n de que no fueran los hombres a la plaza estuvo desde el principio, desde que Azucena Villafor propuso, en la vicar\u00eda castrense de Emilio Graselli, donde coincid\u00edan en busca de datos que nunca les daban, reunirse frente a la Casa Rosada. \u201cA los hombres les daba temor que nosotras fu\u00e9ramos protagonistas, pero a veces tambi\u00e9n les deba celos que hayamos pasado de la vida privada a la p\u00fablica. A mi marido a veces le incomodaba, hasta que se acostumbr\u00f3. Se tuvo que acostumbrar. Las Madres \u00e9ramos protagonistas de esta historia. Ellos eran el apoyo.\u201d Nora coincide con Estela acerca del prejuicio que ten\u00edan los militares sobre las mujeres y, por lo tanto, las Madres. \u201cCre\u00edan que \u00e9ramos d\u00e9biles y que despu\u00e9s del secuestro de las Madres \u00edbamos a volver cada una a su casa muertas de miedo. Y no fue as\u00ed. Nosotras tampoco cre\u00edamos que arremeter\u00edan con tanta fuerza. Cuando se llevaron a Azucena Villaflor, a Mari Ponce y Esther Ballestrino de Careaga supimos con crudeza que no \u00e9ramos invulnerables. Fue muy fuerte, se llevaron madres que buscaban a sus hijos. Fue muy duro. Pero inclusive nos aument\u00f3 la fuerza\u201d.<\/p>\n<p>Para Taty Almeida unirse a las Madres no fue f\u00e1cil. Su hijo Alejandro desapareci\u00f3 en 1975 y en su familia eran todos militares. La culpa de todo, para ellos, la ten\u00eda el peronismo. Cuando se dio cuenta de que las Madres eran como ella, todav\u00eda se resist\u00eda, cre\u00eda que iban a pensar que era una esp\u00eda. Hasta que venci\u00f3 sus temores y se acerc\u00f3, como pidiendo disculpas. La recibi\u00f3 Mar\u00eda Adela Antokoletz. \u201cLo \u00fanico que me pregunt\u00f3 fue \u2018\u00bfqui\u00e9n te falta?\u2019. Y me dijo que cada una llegaba cuando era su momento\u201d, cuenta ahora.<\/p>\n<p>Machismo. Feminismo. Patriarcado. No eran palabras que estuvieran en su horizonte cuando salieron a pedir por sus hijos. Se reconoc\u00edan como madres antes que mujeres. Pero fueron sin quererlo tambi\u00e9n una referencia. Y a la vez, con el tiempo, aprendieron de otras mujeres sobre derechos y peleas que aunque no les eran ajenos casi ninguna ten\u00eda presentes.<\/p>\n<p>\u201cLas Madres tuvimos ese doble rol, segu\u00edamos con nuestras \u2018tareas\u2019, las obligaciones, como dec\u00edamos, de amas de casa. Yo por muchos a\u00f1os cre\u00ed que eran obligaciones y despu\u00e9s aprend\u00ed que ten\u00edamos derechos\u201d, cuenta Nora.<\/p>\n<p>\u201cEn mi caso \u2013dice Estela\u2013 me jubil\u00e9 para dedicarme todo el tiempo a buscar a Laura y a mi nieto. Guido ten\u00eda que trabajar y quedarse con Remo, porque los dos chicos m\u00e1s grandes se fueron al exilio. Mi marido se ocupaba de Remo las horas en que yo no estaba. Y en esa \u00e9poca hice viajes muy largos. En el 80 dos Abuelas fuimos por dos meses a Canad\u00e1. Y en el 81 por dos meses a Europa. La vida de Remo no fue f\u00e1cil, porque Guido estaba solo y ten\u00eda una enfermedad agravada por su secuestro.\u201d<\/p>\n<p>Estela fue maestra y directora de escuela. Dice que las Madres y las Abuelas pertenecen a una generaci\u00f3n que, en muchos casos, antes de convertirse en Madres y Abuelas, ya hab\u00eda desafiado el mandato de quedarse en la casa. \u201cYo fui a la Misericordia y quiero mucho a las monjas, pero ellas nos dec\u00edan: \u2018cuando se casen y tengan hijos tienen que esperar a los maridos bien arregladitas y pintaditas porque el hombre viene cansado, los hijos comiditos y dormidos y ustedes a atenderlos. Nosotras salimos, trabajamos. Muchas Abuelas eran profesionales, docentes, empleadas. Pero era mitad y mitad. Porque tambi\u00e9n hab\u00edamos aprendido a coser, a bordar, a limpiar la casa. Ten\u00edamos una crianza de sometimiento al hombre. Y tambi\u00e9n hubo Abuelas a las que los maridos les dec\u00edan que ten\u00edan que estar en la casa. En mi caso, una vez le dije a Guido que no iba a ir m\u00e1s, porque me parec\u00eda que faltaba y \u00e9l me dijo que no, que las Abuelas me necesitaban\u201d.<\/p>\n<p>\u201c\u00bfSi mi marido cambiaba pa\u00f1ales?, pero noooo \u2013se sorprende Taty\u2013, los chicos com\u00edan temprano para que cuando llegara el padre estuviera todo en orden. Por suerte esas cosas han cambiado. Creo que hay un cambio que operamos las mujeres y las Madres tambi\u00e9n, muchas salieron a la calle, aun siendo amas de casa, bueno, nada m\u00e1s ni nada menos que amas de casa, que es mucho; otras eran profesionales, pero igual casi ninguna ten\u00eda ni idea de lo que era un h\u00e1beas corpus\u201d.<\/p>\n<p>Nora dice que se cri\u00f3 en un hogar machista, sin violencia f\u00edsica, pero con un modelo patriarcal en las peque\u00f1as cosas de la vida cotidiana y que entonces eso se reprodujo luego en su matrimonio: \u201cMi hijo atend\u00eda al beb\u00e9 a veces cuando mi nuera sal\u00eda a militar y mi marido dec\u00eda \u2018\u00bfestamos todos locos?\u2019 No pod\u00eda entender que se quedara ba\u00f1ando al beb\u00e9 y d\u00e1ndole de comer mientras la mujer estaba afuera\u201d.<\/p>\n<p>Estela, Taty y Nora ven al movimiento feminista con admiraci\u00f3n y admiten que s\u00ed, tal vez, ellas mismas pueden haber sido un poco inspiradoras para otras mujeres, como las que salieron a la calle de a millares el \u00faltimo 8 de marzo. Pero sostienen que tambi\u00e9n tuvieron que aprender de ellas, que ellas levantaron demandas nuevas que no estaban en la agenda de Madres y Abuelas, que incluso fueron resistidas por algunas de ellas. Hoy las tres se pronuncian por la vida, a favor del derecho de las mujeres a decidir sobre su cuerpo y, por lo tanto, por la legalizaci\u00f3n del aborto.<\/p>\n<p>\u201cVeo que las mujeres buscan su expresi\u00f3n, su libertad y que se est\u00e1 avanzando mucho. Creo que fuimos ejemplo para otras madres que fueron v\u00edctimas de trata o de gatillo f\u00e1cil. Fuimos un movimiento \u00a0in\u00e9dito, pero tenemos que reconocer a mujeres sindicalistas, trabajadoras, que tambi\u00e9n tuvieron su participaci\u00f3n en la vida p\u00fablica de nuestro pa\u00eds, en la lucha de la mujer. Y estar en contacto con feministas nos ayud\u00f3, fue un ejemplo de ese estado de libertad\u201d, dice Nora, que estuvo en el escenario el 8 de marzo, as\u00ed como est\u00e1 en tantos y tantos lugares. \u201cSobre el aborto \u2013agrega\u2013, soy partidaria de la determinaci\u00f3n de la mujer.\u201d<\/p>\n<p>\u201cYa en el siglo XXI el tema de las diferencias en los sueldos, las jerarqu\u00edas y las ofensas que se reciben por ser mujer se tienen que terminar. Cuando te dicen que te pas\u00f3 algo por c\u00f3mo estabas vestidas o te preguntan si hiciste algo para que te pegue&#8230; No es as\u00ed la cosa. Es el hombre que somete a la mujer, la discrimina, la golpea, la martiriza y hasta la mata. Ahora las chicas tienen mucha m\u00e1s libertad y exponen su forma de pensar con mucha claridad, est\u00e1n despiertas, actualizadas, comunicadas. La movilizaci\u00f3n de las mujeres me pareci\u00f3 fant\u00e1stica\u201d, afirma Estela. Sobre el aborto, cree que la prioridad es salvar la vida de la mujer, que no tiene recursos, que es menor, que tiene un embarazo no deseado. Y tambi\u00e9n que \u201chay que educar desde el Estado para evitar esas situaciones\u201d. \u201cMaravillosa, apote\u00f3tica\u201d, califica Taty a la marcha del 8 de marzo. Y sostiene que la mujer tiene que tener derecho a decidir. \u201cSoy cat\u00f3lica y sigo teniendo fe. No te voy a misa ni comulgo, tengo una charla con mi sagrado coraz\u00f3n. Pero he cambiado much\u00edsimo mi forma de pensar. Fue un cambio se fue operando a partir de la desaparici\u00f3n de Alejandro y despu\u00e9s, cuando me incorpor\u00e9 a Madres. No he perdido la fe, pero le\u00ed, me inform\u00e9\u201d.<\/p>\n<h6>Fuente: P\u00e1gina 12<\/h6>\n","protected":false},"excerpt":{"rendered":"<p>La presidenta de Abuela de Plaza de Mayo y las dos dirigentes de Madres L\u00ednea Fundadora dicen que los militares las subestimaron por ser mujeres.<\/p>\n","protected":false},"author":2,"featured_media":74614,"comment_status":"closed","ping_status":"closed","sticky":false,"template":"","format":"standard","meta":{"footnotes":""},"categories":[8],"tags":[21],"class_list":["post-74613","post","type-post","status-publish","format-standard","has-post-thumbnail","hentry","category-informe-nacional","tag-argentina"],"_links":{"self":[{"href":"http:\/\/argentinamunicipal.com.ar\/argentina\/wp-json\/wp\/v2\/posts\/74613","targetHints":{"allow":["GET"]}}],"collection":[{"href":"http:\/\/argentinamunicipal.com.ar\/argentina\/wp-json\/wp\/v2\/posts"}],"about":[{"href":"http:\/\/argentinamunicipal.com.ar\/argentina\/wp-json\/wp\/v2\/types\/post"}],"author":[{"embeddable":true,"href":"http:\/\/argentinamunicipal.com.ar\/argentina\/wp-json\/wp\/v2\/users\/2"}],"replies":[{"embeddable":true,"href":"http:\/\/argentinamunicipal.com.ar\/argentina\/wp-json\/wp\/v2\/comments?post=74613"}],"version-history":[{"count":0,"href":"http:\/\/argentinamunicipal.com.ar\/argentina\/wp-json\/wp\/v2\/posts\/74613\/revisions"}],"wp:featuredmedia":[{"embeddable":true,"href":"http:\/\/argentinamunicipal.com.ar\/argentina\/wp-json\/wp\/v2\/media\/74614"}],"wp:attachment":[{"href":"http:\/\/argentinamunicipal.com.ar\/argentina\/wp-json\/wp\/v2\/media?parent=74613"}],"wp:term":[{"taxonomy":"category","embeddable":true,"href":"http:\/\/argentinamunicipal.com.ar\/argentina\/wp-json\/wp\/v2\/categories?post=74613"},{"taxonomy":"post_tag","embeddable":true,"href":"http:\/\/argentinamunicipal.com.ar\/argentina\/wp-json\/wp\/v2\/tags?post=74613"}],"curies":[{"name":"wp","href":"https:\/\/api.w.org\/{rel}","templated":true}]}}