{"id":74616,"date":"2018-03-26T06:55:15","date_gmt":"2018-03-26T09:55:15","guid":{"rendered":"http:\/\/argentinamunicipal.com.ar\/argentina\/?p=74616"},"modified":"2018-03-26T06:55:15","modified_gmt":"2018-03-26T09:55:15","slug":"nombres-espacios-la-cgt","status":"publish","type":"post","link":"http:\/\/argentinamunicipal.com.ar\/argentina\/nombres-espacios-la-cgt\/","title":{"rendered":"Nombres y espacios para la CGT"},"content":{"rendered":"<p>De cara a la sesi\u00f3n del consejo directivo convocada para el 5 de abril, dirigentes de los gremios que integran la CATT y representantes del MASA se reunir\u00e1n hoy en busca de un acuerdo para integrar la futura conducci\u00f3n de la central obrera.<\/p>\n<p>La situaci\u00f3n interna de la CGT parece estar encaminada a la realizaci\u00f3n de un congreso, previsto para junio, donde se definir\u00e1 que H\u00e9ctor Daer sea el \u00fanico secretario general de la central obrera. Una resoluci\u00f3n a la que se lleg\u00f3 forzadamente, m\u00e1s por la necesidad de contar con un reemplazo al fracasado triunvirato que a la tan mentada unidad detr\u00e1s de un programa que dirigentes gremiales repitieron casi sin soluci\u00f3n de continuidad. Si bien la definici\u00f3n del primer casillero de la conducci\u00f3n obrera permite vislumbrar el futuro perfil de la CGT, lo cierto es que lo que terminar\u00e1 de definirlo es la conformaci\u00f3n del resto de los cargos que forman el consejo directivo. Y eso es lo que por estos d\u00edas comienza a definirse, como la reuni\u00f3n que los integrantes de los gremios del transporte y el Movimiento de Acci\u00f3n Sindical Argentino (MASA) realizar\u00e1n hoy en la sede del gremio ferroviario La Fraternidad. Lo que se pretende es participar con peso propio dentro del corpus que se est\u00e1 construyendo y que deber\u00eda contener a buena parte de las l\u00edneas internas, tanto las dialoguistas como aquellas que no le temen a la confrontaci\u00f3n.<\/p>\n<p>Hoy, a las 11, se desarrollar\u00e1 un encuentro clave con vistas a la normalizaci\u00f3n de la CGT. La sede de La Fraternidad ser\u00e1 el lugar donde se encontrar\u00e1n dirigentes de los gremios que integran la Confederaci\u00f3n Argentina de Trabajadores del Transporte (CATT) y los representantes del MASA. Es un mitin previo a la planeada reuni\u00f3n de consejo directivo prevista para el pr\u00f3ximo 5 de abril. Entonces, el objetivo de la que se realizar\u00e1 hoy es acordar nombres y espacios a ocupar en la futura conducci\u00f3n. Bueno, tambi\u00e9n es la unidad.<\/p>\n<p>A la reuni\u00f3n se llega luego de una serie de negociaciones de bajo perfil que se realizaron hacia el interior del MASA, donde los referentes Sergio Sasia (Uni\u00f3n Ferroviaria) y Omar Viviani (taxistas) lograron enfriar sus diferencias. Algo similar est\u00e1 ocurriendo en la poderosa CATT, donde algunos de sus miembros lograron, al menos es lo que comentan, soltar sus sogas de dependencia con el moyanismo, pero a\u00fan deben resolver la conducci\u00f3n de ese espacio, todav\u00eda en manos de Juan Carlos Schmid. Lo que buscan estos dos grupos es conformar un frente importante de gremios que les permita negociar casi en igualdad de condiciones con gordos e independientes. El MASA, que en su origen hab\u00eda contado con m\u00e1s de 60 sindicatos, ahora con esfuerzo llega a la veintena y necesita recuperar a los que se fueron. Al parecer, el problema es con Viviani a quien le achacan cierta tendencia a cambiar de rumbo sin aviso previo. Al taxista le exigen que cumpla con los compromisos asumidos e incluso hasta caer\u00eda bien que enfr\u00ede un poco sus buenos v\u00ednculos con el macrismo porte\u00f1o. Pero hay un dato m\u00e1s, este grupo necesita ser m\u00e1s fuerte para aliviar el peso que hoy tiene lo que fue la CGT Azul y Blanca de Luis Barrionuevo. Ocurre que al gastron\u00f3mico todos lo quieren adentro como aliado, pero sin capacidad para inclinar la balanza.<\/p>\n<p>Pues bien, lo que pretende esta alianza de CATT y MASA es hacerse de cargos clave en el futuro consejo directivo. Por caso, la secretar\u00eda adjunta. Aspiran a quedarse con ella Omar Maturano, el jefe de La Fraternidad, pero tambi\u00e9n Sasia e incluso hay sectores que respaldan a Pablo Bir\u00f3, del gremio de pilotos. Todos dirigentes del transporte, todos representantes de un sector que tiene capacidad para detener el pa\u00eds en caso de un paro general. Por eso, algunos sindicalistas consideran que, si uno de los ferroviarios se queda con la secretar\u00eda adjunta, el puesto de secretario gremial podr\u00e1 recaer en Bir\u00f3. Si estos puestos quedan ocupados por ellos, puede que el porcentaje de una CGT aguerrida o combativa crezca. Pero para eso habr\u00e1 que verlos caminar.<\/p>\n<p>Ahora habr\u00e1 que ver hasta d\u00f3nde est\u00e1n dispuestos a ceder gordos e independientes. Daer est\u00e1 considerado como un hombre con capacidad para el di\u00e1logo y el juego pol\u00edtico. El titular de Sanidad, como muchos, sabe realizar el juego de las relaciones que incluye favores y acompa\u00f1amientos que, en alg\u00fan momento, como el que se avecina, se cobran. Sabe que necesita del resto de los gremios porque, si bien gordos e independientes son fuertes, no pueden solos frente a un Gobierno que desprecia las relaciones con los sindicatos. La trama de este juego tiene otros protagonistas entre los que se destaca la UOM. Un gremio poderoso que conduce Antonio Cal\u00f3, quien hasta ahora no dio pistas de lo que har\u00e1 pero no est\u00e1 quieto. En todo caso, cumple con aquella m\u00e1xima de Lorenzo Miguel de no compartir su estrategia ni siquiera con su almohada.<\/p>\n<p>Lo cierto es que la reuni\u00f3n de hoy es importante, pero clave es la del 5 de abril porque all\u00ed comenzar\u00e1 a definirse no solo el futuro sino el rol que jugar\u00e1 la CGT. Es cierto que la historia de la central obrera est\u00e1 plagada de divisiones que dieron origen a expresiones que merecen el olvido por su condici\u00f3n de ser oficialista a cualquier costo de cualquier gobierno (incluso militar) en detrimento de sus afiliados, pero tambi\u00e9n estuvieron las que marcaron hitos en la defensa de los derechos de los trabajadores, como la CGT de los Argentinos o la CGT Brasil. Esta coyuntura no dista de, por ejemplo, la de los a\u00f1os noventa cuando desembarcaron las pol\u00edticas neoliberales en la Casa Rosada. El armado que pretende colocar en la punta de la pir\u00e1mide a Daer debe decidir si repetir\u00e1 la historia de aquella d\u00e9cada, cuando se justific\u00f3 y acompa\u00f1\u00f3 la flexibilizaci\u00f3n laboral o si, por el contrario, defender\u00e1 las conquistas de los trabajadores. En aquel tiempo la central obrera se dividi\u00f3. Una posibilidad que sigue vigente.<\/p>\n<h6>Fuente: P\u00e1gina 12<\/h6>\n","protected":false},"excerpt":{"rendered":"<p>De cara a la sesi\u00f3n del consejo directivo convocada para el 5 de abril, dirigentes de los gremios que integran la CATT y representantes del MASA se reunir\u00e1n hoy en busca de un acuerdo para integrar la futura conducci\u00f3n de la central obrera.<\/p>\n","protected":false},"author":2,"featured_media":74617,"comment_status":"closed","ping_status":"closed","sticky":false,"template":"","format":"standard","meta":{"footnotes":""},"categories":[8],"tags":[21],"class_list":["post-74616","post","type-post","status-publish","format-standard","has-post-thumbnail","hentry","category-informe-nacional","tag-argentina"],"_links":{"self":[{"href":"http:\/\/argentinamunicipal.com.ar\/argentina\/wp-json\/wp\/v2\/posts\/74616","targetHints":{"allow":["GET"]}}],"collection":[{"href":"http:\/\/argentinamunicipal.com.ar\/argentina\/wp-json\/wp\/v2\/posts"}],"about":[{"href":"http:\/\/argentinamunicipal.com.ar\/argentina\/wp-json\/wp\/v2\/types\/post"}],"author":[{"embeddable":true,"href":"http:\/\/argentinamunicipal.com.ar\/argentina\/wp-json\/wp\/v2\/users\/2"}],"replies":[{"embeddable":true,"href":"http:\/\/argentinamunicipal.com.ar\/argentina\/wp-json\/wp\/v2\/comments?post=74616"}],"version-history":[{"count":0,"href":"http:\/\/argentinamunicipal.com.ar\/argentina\/wp-json\/wp\/v2\/posts\/74616\/revisions"}],"wp:featuredmedia":[{"embeddable":true,"href":"http:\/\/argentinamunicipal.com.ar\/argentina\/wp-json\/wp\/v2\/media\/74617"}],"wp:attachment":[{"href":"http:\/\/argentinamunicipal.com.ar\/argentina\/wp-json\/wp\/v2\/media?parent=74616"}],"wp:term":[{"taxonomy":"category","embeddable":true,"href":"http:\/\/argentinamunicipal.com.ar\/argentina\/wp-json\/wp\/v2\/categories?post=74616"},{"taxonomy":"post_tag","embeddable":true,"href":"http:\/\/argentinamunicipal.com.ar\/argentina\/wp-json\/wp\/v2\/tags?post=74616"}],"curies":[{"name":"wp","href":"https:\/\/api.w.org\/{rel}","templated":true}]}}