{"id":74637,"date":"2018-03-26T06:21:18","date_gmt":"2018-03-26T09:21:18","guid":{"rendered":"http:\/\/argentinamunicipal.com.ar\/argentina\/?p=74637"},"modified":"2018-03-26T07:22:48","modified_gmt":"2018-03-26T10:22:48","slug":"monotributo-tarea-domestica","status":"publish","type":"post","link":"http:\/\/argentinamunicipal.com.ar\/argentina\/monotributo-tarea-domestica\/","title":{"rendered":"Monotributo o tarea dom\u00e9stica"},"content":{"rendered":"<p>Aunque el Gobierno celebr\u00f3 y subray\u00f3 que el desempleo sigue bajando, un estudio m\u00e1s profundo sobre el mercado de trabajo revela que se percibe un deterioro en la calidad laboral, mientras decrece el empleo formal de plenos derechos.<\/p>\n<p>El Gobierno celebr\u00f3 esta semana la baja del desempleo al 7,2 por ciento anunciada por el Indec para el \u00faltimo trimestre de 2017. Sin embargo, otros estudios, tambi\u00e9n en base a datos oficiales, muestran un marcado deterioro en la calidad de los puestos de trabajo en el mercado laboral de fines del \u00faltimo a\u00f1o, en relaci\u00f3n a la situaci\u00f3n existente al \u00faltimo mes de 2015. Un an\u00e1lisis de la Universidad Nacional de San Mart\u00edn revela que en los \u00faltimos dos a\u00f1os, el empleo registrado creci\u00f3 en 280 mil puestos, pero de ese total, el 54 por ciento corresponde a las categor\u00edas de monotributistas y el 9 por ciento a trabajadores de casas particulares (dom\u00e9sticos). El empleo asalariado, en tanto, creci\u00f3 \u00fanicamente en el sector p\u00fablico, mientras que en el sector privado descendi\u00f3 levemente. El predominio de monotributistas y tareas dom\u00e9sticas marca el deterioro en las condiciones del trabajo en el mercado actual, mientras que el \u00fanico trabajo formal de plenos derechos que se crea se registra en el sector p\u00fablico. Los datos de esta investigaci\u00f3n, vale se\u00f1alarlo, se originan en datos de la cartera laboral y el sistema previsional.<\/p>\n<p>El Centro de Estudios del Trabajo y el Desarrollo (CeTyD) de la Unsam observa \u201cel retroceso en la categor\u00eda ocupacional que brinda el conjunto m\u00e1s amplio de derechos laborales \u2013el trabajo asalariado registrado en el sector privado\u2013 y el incremento de las modalidades de empleo m\u00e1s precarias (&#8230;). La expansi\u00f3n del trabajo registrado durante los \u00faltimos dos a\u00f1os se explica casi en su totalidad por el crecimiento del empleo p\u00fablico y por los ocupados encuadrados en el monotributo (r\u00e9gimen general y el social). Lo cual representa el avance de modalidades que determinan condiciones laborales menos ventajosas para el trabajador que el empleo asalariado en el sector privado\u201d, agrega el estudio.<\/p>\n<p>Tal como se se\u00f1ala en el cuadro adjunto a esta nota, adem\u00e1s del empleo p\u00fablico y el monotributo, la otra categor\u00eda que justifica el aumento del empleo en 2016 y 2017 (los dos a\u00f1os de gesti\u00f3n de la Alianza Cambiemos) es la de Asalariados en Casas Particulares, que en general tambi\u00e9n se caracteriza por modalidades que representan condiciones precarias o m\u00e1s flexibles que las del empleo asalariado por tiempo indeterminado. Es decir, que no habr\u00eda creaci\u00f3n de empleo con plenos derechos en los \u00faltimos dos a\u00f1os, salvo el generado en el sector p\u00fablico.<\/p>\n<p>Con respecto al empleo formal del sector privado, el informe del CETyD refiere que \u201cdurante los \u00faltimos dos a\u00f1os tambi\u00e9n se verifica un crecimiento en la participaci\u00f3n del empleo registrado en sus modalidades m\u00e1s inestables; de acuerdo a la Encuesta de Indicadores Laborales (que realiza el Ministerio de Trabajo de la Naci\u00f3n), el nivel de puestos de trabajo registrados en empresas de m\u00e1s de diez empleados creci\u00f3 el uno por ciento entre 2015 y 2017, pero la totalidad de ese crecimiento se explica por la expansi\u00f3n de puestos con contratos a plazo fijo o personal de agencias\u201d. En efecto, midiendo por separado la evoluci\u00f3n del empleo formal por tiempo indeterminado y el que agrupa a los contratos de duraci\u00f3n determinada y por agencias, mientras que el primero cay\u00f3 el uno por ciento en el bienio 2016\/17, el segundo segmento creci\u00f3 28 por ciento en el mismo per\u00edodo.<\/p>\n<p>La informaci\u00f3n que elabora el Observatorio de Empleo y Din\u00e1mica Empresarial del Ministerio de Trabajo a partir de los registros del SIPA aportan otro dato relevante: \u201cla relaci\u00f3n existente entre trabajo registrado y el total de la poblaci\u00f3n se mantuvo pr\u00e1cticamente constante entre 2015 y 2017\u201d. En opini\u00f3n del CETyD, \u201cesto significa que durante los dos primeros a\u00f1os de la actual gesti\u00f3n de gobierno, la pol\u00edtica econ\u00f3mica y laboral no ha logrado resultados positivos en materia de trabajo registrado\u201d, al tiempo que se observan signos de deterioro en la calidad del trabajo formal. \u201cLa categor\u00eda ocupacional que brinda el conjunto m\u00e1s amplio de derechos laborales (asalariado registrado contratado a tiempo indeterminado en el sector privado) mostr\u00f3 un sensible retroceso, mientras que las inserciones que aseguran s\u00f3lo un m\u00ednimo de protecci\u00f3n extendieron su participaci\u00f3n en el universo de trabajadores registrados\u201d, subraya.<\/p>\n<p>El informe Indicadores del Mercado de Trabajo del Indec, publicado el martes 20, destacaba el descenso de la tasa de desocupaci\u00f3n abierta en el \u00faltimo trimestre de 2017 (7,2 por ciento) tanto con respecto al trimestre anterior 1,1 punto) como en relaci\u00f3n al \u00faltimo trimestre de 2016 (0,4 puntos). El mismo informe se\u00f1alaba que la \u201csubocupaci\u00f3n demandante\u201d (aquellos que, teniendo trabajo, buscan activamente otro por disconfomidad o insuficiencia en el que tienen) se manten\u00eda en los mismos niveles que un a\u00f1o atr\u00e1s, aunque disminu\u00eda sensiblemente respecto del tercer trimestre (0,7 puntos). El aporte fundamental que hace el trabajo del instituto de investigaci\u00f3n de la Unsam es que profundiza el estudio al evaluar categor\u00edas y calidad del trabajo. Por debajo de las cifras globales que pretenden destacar una baja del desempleo, se encubre la realidad de un mercado laboral en el que el empleo pierde calidad al ritmo de la precarizaci\u00f3n y el deterioro en sus conquistas elementales.<\/p>\n<h6>Fuente: P\u00e1gina 12<\/h6>\n","protected":false},"excerpt":{"rendered":"<p>Aunque el Gobierno celebr\u00f3 y subray\u00f3 que el desempleo sigue bajando, un estudio m\u00e1s profundo sobre el mercado de trabajo revela que se percibe un deterioro en la calidad laboral, mientras decrece el empleo formal de plenos derechos.<\/p>\n","protected":false},"author":2,"featured_media":74638,"comment_status":"closed","ping_status":"closed","sticky":false,"template":"","format":"standard","meta":{"footnotes":""},"categories":[8],"tags":[21],"class_list":["post-74637","post","type-post","status-publish","format-standard","has-post-thumbnail","hentry","category-informe-nacional","tag-argentina"],"_links":{"self":[{"href":"http:\/\/argentinamunicipal.com.ar\/argentina\/wp-json\/wp\/v2\/posts\/74637","targetHints":{"allow":["GET"]}}],"collection":[{"href":"http:\/\/argentinamunicipal.com.ar\/argentina\/wp-json\/wp\/v2\/posts"}],"about":[{"href":"http:\/\/argentinamunicipal.com.ar\/argentina\/wp-json\/wp\/v2\/types\/post"}],"author":[{"embeddable":true,"href":"http:\/\/argentinamunicipal.com.ar\/argentina\/wp-json\/wp\/v2\/users\/2"}],"replies":[{"embeddable":true,"href":"http:\/\/argentinamunicipal.com.ar\/argentina\/wp-json\/wp\/v2\/comments?post=74637"}],"version-history":[{"count":0,"href":"http:\/\/argentinamunicipal.com.ar\/argentina\/wp-json\/wp\/v2\/posts\/74637\/revisions"}],"wp:featuredmedia":[{"embeddable":true,"href":"http:\/\/argentinamunicipal.com.ar\/argentina\/wp-json\/wp\/v2\/media\/74638"}],"wp:attachment":[{"href":"http:\/\/argentinamunicipal.com.ar\/argentina\/wp-json\/wp\/v2\/media?parent=74637"}],"wp:term":[{"taxonomy":"category","embeddable":true,"href":"http:\/\/argentinamunicipal.com.ar\/argentina\/wp-json\/wp\/v2\/categories?post=74637"},{"taxonomy":"post_tag","embeddable":true,"href":"http:\/\/argentinamunicipal.com.ar\/argentina\/wp-json\/wp\/v2\/tags?post=74637"}],"curies":[{"name":"wp","href":"https:\/\/api.w.org\/{rel}","templated":true}]}}