{"id":74691,"date":"2018-03-27T06:14:13","date_gmt":"2018-03-27T09:14:13","guid":{"rendered":"http:\/\/argentinamunicipal.com.ar\/argentina\/?p=74691"},"modified":"2018-03-27T07:23:44","modified_gmt":"2018-03-27T10:23:44","slug":"no-se-salvan-los-productores-papas","status":"publish","type":"post","link":"http:\/\/argentinamunicipal.com.ar\/argentina\/no-se-salvan-los-productores-papas\/","title":{"rendered":"No se salvan ni los productores de papas"},"content":{"rendered":"<p>El primer cargamento proveniente de Brasil arrib\u00f3 este fin de semana al Mercado Central. \u201cLa temporada reci\u00e9n est\u00e1 empezando y nos encontramos con esta noticia confirmada oficialmente\u201d, afirm\u00f3 el director de la Federaci\u00f3n Agraria, Dardo Alonso.<\/p>\n<p>Como sucede con la mayor\u00eda de las econom\u00edas regionales, la producci\u00f3n de papa se encuentra en crisis y el Gobierno habilit\u00f3 la importaci\u00f3n en plena temporada de comercializaci\u00f3n de la cosecha local. El primer cargamento del tub\u00e9rculo proveniente de Brasil arrib\u00f3 este fin de semana al Mercado Central. \u201cLa temporada reci\u00e9n est\u00e1 empezando y nos encontramos con esta noticia confirmada oficialmente\u201d, critic\u00f3 ayer el director de la Federaci\u00f3n Agraria Argentina (FAA), Dardo Alonso. Desde el sector aseguran que la papa se est\u00e1 pagando al productor a 70 pesos la bolsa de 20 kilos, equivalente a 3,50 pesos el kilo, lo cual, seg\u00fan denuncia la FAA, es lo mismo que les cuesta producirla. El incremento en los costos se explica por los tarifazos en el servicio energ\u00e9tico y aumentos en la log\u00edstica y carga impositiva. En la misma situaci\u00f3n de fragilidad se encuentra las producciones de tomate, frutihort\u00edcola, oliv\u00edcola, vitivin\u00edcola, yerba mate, verduras (zapallo, acelga, lechuga, morrones y r\u00facula) y especias.<\/p>\n<p>El Gobierno implement\u00f3 desde su asunci\u00f3n una fuerte pol\u00edtica de apertura comercial con el objetivo de reducir costos, disciplinando a las actividades que sentenci\u00f3 como ineficientes. Pero el impacto de esa apertura est\u00e1 afectando incluso a aquellos sectores que hist\u00f3ricamente son competitivos y que actualmente est\u00e1n perdiendo ventaja a nivel global por la pol\u00edtica macroecon\u00f3mica. Las econom\u00edas regionales son un claro ejemplo, adem\u00e1s de ser una actividad que el oficialismo asegura resguardar. En agosto de 2016 se realiz\u00f3 en Plaza de Mayo un \u201cfrutazo\u201d. Un mes despu\u00e9s y en diciembre \u00faltimo se llevaron a cabo sendos \u201cverdurazos\u201d, donde peque\u00f1os productores alertaban estar contra las cuerdas. Ahora el problema es la importaci\u00f3n de papa en plena temporada local.<\/p>\n<p>\u201cEsta situaci\u00f3n demuestra el falso argumento de que la apertura s\u00f3lo afecta a sectores no competitivos, como el textil, calzado e indumentaria. Lo que vemos es que tambi\u00e9n impacta en las actividades que, por sus condiciones naturales, son competitivas, como la papa\u201d, se\u00f1al\u00f3 a este diario Mart\u00edn Alfie, economista en jefe de la consultora Radar. Seg\u00fan explic\u00f3, \u201ccuando hay problemas de apreciaci\u00f3n de la moneda, de costos de la cadena de comercializaci\u00f3n y financieros, la apertura impacta, porque son factores que van m\u00e1s all\u00e1 de una cadena particular. No es una cuesti\u00f3n de ineficiencia\u201d, agreg\u00f3 el analista. \u201cS\u00f3lo para nombrar un costo que estamos teniendo, algunos productores pagan 15.000 pesos diarios de energ\u00eda el\u00e9ctrica para riego\u201d, afirm\u00f3 el vicepresidente segundo de la FAA, Agust\u00edn Pizzichini.<\/p>\n<p>Para los productores de papa, al impacto de todas estas medidas macro se le suma el arribo de competencia extranjera. \u201cLa importaci\u00f3n afectar\u00e1 a las regiones productoras. En las localidades de Tandil, Belgrano, Balcarce, s\u00f3lo por nombrar algunas, es un golpe muy duro para los productores ya que tienen compromisos asumidos de pago\u201d, advierte el titular de FAA. Para el sector es casi imposible competir con precios al productor congelados y costos por las nubes. \u201cHace tres a\u00f1os se vende al mismo precio y los insumos aumentan todos los a\u00f1os\u201d, se\u00f1al\u00f3 Luis Garc\u00eda, titular de la filial FAA Tandil. A esto se suma que la cosecha se paga con cheques a 30 y 60 d\u00edas, con lo que en algunos momentos no llega ni a cubrir los costos de la producci\u00f3n.<\/p>\n<p>\u201cLos federados paperos nunca imaginaron que a estos problemas diarios se le sumar\u00eda uno peor\u201d, destaca el comunicado de la entidad, en referencia al arrib\u00f3 del primer cami\u00f3n desde Brasil al Mercado Central. \u201cHay que tener en cuenta que \u00e9ste (Mercado Central) s\u00f3lo maneja el 10 por ciento del mercado total del pa\u00eds, es decir seguramente est\u00e1n entrando en diferentes lugares\u201d, agrega el documento. Seg\u00fan explican, \u201cel problema est\u00e1 centrado en Buenos Aires en este momento, ya que la temporada empieza en zonas del sur de esa provincia, pero luego se traslada a C\u00f3rdoba, Tucum\u00e1n y Mendoza, generando un grave problema social\u201d.<\/p>\n<h6>Fuente: P\u00e1gina 12<\/h6>\n","protected":false},"excerpt":{"rendered":"<p>El primer cargamento proveniente de Brasil arrib\u00f3 este fin de semana al Mercado Central. \u201cLa temporada reci\u00e9n est\u00e1 empezando y nos encontramos con esta noticia confirmada oficialmente\u201d<\/p>\n","protected":false},"author":2,"featured_media":74692,"comment_status":"closed","ping_status":"closed","sticky":false,"template":"","format":"standard","meta":{"footnotes":""},"categories":[8],"tags":[21],"class_list":["post-74691","post","type-post","status-publish","format-standard","has-post-thumbnail","hentry","category-informe-nacional","tag-argentina"],"_links":{"self":[{"href":"http:\/\/argentinamunicipal.com.ar\/argentina\/wp-json\/wp\/v2\/posts\/74691","targetHints":{"allow":["GET"]}}],"collection":[{"href":"http:\/\/argentinamunicipal.com.ar\/argentina\/wp-json\/wp\/v2\/posts"}],"about":[{"href":"http:\/\/argentinamunicipal.com.ar\/argentina\/wp-json\/wp\/v2\/types\/post"}],"author":[{"embeddable":true,"href":"http:\/\/argentinamunicipal.com.ar\/argentina\/wp-json\/wp\/v2\/users\/2"}],"replies":[{"embeddable":true,"href":"http:\/\/argentinamunicipal.com.ar\/argentina\/wp-json\/wp\/v2\/comments?post=74691"}],"version-history":[{"count":0,"href":"http:\/\/argentinamunicipal.com.ar\/argentina\/wp-json\/wp\/v2\/posts\/74691\/revisions"}],"wp:featuredmedia":[{"embeddable":true,"href":"http:\/\/argentinamunicipal.com.ar\/argentina\/wp-json\/wp\/v2\/media\/74692"}],"wp:attachment":[{"href":"http:\/\/argentinamunicipal.com.ar\/argentina\/wp-json\/wp\/v2\/media?parent=74691"}],"wp:term":[{"taxonomy":"category","embeddable":true,"href":"http:\/\/argentinamunicipal.com.ar\/argentina\/wp-json\/wp\/v2\/categories?post=74691"},{"taxonomy":"post_tag","embeddable":true,"href":"http:\/\/argentinamunicipal.com.ar\/argentina\/wp-json\/wp\/v2\/tags?post=74691"}],"curies":[{"name":"wp","href":"https:\/\/api.w.org\/{rel}","templated":true}]}}