{"id":74706,"date":"2018-03-27T07:40:31","date_gmt":"2018-03-27T10:40:31","guid":{"rendered":"http:\/\/argentinamunicipal.com.ar\/argentina\/?p=74706"},"modified":"2018-03-27T07:40:31","modified_gmt":"2018-03-27T10:40:31","slug":"la-intendenta-rosario-lanzo-plan-integral-27-centros-comerciales","status":"publish","type":"post","link":"http:\/\/argentinamunicipal.com.ar\/argentina\/la-intendenta-rosario-lanzo-plan-integral-27-centros-comerciales\/","title":{"rendered":"La Intendenta de Rosario lanz\u00f3 plan integral para 27 Centros Comerciales"},"content":{"rendered":"<p>\u00abUstedes representan la econom\u00eda real de la ciudad, la de gente trabajando con gente. Queremos estar de su lado\u00bb, expres\u00f3 la intendente sobre los centros comerciales.<\/p>\n<p>\u201cUstedes representan la econom\u00eda real de la ciudad, la de gente trabajando con gente. Queremos estar de su lado, en un momento complejo, para pensar una ciudad segura, inclusiva y resiliente\u201d. Con estas palabras, la intendenta M\u00f3nica Fein present\u00f3 ante los integrantes de los 27 Centros Comerciales a Cielo Abierto nucleados en una federaci\u00f3n, un plan integral de obras que incluye el montaje de 15 mil luminarias Led, cr\u00e9ditos blandos, mejoras en veredas, simplificaci\u00f3n en los tr\u00e1mites de habilitaci\u00f3n y una agenda conjunta de eventos.<\/p>\n<p>Los Centros Comerciales a Cielo Abierto representan el 42 por ciento de la facturaci\u00f3n de Rosario. Poseen 8.400 locales agrupados en 27 n\u00facleos y dan empleo a unas 17 mil personas.<\/p>\n<p>Ayer, en el Sal\u00f3n Carrasco se lanz\u00f3 el programa integral de mejoras para 2018. Entre los ejes propuestos por el municipio a trav\u00e9s de diversas secretar\u00edas del gabinete municipal, se propone promover el desarrollo econ\u00f3mico, la planificaci\u00f3n comercial, el mantenimiento de la infraestructura y la transformaci\u00f3n digital de los tr\u00e1mites.<\/p>\n<p>En cuanto a la formaci\u00f3n de los recursos humanos, desde la Secretar\u00eda de Producci\u00f3n y en nexo con las facultades de Ciencias Econ\u00f3micas y Pol\u00edtica de la UNR se propone un est\u00edmulo al empleo en nexo con el programa Nueva Oportunidad de la provincia y un servicio de intermediaci\u00f3n laboral.<\/p>\n<p>A su vez una l\u00ednea de cr\u00e9ditos al 16 por ciento anual hasta 400 mil pesos en 36 cuotas a tasa subsidiada por los Bancos Municipal y de Santa Fe ( con el fin de promover la inversi\u00f3n en infraestructura, equipamiento, renovaci\u00f3n de contratos), un fondo de promoci\u00f3n de eventos para 2018 y un ambicioso plan de reconversi\u00f3n y mantenimiento del alumbrado p\u00fablico con el montaje de unas 15 mil luminarias Led para este a\u00f1o en los 27 centros comerciales.<\/p>\n<p>A su vez el mejoramiento de solados y veredas a trav\u00e9s del plan Esfuerzo Compartido para comercios, y la transformaci\u00f3n digital con una plataforma inform\u00e1tica que busque simplificar y facilitar los tr\u00e1mites de habilitaci\u00f3n e inspecci\u00f3n municipal.<\/p>\n<p>\u201cDesde el municipio les queremos pedir que fortalezcan la Federaci\u00f3n de Centros Comerciales. Muchas veces nos quejamos cuando tienen muchas iniciativas, pero es peor no tenerlas. Creemos que es mucho mejor que la tengan, que muevan la econom\u00eda, que sostiene el trabajo y genera acciones. Queremos centros comerciales que nos propongan, que est\u00e9n activos y renueven estos 27 lugares de la ciudad\u201d, destac\u00f3 Fein.<\/p>\n<p>Luego, la jefa comunal destac\u00f3 que los peque\u00f1os y medianos emprendedores \u201cson el motor de la econom\u00eda real\u201d de una Rosario \u201cmultic\u00e9ntrica\u201d que merece ponerse en valor \u201ccon m\u00e1s actividad econ\u00f3mica, m\u00e1s trabajo, convivencia, por eso queremos protegerlos y estar a su lado, porque son quienes piensan como desarrollar la ciudad\u201d.<\/p>\n<p>A su turno, el presidente de la Asociaci\u00f3n Empresaria de Rosario (AER), Ricardo Diab, agradeci\u00f3 el \u201cesfuerzo\u201d de provincia y municipio en una labor mancomunada para asegurar que \u201csi bien nos falta un trecho, sabemos que vamos por el buen camino\u201d.<\/p>\n<p>El dirigente empresario margin\u00f3 de responsabilidad al municipio en las subas tarifarias y la ca\u00edda en las ventas para advertir que \u201csi no se contar\u00e1 con estas herramientas no ser\u00edamos tan competitivos\u201d y para cerrar con un desaf\u00edo: \u201cVamos por m\u00e1s\u201d.<\/p>\n<p>Tras recordar que el Concejo Municipal no acompa\u00f1\u00f3 el pedido de endeudamiento planteado para fortalecer la infraestructura urbana, el secretario de gobierno Gustavo Leone dijo que \u201cdesde el municipio nunca se sali\u00f3 del plan para amortiguar los efectos de la macroeconom\u00eda en el territorio\u201d y acot\u00f3: \u201cLo que podemos hacer desde el municipio es ayudarlos en el mejoramiento barrial y estructura urbana\u201d.<\/p>\n<p>El impacto tambi\u00e9n se siente en las arcas locales. \u201cCuando hay ca\u00edda en la actividad econ\u00f3mica el primer nivel del Estado sufre el primer embate. Y cuando caen las ventas tambi\u00e9n cae la recaudaci\u00f3n por ingresos brutos y el Drei (un gravamen municipal)\u201d.<\/p>\n<h6>Fuente: Sin Mordaza<\/h6>\n","protected":false},"excerpt":{"rendered":"<p>\u00abUstedes representan la econom\u00eda real de la ciudad, la de gente trabajando con gente. Queremos estar de su lado\u00bb, expres\u00f3 la intendente sobre los centros comerciales.<\/p>\n","protected":false},"author":2,"featured_media":74707,"comment_status":"closed","ping_status":"closed","sticky":false,"template":"","format":"standard","meta":{"footnotes":""},"categories":[2],"tags":[10],"class_list":["post-74706","post","type-post","status-publish","format-standard","has-post-thumbnail","hentry","category-informe-municipal","tag-santa-fe"],"_links":{"self":[{"href":"http:\/\/argentinamunicipal.com.ar\/argentina\/wp-json\/wp\/v2\/posts\/74706","targetHints":{"allow":["GET"]}}],"collection":[{"href":"http:\/\/argentinamunicipal.com.ar\/argentina\/wp-json\/wp\/v2\/posts"}],"about":[{"href":"http:\/\/argentinamunicipal.com.ar\/argentina\/wp-json\/wp\/v2\/types\/post"}],"author":[{"embeddable":true,"href":"http:\/\/argentinamunicipal.com.ar\/argentina\/wp-json\/wp\/v2\/users\/2"}],"replies":[{"embeddable":true,"href":"http:\/\/argentinamunicipal.com.ar\/argentina\/wp-json\/wp\/v2\/comments?post=74706"}],"version-history":[{"count":0,"href":"http:\/\/argentinamunicipal.com.ar\/argentina\/wp-json\/wp\/v2\/posts\/74706\/revisions"}],"wp:featuredmedia":[{"embeddable":true,"href":"http:\/\/argentinamunicipal.com.ar\/argentina\/wp-json\/wp\/v2\/media\/74707"}],"wp:attachment":[{"href":"http:\/\/argentinamunicipal.com.ar\/argentina\/wp-json\/wp\/v2\/media?parent=74706"}],"wp:term":[{"taxonomy":"category","embeddable":true,"href":"http:\/\/argentinamunicipal.com.ar\/argentina\/wp-json\/wp\/v2\/categories?post=74706"},{"taxonomy":"post_tag","embeddable":true,"href":"http:\/\/argentinamunicipal.com.ar\/argentina\/wp-json\/wp\/v2\/tags?post=74706"}],"curies":[{"name":"wp","href":"https:\/\/api.w.org\/{rel}","templated":true}]}}