{"id":74709,"date":"2018-03-27T07:42:26","date_gmt":"2018-03-27T10:42:26","guid":{"rendered":"http:\/\/argentinamunicipal.com.ar\/argentina\/?p=74709"},"modified":"2018-03-27T07:42:26","modified_gmt":"2018-03-27T10:42:26","slug":"firmat-trabajadores-vassalli-cortaran-hoy-las-rutas-33-93","status":"publish","type":"post","link":"http:\/\/argentinamunicipal.com.ar\/argentina\/firmat-trabajadores-vassalli-cortaran-hoy-las-rutas-33-93\/","title":{"rendered":"Firmat: Trabajadores de Vassalli cortar\u00e1n hoy las rutas 33 y 93"},"content":{"rendered":"<p>La movilizaci\u00f3n se organiz\u00f3 luego de que fracasaran las negociaciones el viernes \u00faltimo. Reclaman el pago de haberes atrasados<\/p>\n<p>La angustiante situaci\u00f3n por la cual atraviesan los trabajadores de las empresas metal\u00fargicas Vassalli Fabril y Rega quedar\u00e1 visibilizada hoy con una fuerte movilizaci\u00f3n para exigir el pago de salarias atrasados que vienen reclamando, sin \u00e9xito, desde hace tiempo. La protesta se har\u00eda sentir en todo el sur santafesino con un corte que interrumpir\u00e1 la circulaci\u00f3n de las rutas provinciales 93 y nacional 33 en jurisdicci\u00f3n de Firmat y del que participar\u00e1n adem\u00e1s obreros de otros establecimientos metal\u00fargicos que tambi\u00e9n est\u00e1n en problemas.<\/p>\n<p>El complejo panorama no solo preocupa a centenares de familias que esperan soluciones para poder hacer frente a las necesidades con las que deben lidiar cotidianamente sino al resto de la comunidad firmatense que teme ante el creciente fantasma de la desocupaci\u00f3n.<\/p>\n<p>Es que a\u00fan est\u00e1 fresca en la memoria colectiva de los habitantes lo que signific\u00f3 a\u00f1os atr\u00e1s para esta ciudad del departamento General L\u00f3pez el cierre de su principal generadora de mano de obra local y nadie quiera que la historia se repita.<\/p>\n<p>Si bien la emblem\u00e1tica f\u00e1brica de cosechadoras Vassalli ya no tiene el mismo plantel que superaba los 600 obreros no deja de ser un n\u00famero importante los poco m\u00e1s de 400 que posee actualmente y por estas horas viven en medio de un clima de incertidumbre por su futuro.<\/p>\n<p>Y ese estado de intranquilidad que suma impotencia e indignaci\u00f3n ya es inocultable y sacude cada vez m\u00e1s al poder pol\u00edtico local que se esmera en encontrar auxilio que a\u00fan no llega, para superar la \u201cdesesperante\u201d coyuntura que, adem\u00e1s nadie ignora, pone en peligro la paz social.<\/p>\n<p>Ejemplo de ello fue la reuni\u00f3n desarrollada la semana pasada en la sede rosarina del Ministerio de Producci\u00f3n de la provincia donde funcionarios y legisladores de distintos niveles del Estado cerraron filas en la b\u00fasqueda de soluciones, como dio cuenta La Capital, pero en la pr\u00e1ctica nada cambio.<\/p>\n<p>Posibilidad<\/p>\n<p>Ayer se especul\u00f3 con la posibilidad de una reacci\u00f3n pero los huelguistas no recibieron \u201cni un peso\u201d de sus acreencias laborales y siguen ansiosos de que surja una respuesta que ponga fin al derrotero del hasta ahora infructuoso reclamo que solo tuvo como repuestas promesas incumplidas.<\/p>\n<p>Cuando parec\u00eda que en Vassalli se estaba a punto de destrabar el conflicto la empresa primero incumpli\u00f3 su compromiso asumido ante el ministerio de Trabajo de cancelar lo adeudado al entregar cheques sin fondo y despu\u00e9s adujo no poder pagar al caerle un embargo sobre su cuenta bancaria del \u00e1rea de rentas de la provincia de C\u00f3rdoba.<\/p>\n<p>Ello potenci\u00f3 el malestar y deriv\u00f3, falta mediante de ofertas superadoras, en la profundizaci\u00f3n del plan de fuerza previsto para hoy con la presencia tambi\u00e9n de trabajadores de Rega y otros establecimientos. Adem\u00e1s se espera una fuerte presencia de referentes pol\u00edticos distintas fuerzas.<\/p>\n<p>\u201cTenemos buenas expectativas de que ante la visibilizaci\u00f3n del conflicto haya una respuesta que satisfaga m\u00ednimamente lo reclamado por los trabajadores\u201d, dijo ayer a La Capital el abogado de la Uni\u00f3n Obrera Metal\u00fargica (Uom) de Rosario, Pablo Cerra. Y en ese contexto manifest\u00f3 su sensaci\u00f3n de que \u201csi la soluci\u00f3n llega, tal como esperamos, seguramente no vendr\u00e1 de la empresa, que demostr\u00f3 no estar a la altura de las circunstancias, sino de la pol\u00edtica\u201d.<\/p>\n<p>Fuentes confiables ayer confirmaron a este diario que el gobernador estuvo reunido con ministros para tratar el tema Vassalli a fin de actuar en consecuencia aunque no trascendieron detalles.<\/p>\n<h6>Fuente: Sin Mordaza<\/h6>\n","protected":false},"excerpt":{"rendered":"<p>La movilizaci\u00f3n se organiz\u00f3 luego de que fracasaran las negociaciones el viernes \u00faltimo. Reclaman el pago de haberes atrasados<\/p>\n","protected":false},"author":2,"featured_media":74710,"comment_status":"closed","ping_status":"closed","sticky":false,"template":"","format":"standard","meta":{"footnotes":""},"categories":[2],"tags":[10],"class_list":["post-74709","post","type-post","status-publish","format-standard","has-post-thumbnail","hentry","category-informe-municipal","tag-santa-fe"],"_links":{"self":[{"href":"http:\/\/argentinamunicipal.com.ar\/argentina\/wp-json\/wp\/v2\/posts\/74709","targetHints":{"allow":["GET"]}}],"collection":[{"href":"http:\/\/argentinamunicipal.com.ar\/argentina\/wp-json\/wp\/v2\/posts"}],"about":[{"href":"http:\/\/argentinamunicipal.com.ar\/argentina\/wp-json\/wp\/v2\/types\/post"}],"author":[{"embeddable":true,"href":"http:\/\/argentinamunicipal.com.ar\/argentina\/wp-json\/wp\/v2\/users\/2"}],"replies":[{"embeddable":true,"href":"http:\/\/argentinamunicipal.com.ar\/argentina\/wp-json\/wp\/v2\/comments?post=74709"}],"version-history":[{"count":0,"href":"http:\/\/argentinamunicipal.com.ar\/argentina\/wp-json\/wp\/v2\/posts\/74709\/revisions"}],"wp:featuredmedia":[{"embeddable":true,"href":"http:\/\/argentinamunicipal.com.ar\/argentina\/wp-json\/wp\/v2\/media\/74710"}],"wp:attachment":[{"href":"http:\/\/argentinamunicipal.com.ar\/argentina\/wp-json\/wp\/v2\/media?parent=74709"}],"wp:term":[{"taxonomy":"category","embeddable":true,"href":"http:\/\/argentinamunicipal.com.ar\/argentina\/wp-json\/wp\/v2\/categories?post=74709"},{"taxonomy":"post_tag","embeddable":true,"href":"http:\/\/argentinamunicipal.com.ar\/argentina\/wp-json\/wp\/v2\/tags?post=74709"}],"curies":[{"name":"wp","href":"https:\/\/api.w.org\/{rel}","templated":true}]}}