{"id":74744,"date":"2018-03-28T06:01:42","date_gmt":"2018-03-28T09:01:42","guid":{"rendered":"http:\/\/argentinamunicipal.com.ar\/argentina\/?p=74744"},"modified":"2018-03-28T07:04:06","modified_gmt":"2018-03-28T10:04:06","slug":"marzo-no-da-respiro","status":"publish","type":"post","link":"http:\/\/argentinamunicipal.com.ar\/argentina\/marzo-no-da-respiro\/","title":{"rendered":"Marzo no da respiro"},"content":{"rendered":"<p>La inflaci\u00f3n se ubicar\u00e1 por encima del 2 por ciento en marzo. El alza en los precios de las cuotas de los colegios y los \u00fatiles escolares, los nuevos aumentos en las tarifas, el impacto de la sequ\u00eda sobre los alimentos y la volatilidad del d\u00f3lar obligaron a las consultoras privadas a revisar al alza sus previsiones. Durante el primer bimestre los precios minoristas escalaron 4,2 por ciento para el Indec. Desde el Palacio de Hacienda que encabeza Nicol\u00e1s Dujovne (foto) comparten el diagn\u00f3stico y esperan subas mayores a 2 por ciento para este mes. Cuando el organismo estad\u00edstico publique sus estimaciones para marzo, los aumentos habr\u00e1n superado el 6 por ciento en un trimestre. La cifra se ubica por encima de la pauta del 15 por ciento anual prevista por el Banco Central. Ante la persistencia de los aumentos de tarifas y las tensiones cambiarias, la estrategia oficial para mantener a raya los precios reside en el disciplinamiento de los aumentos de salarios negociados en las paritarias.<\/p>\n<p>A lo largo de los \u00faltimos doce meses la inflaci\u00f3n escala un 25,4 por ciento. El impulso proviene por los aumentos en las tarifas de luz, gas y agua que acumulan en el \u00edndice oficial un alza del 52,5 por ciento. Los precios regulados avanzaron un 40 por ciento en el \u00faltimo a\u00f1o, mientras que el IPC N\u00facleo, que excluye a los regulados y a los estacionales, lo hizo en un 21,6 por ciento. A excepci\u00f3n de los peajes, las tarifas no registraron subas significativas durante el mes pasado. En cambio, las subas fueron impulsadas por los alimentos como las carnes y los l\u00e1cteos. Entre enero y febrero la canasta de consumo de alimentos y bebidas acumul\u00f3 un avance del 4,3 por ciento. La \u201ctregua\u201d de las tarifas se termina en abril cuando volver\u00e1n a subir el gas y el transporte de pasajeros en el \u00e1rea metropolitana.<\/p>\n<p>Un relevamiento realizado por la firma Kantar TNS muestra que la persistencia inflacionaria no solo figura en los pron\u00f3sticos de las consultoras privadas sino que la mayor\u00eda de la poblaci\u00f3n espera un incremento en los precios en los pr\u00f3ximos meses. \u201cEl 73 por ciento de los entrevistados considera que los precios aumentar\u00e1n durante 2018, dato que marca un crecimiento respecto a los \u00faltimos dos a\u00f1os\u201d, indic\u00f3 Kantar TNS al difundir los resultados de su \u00edndice de Expectativas Econ\u00f3micas.<\/p>\n<h6>Fuente: P\u00e1gina 12<\/h6>\n","protected":false},"excerpt":{"rendered":"<p>La inflaci\u00f3n se ubicar\u00e1 por encima del 2 por ciento en marzo.<\/p>\n","protected":false},"author":2,"featured_media":74745,"comment_status":"closed","ping_status":"closed","sticky":false,"template":"","format":"standard","meta":{"footnotes":""},"categories":[8],"tags":[21],"class_list":["post-74744","post","type-post","status-publish","format-standard","has-post-thumbnail","hentry","category-informe-nacional","tag-argentina"],"_links":{"self":[{"href":"http:\/\/argentinamunicipal.com.ar\/argentina\/wp-json\/wp\/v2\/posts\/74744","targetHints":{"allow":["GET"]}}],"collection":[{"href":"http:\/\/argentinamunicipal.com.ar\/argentina\/wp-json\/wp\/v2\/posts"}],"about":[{"href":"http:\/\/argentinamunicipal.com.ar\/argentina\/wp-json\/wp\/v2\/types\/post"}],"author":[{"embeddable":true,"href":"http:\/\/argentinamunicipal.com.ar\/argentina\/wp-json\/wp\/v2\/users\/2"}],"replies":[{"embeddable":true,"href":"http:\/\/argentinamunicipal.com.ar\/argentina\/wp-json\/wp\/v2\/comments?post=74744"}],"version-history":[{"count":0,"href":"http:\/\/argentinamunicipal.com.ar\/argentina\/wp-json\/wp\/v2\/posts\/74744\/revisions"}],"wp:featuredmedia":[{"embeddable":true,"href":"http:\/\/argentinamunicipal.com.ar\/argentina\/wp-json\/wp\/v2\/media\/74745"}],"wp:attachment":[{"href":"http:\/\/argentinamunicipal.com.ar\/argentina\/wp-json\/wp\/v2\/media?parent=74744"}],"wp:term":[{"taxonomy":"category","embeddable":true,"href":"http:\/\/argentinamunicipal.com.ar\/argentina\/wp-json\/wp\/v2\/categories?post=74744"},{"taxonomy":"post_tag","embeddable":true,"href":"http:\/\/argentinamunicipal.com.ar\/argentina\/wp-json\/wp\/v2\/tags?post=74744"}],"curies":[{"name":"wp","href":"https:\/\/api.w.org\/{rel}","templated":true}]}}