{"id":751,"date":"2014-02-12T17:49:08","date_gmt":"2014-02-12T20:49:08","guid":{"rendered":"http:\/\/argentinamunicipal.com.ar\/argentina\/?p=751"},"modified":"2014-02-12T17:49:08","modified_gmt":"2014-02-12T20:49:08","slug":"provincia-y-municipio-de-jujuy-buscan-aunar-criterios-para-lograr-escuelas-que-esten-en-mejores-condiciones","status":"publish","type":"post","link":"http:\/\/argentinamunicipal.com.ar\/argentina\/provincia-y-municipio-de-jujuy-buscan-aunar-criterios-para-lograr-escuelas-que-esten-en-mejores-condiciones\/","title":{"rendered":"Provincia y municipio de Jujuy buscan \u201caunar criterios para lograr escuelas que est\u00e9n en mejores condiciones\u201d"},"content":{"rendered":"<p><a href=\"http:\/\/argentinamunicipal.com.ar\/argentina\/wp-content\/uploads\/2014\/02\/Reuni\u00f3n-con-el-gobierno2.jpg\"><img loading=\"lazy\" decoding=\"async\" class=\"aligncenter size-full wp-image-752\" alt=\"Reuni\u00f3n-con-el-gobierno2\" src=\"http:\/\/argentinamunicipal.com.ar\/argentina\/wp-content\/uploads\/2014\/02\/Reuni\u00f3n-con-el-gobierno2.jpg\" width=\"726\" height=\"355\" srcset=\"http:\/\/argentinamunicipal.com.ar\/argentina\/wp-content\/uploads\/2014\/02\/Reuni\u00f3n-con-el-gobierno2.jpg 726w, http:\/\/argentinamunicipal.com.ar\/argentina\/wp-content\/uploads\/2014\/02\/Reuni\u00f3n-con-el-gobierno2-300x146.jpg 300w\" sizes=\"auto, (max-width: 726px) 100vw, 726px\" \/><\/a><\/p>\n<p>Con el prop\u00f3sito de optimizar acciones en beneficio de la comunidad educativa de nuestra ciudad, el Jefe Comunal recibi\u00f3 la visita protocolar del Ministro de Educaci\u00f3n y del Secretario de Infraestructura Educativa de la provincia, dentro del marco de las mejores estrategias para alcanzar los objetivos de las instituciones educativas, cuyo accionar se extiende a la sociedad.<\/p>\n<p>En ese contexto, el Intendente de nuestra ciudad, Ra\u00fal \u201cChuli\u201d Jorge, recibi\u00f3 ayer en su despacho privado, al Ministro de Educaci\u00f3n de la Provincia, Lic. Rodolfo Tecchi y al Secretario de Infraestructura Educativa, Arq. Julio Mart\u00ednez, dentro del marco de interacci\u00f3n entre ambas dependencias.<\/p>\n<p>En la oportunidad el Mandatario Comunal, se encontraba en compa\u00f1\u00eda de la Coordinadora General de Intendencia, Sandra Battistella; el Secretario de Coordinaci\u00f3n de Gabinete, Dr. Ekel Meyer; la Secretaria de Desarrollo Humano, Prof. Mar\u00eda Teresa Ferr\u00edn y la Subsecretaria de igual Cartera, Prof. Amalia Sinfuente.<\/p>\n<p>En el encuentro, el Intendente Jorge exalt\u00f3 la oportuna visita del Ministro de Educaci\u00f3n, junto al Secretario de Infraestructura Educativa de la provincia expresando que \u201ces fundamental en la conducci\u00f3n del estado provincial y municipal, coordinando con naci\u00f3n, en la medida que nos podamos reunir, y elegir las mejores estrategias para llegar a los objetivos que son claros para todos los que gobernamos\u201d.<\/p>\n<p>En este panorama deline\u00f3 que \u201caunamos criterios para que las escuelas est\u00e9n en mejores condiciones, ya que adem\u00e1s son instituciones que se extienden a la comunidad, y en donde el municipio requiere de sus espacios para que se abran a la sociedad, a trav\u00e9s de talleres, sesiones extraordinarias del Concejo Deliberante, por ejemplo\u201d.<\/p>\n<p>Recordemos que las dos \u00faltimas sesiones del Deliberante Capitalino y la Apertura fueron en Barrio Campo Verde, en la Escuela Belgraniana, tambi\u00e9n en la Escuela N\u00ba 444 de Alto Comedero, en las cuales trabajamos para que estuvieran acondicionadas adecuadamente \u2013 expresaba el Intendente Ra\u00fal Jorge.<\/p>\n<p>\u201cDejamos en claro que hay una comunidad en las cooperadoras, en el Ministerio que por supuesto pretende dejar en condiciones las instalaciones y nosotros, con vocaci\u00f3n de servicio hacia los vecinos, trabajamos en la posibilidad de llevar equipos para instalar las escuelas en condiciones, como nos ata\u00f1e\u201d.<\/p>\n<p>Por otra parte, el Intendente de San Salvador de Jujuy resalt\u00f3 los dichos del titular de la Cartera de Educaci\u00f3n de la Provincia refiri\u00e9ndose a que \u201ctenemos agenda en com\u00fan y nos sentimos complacidos de que nos pregunten y consulten en relaci\u00f3n a la posible localizaci\u00f3n de algunos equipamientos nuevos\u201d.<\/p>\n<p>Sobre esta posibilidad dijo el funcionario comunal \u201cnosotros contamos con un relevamiento social sobre las necesidades b\u00e1sicas de sectores, fundamentalmente sobre las zonas perif\u00e9ricas que demandan m\u00e1s soluciones para las posibles ubicaciones de jardines maternales u otros equipamientos, todo esto hace que nos podamos equivocar menos, que se busquen las zonas adecuadas para cada una de estas inversiones que van a favor de la gente, sobre todo de los sectores sociales m\u00e1s vulnerables\u201d.<\/p>\n<p>Consultado sobre el marco de este encuentro, el Ministro de Educaci\u00f3n de la Provincia, Lic. Rodolfo Tecchi, expres\u00f3 el benepl\u00e1cito al poder visitar al Intendente Capitalino. \u201cLo hacemos peri\u00f3dicamente durante el a\u00f1o, tenemos una agenda de trabajo com\u00fan, con temas inherentes a ambos organismos\u201d.<\/p>\n<p>Sobre el encuentro el titular de Educaci\u00f3n destac\u00f3 el an\u00e1lisis de temas en com\u00fan \u201cparticularmente de cara al inicio de clases el 5 de marzo, poniendo en condiciones los edificios y predios, en la respectiva tarea de mantenimiento de las escuelas\u201d.<\/p>\n<p>Sobre la apreciaci\u00f3n del Intendente Ra\u00fal Jorge, resalt\u00f3 que \u201cel municipio va a colaborar en el radio de la capital, en algunas escuelas en las que ellos tienen equipos de trabajo, es una manera de optimizar la tarea educativa que nos ata\u00f1e a todos\u201d.<\/p>\n<p>\u201cNosotros a su vez tocamos otros temas, como el proyecto de ampliaci\u00f3n de la Escuela \u201cMarina Vilte\u201d, como as\u00ed tambi\u00e9n obras que tenemos pendientes, como ubicar en la ciudad capital equipos t\u00e9cnicos, interioriz\u00e1ndonos sobre cu\u00e1les son las \u00e1reas para la ubicaci\u00f3n de edificios escolares, jardines maternales, entre otros\u201d.<\/p>\n<p>En este marco, el Ministro Tecchi puso en relieve la oportuna reuni\u00f3n con el Intendente de S.S. de Jujuy y funcionarios de su gabinete de trabajo afirmando que \u201cnos vamos satisfechos de poder trabajar en conjunto, porque el tema educativo est\u00e1 por encima de cualquier otra consideraci\u00f3n y en este sentido aportando el esfuerzo en com\u00fan entre provincia y municipio\u201d.<\/p>\n<pre>Fuente: Jujuy al D\u00eda<\/pre>\n","protected":false},"excerpt":{"rendered":"<p>Con el prop\u00f3sito de optimizar acciones en beneficio de la comunidad educativa de nuestra ciudad, el Jefe Comunal recibi\u00f3 la visita protocolar del Ministro de Educaci\u00f3n y del Secretario de Infraestructura Educativa de la provincia, dentro del marco de las mejores estrategias para alcanzar los objetivos de las instituciones educativas, cuyo accionar se extiende a<\/p>\n","protected":false},"author":1,"featured_media":752,"comment_status":"closed","ping_status":"closed","sticky":false,"template":"","format":"standard","meta":{"footnotes":""},"categories":[2],"tags":[25],"class_list":["post-751","post","type-post","status-publish","format-standard","has-post-thumbnail","hentry","category-informe-municipal","tag-jujuy"],"_links":{"self":[{"href":"http:\/\/argentinamunicipal.com.ar\/argentina\/wp-json\/wp\/v2\/posts\/751","targetHints":{"allow":["GET"]}}],"collection":[{"href":"http:\/\/argentinamunicipal.com.ar\/argentina\/wp-json\/wp\/v2\/posts"}],"about":[{"href":"http:\/\/argentinamunicipal.com.ar\/argentina\/wp-json\/wp\/v2\/types\/post"}],"author":[{"embeddable":true,"href":"http:\/\/argentinamunicipal.com.ar\/argentina\/wp-json\/wp\/v2\/users\/1"}],"replies":[{"embeddable":true,"href":"http:\/\/argentinamunicipal.com.ar\/argentina\/wp-json\/wp\/v2\/comments?post=751"}],"version-history":[{"count":0,"href":"http:\/\/argentinamunicipal.com.ar\/argentina\/wp-json\/wp\/v2\/posts\/751\/revisions"}],"wp:featuredmedia":[{"embeddable":true,"href":"http:\/\/argentinamunicipal.com.ar\/argentina\/wp-json\/wp\/v2\/media\/752"}],"wp:attachment":[{"href":"http:\/\/argentinamunicipal.com.ar\/argentina\/wp-json\/wp\/v2\/media?parent=751"}],"wp:term":[{"taxonomy":"category","embeddable":true,"href":"http:\/\/argentinamunicipal.com.ar\/argentina\/wp-json\/wp\/v2\/categories?post=751"},{"taxonomy":"post_tag","embeddable":true,"href":"http:\/\/argentinamunicipal.com.ar\/argentina\/wp-json\/wp\/v2\/tags?post=751"}],"curies":[{"name":"wp","href":"https:\/\/api.w.org\/{rel}","templated":true}]}}