{"id":7539,"date":"2014-05-13T11:00:38","date_gmt":"2014-05-13T14:00:38","guid":{"rendered":"http:\/\/argentinamunicipal.com.ar\/argentina\/?p=7539"},"modified":"2014-05-13T11:00:38","modified_gmt":"2014-05-13T14:00:38","slug":"bariloche-anuncian-nuevo-viaje-del-tren-patagonico","status":"publish","type":"post","link":"http:\/\/argentinamunicipal.com.ar\/argentina\/bariloche-anuncian-nuevo-viaje-del-tren-patagonico\/","title":{"rendered":"Bariloche: Anuncian nuevo viaje del Tren Patag\u00f3nico"},"content":{"rendered":"<p><a href=\"http:\/\/argentinamunicipal.com.ar\/argentina\/wp-content\/uploads\/2014\/05\/c419be8bb8efbb29c69805ee5b3942c2_L.jpg\"><img loading=\"lazy\" decoding=\"async\" class=\"aligncenter size-full wp-image-7540\" src=\"http:\/\/argentinamunicipal.com.ar\/argentina\/wp-content\/uploads\/2014\/05\/c419be8bb8efbb29c69805ee5b3942c2_L.jpg\" alt=\"c419be8bb8efbb29c69805ee5b3942c2_L\" width=\"800\" height=\"557\" srcset=\"http:\/\/argentinamunicipal.com.ar\/argentina\/wp-content\/uploads\/2014\/05\/c419be8bb8efbb29c69805ee5b3942c2_L.jpg 800w, http:\/\/argentinamunicipal.com.ar\/argentina\/wp-content\/uploads\/2014\/05\/c419be8bb8efbb29c69805ee5b3942c2_L-300x208.jpg 300w\" sizes=\"auto, (max-width: 800px) 100vw, 800px\" \/><\/a><\/p>\n<p>El pr\u00f3ximo viernes, una formaci\u00f3n del Tren Patag\u00f3nico volver\u00e1 a unir la Capital Provincial con San Carlos de Bariloche. El servicio, que partir\u00e1 desde Viedma a las 18, cuenta con dos nuevas locomotoras que garantizan la confiabilidad del servicio. Las v\u00edas fueron totalmente acondicionadas luego del temporal que azot\u00f3 gran parte de la Provincia.<\/p>\n<p>Con precios promocionales por el relanzamiento del servicio y con tarifas diferenciadas para los residentes de R\u00edo Negro, volver\u00e1 a funcionar el hist\u00f3rico tren que une la cordillera con el mar.<\/p>\n<p>La formaci\u00f3n, que cumple un recorrido de 820 kil\u00f3metros, est\u00e1 compuesta por dormitorio, pullman, primera, coche comedor con servicio de restaurante a bordo y furg\u00f3n de encomienda.<\/p>\n<p>Los coches pullman est\u00e1n equipados con 52 asientos tipo micro, con asientos de a dos individuales, reclinables, con apoya-pies, aire acondicionado y calefacci\u00f3n, puertas dobles, vidrios dobles en las ventanillas y persianas.<\/p>\n<p>En tanto, los camarotes poseen compartimientos con dos camas en forma de cuchetas de una plaza y est\u00e1n provistos de ropa de cama, toallas y agua mineral. Adem\u00e1s, tiene llave que brinda una mayor tranquilidad al momento de descansar y dirigirse al coche comedor.<\/p>\n<p>Los horarios del tren de pasajeros son: de Viedma a Bariloche, viernes a las 18, y de Bariloche a Viedma, los domingos a las 17. Por su parte, el servicio entre Ingeniero Jacobacci y Bariloche ser\u00e1 domingos a las 17 y 5.30, y viceversa, lunes y mi\u00e9rcoles, a las 17.<\/p>\n<p>Cabe se\u00f1alar que el Tren Patag\u00f3nico conecta desde 1934, Viedma y Bariloche, recorriendo San Antonio Oeste, Valcheta, Ramos Mex\u00eda, Sierra Colorada, Los Menucos, Maquinchao, Jacobacci, Clemente Onelli, Comallo y Pilcaniyeu.<\/p>\n<p>Se trata de un medio de transporte que sac\u00f3 del aislamiento a los pueblos del sur argentino y que hoy se posiciona como un atractivo m\u00e1s para el viajero.<\/p>\n<h6>Fuente: El Cordillerano<\/h6>\n","protected":false},"excerpt":{"rendered":"<p>El pr\u00f3ximo viernes, una formaci\u00f3n del Tren Patag\u00f3nico volver\u00e1 a unir la Capital Provincial con San Carlos de Bariloche. El servicio, que partir\u00e1 desde Viedma a las 18, cuenta con dos nuevas locomotoras que garantizan la confiabilidad del servicio. Las v\u00edas fueron totalmente acondicionadas luego del temporal que azot\u00f3 gran parte de la Provincia. Con<\/p>\n","protected":false},"author":2,"featured_media":7540,"comment_status":"closed","ping_status":"closed","sticky":false,"template":"","format":"standard","meta":{"footnotes":""},"categories":[2],"tags":[11],"class_list":["post-7539","post","type-post","status-publish","format-standard","has-post-thumbnail","hentry","category-informe-municipal","tag-rio-negro"],"_links":{"self":[{"href":"http:\/\/argentinamunicipal.com.ar\/argentina\/wp-json\/wp\/v2\/posts\/7539","targetHints":{"allow":["GET"]}}],"collection":[{"href":"http:\/\/argentinamunicipal.com.ar\/argentina\/wp-json\/wp\/v2\/posts"}],"about":[{"href":"http:\/\/argentinamunicipal.com.ar\/argentina\/wp-json\/wp\/v2\/types\/post"}],"author":[{"embeddable":true,"href":"http:\/\/argentinamunicipal.com.ar\/argentina\/wp-json\/wp\/v2\/users\/2"}],"replies":[{"embeddable":true,"href":"http:\/\/argentinamunicipal.com.ar\/argentina\/wp-json\/wp\/v2\/comments?post=7539"}],"version-history":[{"count":0,"href":"http:\/\/argentinamunicipal.com.ar\/argentina\/wp-json\/wp\/v2\/posts\/7539\/revisions"}],"wp:featuredmedia":[{"embeddable":true,"href":"http:\/\/argentinamunicipal.com.ar\/argentina\/wp-json\/wp\/v2\/media\/7540"}],"wp:attachment":[{"href":"http:\/\/argentinamunicipal.com.ar\/argentina\/wp-json\/wp\/v2\/media?parent=7539"}],"wp:term":[{"taxonomy":"category","embeddable":true,"href":"http:\/\/argentinamunicipal.com.ar\/argentina\/wp-json\/wp\/v2\/categories?post=7539"},{"taxonomy":"post_tag","embeddable":true,"href":"http:\/\/argentinamunicipal.com.ar\/argentina\/wp-json\/wp\/v2\/tags?post=7539"}],"curies":[{"name":"wp","href":"https:\/\/api.w.org\/{rel}","templated":true}]}}