{"id":75971,"date":"2018-05-02T07:11:54","date_gmt":"2018-05-02T10:11:54","guid":{"rendered":"http:\/\/argentinamunicipal.com.ar\/argentina\/?p=75971"},"modified":"2018-05-02T07:11:54","modified_gmt":"2018-05-02T10:11:54","slug":"la-conmovedora-historia-las-marchas-madres-plaza-mayo-nuevo-aniversario","status":"publish","type":"post","link":"http:\/\/argentinamunicipal.com.ar\/argentina\/la-conmovedora-historia-las-marchas-madres-plaza-mayo-nuevo-aniversario\/","title":{"rendered":"La conmovedora historia de las marchas de Madres de Plaza de Mayo en un nuevo aniversario"},"content":{"rendered":"<p>Las Madres celebran 41 a\u00f1os ininterrumpidos de lucha por Memoria, Verdad y Justicia. C\u00f3mo fueron esos primeros encuentros en b\u00fasqueda de sus hijos y c\u00f3mo fue que se constituyeron en un ejemplo de honestidad y perseverancia.<\/p>\n<p>\u00abBasta, no vengamos m\u00e1s ac\u00e1. Se burlan de nosotras. Vayamos a la Plaza de Mayo y llevemosle una carta al Presidente\u00bb, dijo Azucena Villaflor, el d\u00eda en que se cans\u00f3 de acudir a la iglesia Stella Maris y no encontrar respuestas sobre el paradero de sus hijos. Ese fue el punto de partida, as\u00ed fue como nacieron las famosas rondas alrededor de la pir\u00e1mide de Mayo, en plena dictadura militar.\u00a0Un rito de memoria y hero\u00edsmo que hoy cumple 41 a\u00f1os.<\/p>\n<p>Esa primera reuni\u00f3n p\u00fablica tuvo lugar el s\u00e1bado 30 de abril de 1977 y participaron 13 madres y una chica joven -que se hab\u00eda acercado tras la desaparici\u00f3n de su hermana-. El motor fue\u00a0Azucena Villaflor,\u00a0un ama de casa que -cansada de recorrer ministerios y dependencias p\u00fablicas sin obtener respuestas sobre el paradero de sus hijos- inst\u00f3 a sus compa\u00f1eras a visibilizar la causa.<\/p>\n<p>El siguiente encuentro y algunos subsiguientes tuvieron lugar los d\u00edas viernes, hasta que alguna madre supersticiosa advirti\u00f3 que \u00abese d\u00eda traer\u00eda mala suerte, que era d\u00eda de brujas\u00bb.\u00a0All\u00ed, decidieron trasladar sus encuentros de manera definitiva a los jueves.\u00a0Se reunieron todos los jueves a las 15.30, desde hace 40 a\u00f1os.<\/p>\n<p>El concepto de caminar en c\u00edrculos no rigi\u00f3 los primeros encuentros all\u00e1 por 1977. Al principio, se congregaban alrededor del monumento a Manuel Belgrano y se reconoc\u00edan por un clavo que llevaban en la solapa de sus sacos.<\/p>\n<p>Pero cada vez comenzaron a hacerse m\u00e1s conocidas y a \u00abmolestar\u00bb al poder de turno. En una de esas jornadas, un polic\u00eda comenz\u00f3 a hostigarlas al grito de \u00abcirculen\u00bb. Reg\u00eda el estado de sitio y seg\u00fan \u00e9l no pod\u00edan estar en reuni\u00f3n, por eso comenzaron a dar vueltas alrededor de la Plaza. Primero de a dos, de a tres o de a cuatro. En unos meses, fueron muchas m\u00e1s y decidieron llevar un pa\u00f1uelo blanco en sus cabezas para reconocerse.<\/p>\n<p>\u00abLas marchas de los jueves son para nosotras un momento revolucionario. Es el momento del reencuentro con nuestros hijos\u00bb, dijo\u00a0Hebe de Bonafini,\u00a0en alguna oportunidad.<\/p>\n<p>Hayde\u00e9 Gastel\u00fa de Garc\u00eda Buela\u00a0suele recordar que en esas primeras marchas sent\u00edan \u00abmucho miedo y soledad\u00bb. \u00abSe llevaron hasta a las Madres porque lo que m\u00e1s les molestaba era esa presencia silenciosa. La desaparici\u00f3n de Azucena nos llen\u00f3 de tristeza pero nos uni\u00f3 m\u00e1s y nos marc\u00f3 que el nuestro era el verdadero camino, porque nosotras lo que busc\u00e1bamos era Memoria, Verdad y Justicia\u00bb, dijo.<\/p>\n<p>A las madres, los militares comenzaron a llamarlas\u00a0\u00abLas Locas de la Plaza\u00bb, porque cuando algo incomoda, siempre se tiende a desacreditarlo. El origen del apodo fue revelado por el periodista franc\u00e9s\u00a0Jean Pierre Bousquet, \u00fanico acreditado ante las Fuerzas Armadas por aquella \u00e9poca. Y como escribi\u00f3 el poeta uruguayo\u00a0Eduardo Galeano,\u00a0\u00ablas locas de Plaza de Mayo ser\u00e1n un ejemplo de salud mental porque ellas se negaron a olvidar en los tiempos de la amnesia obligatoria\u00bb.<\/p>\n<h6>Fuente. Infonews<\/h6>\n","protected":false},"excerpt":{"rendered":"<p>Las Madres celebran 41 a\u00f1os ininterrumpidos de lucha por Memoria, Verdad y Justicia. C\u00f3mo fueron esos primeros encuentros en b\u00fasqueda de sus hijos y c\u00f3mo fue que se constituyeron en un ejemplo de honestidad y perseverancia.<br \/>\n\u00a0<\/p>\n","protected":false},"author":2,"featured_media":75972,"comment_status":"closed","ping_status":"closed","sticky":false,"template":"","format":"standard","meta":{"footnotes":""},"categories":[8],"tags":[21],"class_list":["post-75971","post","type-post","status-publish","format-standard","has-post-thumbnail","hentry","category-informe-nacional","tag-argentina"],"_links":{"self":[{"href":"http:\/\/argentinamunicipal.com.ar\/argentina\/wp-json\/wp\/v2\/posts\/75971","targetHints":{"allow":["GET"]}}],"collection":[{"href":"http:\/\/argentinamunicipal.com.ar\/argentina\/wp-json\/wp\/v2\/posts"}],"about":[{"href":"http:\/\/argentinamunicipal.com.ar\/argentina\/wp-json\/wp\/v2\/types\/post"}],"author":[{"embeddable":true,"href":"http:\/\/argentinamunicipal.com.ar\/argentina\/wp-json\/wp\/v2\/users\/2"}],"replies":[{"embeddable":true,"href":"http:\/\/argentinamunicipal.com.ar\/argentina\/wp-json\/wp\/v2\/comments?post=75971"}],"version-history":[{"count":0,"href":"http:\/\/argentinamunicipal.com.ar\/argentina\/wp-json\/wp\/v2\/posts\/75971\/revisions"}],"wp:featuredmedia":[{"embeddable":true,"href":"http:\/\/argentinamunicipal.com.ar\/argentina\/wp-json\/wp\/v2\/media\/75972"}],"wp:attachment":[{"href":"http:\/\/argentinamunicipal.com.ar\/argentina\/wp-json\/wp\/v2\/media?parent=75971"}],"wp:term":[{"taxonomy":"category","embeddable":true,"href":"http:\/\/argentinamunicipal.com.ar\/argentina\/wp-json\/wp\/v2\/categories?post=75971"},{"taxonomy":"post_tag","embeddable":true,"href":"http:\/\/argentinamunicipal.com.ar\/argentina\/wp-json\/wp\/v2\/tags?post=75971"}],"curies":[{"name":"wp","href":"https:\/\/api.w.org\/{rel}","templated":true}]}}