{"id":75974,"date":"2018-05-02T07:16:13","date_gmt":"2018-05-02T10:16:13","guid":{"rendered":"http:\/\/argentinamunicipal.com.ar\/argentina\/?p=75974"},"modified":"2018-05-02T07:16:13","modified_gmt":"2018-05-02T10:16:13","slug":"una-durisima-carta-sacerdote-le-pidio-macri-deje-burlarse-los-pobres","status":"publish","type":"post","link":"http:\/\/argentinamunicipal.com.ar\/argentina\/una-durisima-carta-sacerdote-le-pidio-macri-deje-burlarse-los-pobres\/","title":{"rendered":"En una dur\u00edsima carta, un sacerdote le pidi\u00f3 a Macri que \u201cdeje de burlarse de los pobres\u201d"},"content":{"rendered":"<p>Se trata de Eduardo de la Serna, coordinador del Grupo de Curas en la Opci\u00f3n por los Pobres quien le record\u00f3 que \u201cel tan mentado \u2018emprendedurismo\u2019 y la \u2018meritocracia\u2019 no funcionan en los barrios\u201d.<\/p>\n<p>Te\u00f3logo y coordinador del\u00a0Grupo de Curas en la Opci\u00f3n por los Pobres,\u00a0Eduardo de la Serna\u00a0le envi\u00f3 una dura carta al presidente Mauricio\u00a0Macri\u00a0\u00a0de no haber tomado \u201cni una sola\u201d \u201cmedida en favor del pueblo\u201d y de enriquecerse junto con su entorno.\u00a0 En ese sentido,\u00a0 le pregunt\u00f3: \u201c\u00bfSer\u00eda mucho pedirle que no hable? \u00bfQu\u00e9 deje de burlarse de los pobres y de quienes estamos con ellos?\u201d<\/p>\n<p>\u201cUsted deshonra su investidura\u00a0no solamente por la burla sistem\u00e1tica de los pobres y las v\u00edctimas de este modelo que impone, sino por frases como \u2018no hay otro camino\u2019, \u2018a m\u00ed me duele tomar estas medidas\u2019 o humoradas semejantes\u201d, acus\u00f3 el sacerdote.<\/p>\n<p>\u201cLa desocupaci\u00f3n en nuestras comunidades y barrios cada vez golpea m\u00e1s, las esperanzas de crecer se amputan con los cierres de planes como el progresar o el Conectar Igualdad, que nunca los cerraron, simplemente no los ejecutan\u201d, acusa en un tramo de la carta.<\/p>\n<p>En ese sentido se\u00f1ala que \u201cel tan mentado \u2018emprendedurismo\u2019 y la \u2018meritocracia\u2019 no funcionan en los barrios\u00a0que no pueden poner una tiendita cuyas tarifas jam\u00e1s podr\u00e1n pagar, pero de todo esto usted no se entera, porque cuando vienen a \u2018timbrear\u2019 se aseguran antes de ir a los lugares apropiados, o se hacen acompa\u00f1ar por \u2018la Doce\u2019, que en un tiempo lejano, era popular\u201d.<\/p>\n<p>LA CARTA COMPLETA<br \/>\n\u201cSe\u00f1or presidente:<\/p>\n<p>\u201cMe dirijo a usted con el respeto que merece su investidura. Una investidura que usted deshonra d\u00eda a d\u00eda, debo decirlo. No tengo la esperanza que usted me lea, y \u2013 por aquello del \u201cpeor sordo\u201d \u2013 tampoco tengo esperanzas de que sepa usted leer.<\/p>\n<p>\u201cHace unos pocos a\u00f1os, cuando sali\u00f3 a la luz (tard\u00edamente, por cierto, para que la noticia fuera p\u00fablica despu\u00e9s de las elecciones) el esc\u00e1ndalo internacional de los \u201cPanama papers\u201d yo dije que deb\u00eda usted renunciar. Seg\u00fan uno de los mediocres dizque periodistas que le hacen la corte, usted les pregunt\u00f3 a los obispos argentinos, que lo saludaron en esos d\u00edas, qui\u00e9n era yo, y uno de ellos le dijo que era \u201cun cura marginal\u201d. Debo comentarle que uno de los mejores, si no el mejor libro sobre la persona hist\u00f3rica de Jes\u00fas, se llama precisamente \u201cUn jud\u00edo marginal\u201d con lo cual creo no merecer ese elogio episcopal que aparentemente me prodigaron.<\/p>\n<p>\u201cLos que creemos en la democracia entendemos que se trata de un \u201cgobierno del pueblo\u201d, que el pueblo se expresa en las urnas peri\u00f3dicamente y de ellas emanan algunos de los poderes de la Rep\u00fablica como el legislativo y el ejecutivo. Dejo de lado que cuando hubo intentos de que tambi\u00e9n el pueblo tuviera injerencia en el poder judicial \u00e9ste lo vet\u00f3 con una extra\u00f1a argumentaci\u00f3n que lo constitu\u00eda literalmente en juez y parte. Pero muchos de los que creemos en esa democracia no aceptamos que esta se limite simplemente a votar cada dos a\u00f1os mientras somos espectadores pasivos de lo que los elegidos hagan a su antojo. Especialmente cuando todo indica que fueron elegidos por decir que har\u00edan una cosa y luego hicieron absolutamente lo contrario. Ser\u00eda una democracia muy absurda una en la que el pueblo no es parte. Debo decir que he hecho esfuerzos, e incluso consultado con compa\u00f1eros y amigos y hasta ahora, en sus m\u00e1s de dos a\u00f1os de gobierno no hemos encontrado ni una, \u00a1ni una sola!, medida en favor del pueblo. Y entretanto, usted y los suyos (no me animar\u00eda a llamarlos amigos, ni siquiera usted lo hace ya que al referirse a \u201cNicky\u201d lo llama \u201chermano de la vida\u201d) se enriquecen, se empoderan al tiempo que se burlan de todos con discursos absurdos o con slogans vac\u00edos (algo que, debo reconocerlo, los caracteriza desde su fundaci\u00f3n; vac\u00edos como los globos).<\/p>\n<p>\u201cDec\u00eda que usted deshonra su investidura no solamente por la burla sistem\u00e1tica de los pobres y las v\u00edctimas de este modelo que impone, sino por frases como \u201cno hay otro camino\u201d, \u201ca m\u00ed me duele tomar estas medidas\u201d o humoradas semejantes. Todos sabemos, aunque a veces no lo recordemos, que s\u00ed hay otro camino, y que a usted no le duele nada tomarlas. La desocupaci\u00f3n en nuestras comunidades y barrios cada vez golpea m\u00e1s, las esperanzas de crecer se amputan con los cierres de planes como el progresar o el Conectar Igualdad, que nunca los cerraron, simplemente no los ejecutan (o ponen un radical para que lo haga, lo cual es lo mismo), el tan mentado \u201cemprendedurismo\u201d y la \u201cmeritocracia\u201d no funcionan en los barrios que no pueden poner una tiendita cuyas tarifas jam\u00e1s podr\u00e1n pagar, pero de todo esto usted no se entera, porque cuando vienen a \u201ctimbrear\u201d se aseguran antes de ir a los lugares apropiados, o se hacen acompa\u00f1ar por \u201cla Doce\u201d, que en un tiempo lejano, era popular. Y \u2013 claro \u2013 todo esto debidamente presentado en un packaging adecuado: sacan el pan de los comedores y lo presentan como \u201ccuidar lo mejor para nuestros chicos\u201d, la inepta gobernadora ya no calza botitas para visitar inundados y goza del escudo que le significa que nadie le pregunte, o repregunte a sus absurdas respuestas, y hasta el jefe de gabinete, cuando tiene tiempo entre trolles y call centers nos dice que la gente no va a los mercados porque compra on line por internet, cosa que me interesar\u00eda saber en mi barrio y los vecinos c\u00f3mo se podr\u00eda hacer.<\/p>\n<p>\u201cNo pretendo que usted renuncie; deber\u00eda importarle \u201cel pueblo\u201d (al que usted llamaba \u201cgente\u201d), no pretendo que tome medidas en favor de los pobres, no pretendo que deje de tener injerencia en el poder judicial, ya debidamente cooptado y obsecuente, en especial la que antes nos enorgullec\u00eda Corte Suprema (\u00bfalguna vez en juez Rosenkrantz va a tener un fallo en favor de los pobres?). Simplemente una cosa: \u00bfser\u00eda mucho pedirle que no hable? \u00bfQu\u00e9 deje de burlarse de los pobres y de quienes estamos con ellos? S\u00e9 que me llamar\u00e1n (los que lean esta carta y le den letra, por ejemplo) \u201cpopulista\u201d, palabra polis\u00e9mica si las hay (\u201cpolis\u00e9mica\u201d quiere decir que tiene variados sentidos o significantes, por si lo ignora), palabra vacua, marketinera y estigmatizante en boca de usted y los suyos. No se preocupe, no se gaste, ya lo s\u00e9. S\u00f3lo me atrevo a pedirle un \u00fanico gesto de respeto a los pobres que son v\u00edctimas de su gobierno. Pero sospecho que ni esto conseguiremos, a eso estamos resignados. Pero no nos resignamos a seguir luchando por la justicia, por la paz y por un gobierno para el pueblo (\u00a1tan distinto del suyo!).<\/p>\n<p>\u201cMe despido de usted con respeto<\/p>\n<p>\u201cBernal, 26 de abril de 2018\u201d<\/p>\n<h6>Fuente: InfoNews<\/h6>\n","protected":false},"excerpt":{"rendered":"<p>Se trata de Eduardo de la Serna, coordinador del Grupo de Curas en la Opci\u00f3n por los Pobres quien le record\u00f3 que \u201cel tan mentado \u2018emprendedurismo\u2019 y la \u2018meritocracia\u2019 no funcionan en los barrios\u201d.<\/p>\n","protected":false},"author":2,"featured_media":75975,"comment_status":"closed","ping_status":"closed","sticky":false,"template":"","format":"standard","meta":{"footnotes":""},"categories":[8],"tags":[21],"class_list":["post-75974","post","type-post","status-publish","format-standard","has-post-thumbnail","hentry","category-informe-nacional","tag-argentina"],"_links":{"self":[{"href":"http:\/\/argentinamunicipal.com.ar\/argentina\/wp-json\/wp\/v2\/posts\/75974","targetHints":{"allow":["GET"]}}],"collection":[{"href":"http:\/\/argentinamunicipal.com.ar\/argentina\/wp-json\/wp\/v2\/posts"}],"about":[{"href":"http:\/\/argentinamunicipal.com.ar\/argentina\/wp-json\/wp\/v2\/types\/post"}],"author":[{"embeddable":true,"href":"http:\/\/argentinamunicipal.com.ar\/argentina\/wp-json\/wp\/v2\/users\/2"}],"replies":[{"embeddable":true,"href":"http:\/\/argentinamunicipal.com.ar\/argentina\/wp-json\/wp\/v2\/comments?post=75974"}],"version-history":[{"count":0,"href":"http:\/\/argentinamunicipal.com.ar\/argentina\/wp-json\/wp\/v2\/posts\/75974\/revisions"}],"wp:featuredmedia":[{"embeddable":true,"href":"http:\/\/argentinamunicipal.com.ar\/argentina\/wp-json\/wp\/v2\/media\/75975"}],"wp:attachment":[{"href":"http:\/\/argentinamunicipal.com.ar\/argentina\/wp-json\/wp\/v2\/media?parent=75974"}],"wp:term":[{"taxonomy":"category","embeddable":true,"href":"http:\/\/argentinamunicipal.com.ar\/argentina\/wp-json\/wp\/v2\/categories?post=75974"},{"taxonomy":"post_tag","embeddable":true,"href":"http:\/\/argentinamunicipal.com.ar\/argentina\/wp-json\/wp\/v2\/tags?post=75974"}],"curies":[{"name":"wp","href":"https:\/\/api.w.org\/{rel}","templated":true}]}}