{"id":75980,"date":"2018-05-02T06:25:24","date_gmt":"2018-05-02T09:25:24","guid":{"rendered":"http:\/\/argentinamunicipal.com.ar\/argentina\/?p=75980"},"modified":"2018-05-02T07:27:58","modified_gmt":"2018-05-02T10:27:58","slug":"segun-la-uca-la-pobreza-infantil-se-incremento-ano-pasado","status":"publish","type":"post","link":"http:\/\/argentinamunicipal.com.ar\/argentina\/segun-la-uca-la-pobreza-infantil-se-incremento-ano-pasado\/","title":{"rendered":"Seg\u00fan la UCA, la pobreza infantil se increment\u00f3 el a\u00f1o pasado"},"content":{"rendered":"<p>Pese a los n\u00fameros que muestra el Gobierno, el\u00a0Observatorio de la Deuda Social Argentina observ\u00f3 una suba de m\u00e1s de dos puntos respecto de 2016.<\/p>\n<p>M\u00e1s de\u00a0ocho millones\u00a0de ni\u00f1os y adolescentes viven en hogares con alg\u00fan tipo de privaci\u00f3n, seg\u00fan el \u00faltimo informe elaborado por la Universidad Cat\u00f3lica Argentina (UCA), el cual advirti\u00f3 que\u00a0la pobreza infantil en 2017 subi\u00f3 del 60,4 al 62,5 por ciento.<\/p>\n<p>El estudio elaborado por el\u00a0Observatorio de la Deuda Social Argentina de la UCA, se\u00f1al\u00f3 que si bien el a\u00f1o pasado hubo ciertos avances en los ingresos, la pobreza en chicos de hasta 17 a\u00f1os avanz\u00f3 2,1 por ciento frente a 2016, al tomar en cuenta factores sociales.<\/p>\n<p>As\u00ed, se encuentran privados de condiciones b\u00e1sicas, como\u00a0vivienda, alimentaci\u00f3n y salud, 8,2 millones\u00a0de ni\u00f1os y adolescentes.<\/p>\n<p>En el nuevo sondeo en el que la UCA incluy\u00f3 m\u00e1s zonas para analizar, la instituci\u00f3n se\u00f1al\u00f3 que la pobreza infantil que se mide de acuerdo con las Necesidades B\u00e1sicas Insatisfechas llega al\u00a028 por ciento.<\/p>\n<p>Los\u00a0datos m\u00e1s alarmantes fueron registrados en el Conurbano, ya que en ese territorio la pobreza alcanza al 75,3% de los ni\u00f1os.<\/p>\n<h6>Fuente: InfoNews<\/h6>\n","protected":false},"excerpt":{"rendered":"<p>Pese a los n\u00fameros que muestra el Gobierno, el\u00a0Observatorio de la Deuda Social Argentina observ\u00f3 una suba de m\u00e1s de dos puntos respecto de 2016.<\/p>\n","protected":false},"author":2,"featured_media":75981,"comment_status":"closed","ping_status":"closed","sticky":false,"template":"","format":"standard","meta":{"footnotes":""},"categories":[8],"tags":[21],"class_list":["post-75980","post","type-post","status-publish","format-standard","has-post-thumbnail","hentry","category-informe-nacional","tag-argentina"],"_links":{"self":[{"href":"http:\/\/argentinamunicipal.com.ar\/argentina\/wp-json\/wp\/v2\/posts\/75980","targetHints":{"allow":["GET"]}}],"collection":[{"href":"http:\/\/argentinamunicipal.com.ar\/argentina\/wp-json\/wp\/v2\/posts"}],"about":[{"href":"http:\/\/argentinamunicipal.com.ar\/argentina\/wp-json\/wp\/v2\/types\/post"}],"author":[{"embeddable":true,"href":"http:\/\/argentinamunicipal.com.ar\/argentina\/wp-json\/wp\/v2\/users\/2"}],"replies":[{"embeddable":true,"href":"http:\/\/argentinamunicipal.com.ar\/argentina\/wp-json\/wp\/v2\/comments?post=75980"}],"version-history":[{"count":0,"href":"http:\/\/argentinamunicipal.com.ar\/argentina\/wp-json\/wp\/v2\/posts\/75980\/revisions"}],"wp:featuredmedia":[{"embeddable":true,"href":"http:\/\/argentinamunicipal.com.ar\/argentina\/wp-json\/wp\/v2\/media\/75981"}],"wp:attachment":[{"href":"http:\/\/argentinamunicipal.com.ar\/argentina\/wp-json\/wp\/v2\/media?parent=75980"}],"wp:term":[{"taxonomy":"category","embeddable":true,"href":"http:\/\/argentinamunicipal.com.ar\/argentina\/wp-json\/wp\/v2\/categories?post=75980"},{"taxonomy":"post_tag","embeddable":true,"href":"http:\/\/argentinamunicipal.com.ar\/argentina\/wp-json\/wp\/v2\/tags?post=75980"}],"curies":[{"name":"wp","href":"https:\/\/api.w.org\/{rel}","templated":true}]}}