{"id":76003,"date":"2018-05-02T08:11:57","date_gmt":"2018-05-02T11:11:57","guid":{"rendered":"http:\/\/argentinamunicipal.com.ar\/argentina\/?p=76003"},"modified":"2018-05-02T08:11:57","modified_gmt":"2018-05-02T11:11:57","slug":"cristina-dilma-denunciaron-ataque-los-gobiernos-populares","status":"publish","type":"post","link":"http:\/\/argentinamunicipal.com.ar\/argentina\/cristina-dilma-denunciaron-ataque-los-gobiernos-populares\/","title":{"rendered":"Cristina y Dilma denunciaron el \u00abataque a los gobiernos populares\u00bb"},"content":{"rendered":"<p>El encuentro entre ambas expresidentas se realiz\u00f3 en el departamento en el que reside Cristina Kirchner en Buenos Aires. Las mujeres destacaron el rol del detenido exmandatario brasile\u00f1o Lula da Silva.<\/p>\n<p>La senadora nacional Cristina Kirchner recibi\u00f3 este martes en su departamento del barrio porte\u00f1o de Recoleta a la expresidenta de Brasil Dilma Rousseff, con quien dialog\u00f3 sobre la situaci\u00f3n del l\u00edder del Partido de los Trabajadores, Luiz In\u00e1cio \u00abLula\u00bb Da Silva, y \u00abel ataque a los gobiernos populares y el retroceso social y econ\u00f3mico\u00bb de Latinoam\u00e9rica.<\/p>\n<p>\u00abPrimero de mayo con Dilma. Hablamos de Lula, primer presidente obrero de Brasil, del ataque a los gobiernos populares y del retroceso social y econ\u00f3mico de nuestros pueblos despu\u00e9s del ataque\u00bb, sostuvo la l\u00edder de Unidad Ciudadana.<\/p>\n<p>A trav\u00e9s de su cuenta de Twitter, Cristina Kirchner public\u00f3 dos fotos junto a Rousseff\u00a0en el living de su departamento ubicado en la esquina de Uruguay y Juncal, en el barrio porte\u00f1o de Recoleta.<br \/>\n\u00abArgentina y Brasil, demasiadas coincidencias para ser casualidad. Todo tiene que ver con todo\u00bb, concluy\u00f3 la exjefa de Estado.<\/p>\n<p>La extitular del Palacio del Planalto se encuentra en la Argentina para participar de diversas actividades: un acto por el 1\u00b0 de Mayo junto a la CGT; la presentaci\u00f3n del libro \u00abLa verdad vencer\u00e1\u00bb, de Lula Da Silva, acompa\u00f1ada por el expresidente colombiano y \u00faltimo secretario general de la Uni\u00f3n Suramericana de Naciones (Unasur), Ernesto Samper Pizano; y un encuentro con representantes de la cultura.<\/p>\n<h6>Fuente: El Once<\/h6>\n","protected":false},"excerpt":{"rendered":"<p>El encuentro entre ambas expresidentas se realiz\u00f3 en el departamento en el que reside Cristina Kirchner en Buenos Aires. Las mujeres destacaron el rol del detenido exmandatario brasile\u00f1o Lula da Silva.<\/p>\n","protected":false},"author":2,"featured_media":76004,"comment_status":"closed","ping_status":"closed","sticky":false,"template":"","format":"standard","meta":{"footnotes":""},"categories":[8],"tags":[21],"class_list":["post-76003","post","type-post","status-publish","format-standard","has-post-thumbnail","hentry","category-informe-nacional","tag-argentina"],"_links":{"self":[{"href":"http:\/\/argentinamunicipal.com.ar\/argentina\/wp-json\/wp\/v2\/posts\/76003","targetHints":{"allow":["GET"]}}],"collection":[{"href":"http:\/\/argentinamunicipal.com.ar\/argentina\/wp-json\/wp\/v2\/posts"}],"about":[{"href":"http:\/\/argentinamunicipal.com.ar\/argentina\/wp-json\/wp\/v2\/types\/post"}],"author":[{"embeddable":true,"href":"http:\/\/argentinamunicipal.com.ar\/argentina\/wp-json\/wp\/v2\/users\/2"}],"replies":[{"embeddable":true,"href":"http:\/\/argentinamunicipal.com.ar\/argentina\/wp-json\/wp\/v2\/comments?post=76003"}],"version-history":[{"count":0,"href":"http:\/\/argentinamunicipal.com.ar\/argentina\/wp-json\/wp\/v2\/posts\/76003\/revisions"}],"wp:featuredmedia":[{"embeddable":true,"href":"http:\/\/argentinamunicipal.com.ar\/argentina\/wp-json\/wp\/v2\/media\/76004"}],"wp:attachment":[{"href":"http:\/\/argentinamunicipal.com.ar\/argentina\/wp-json\/wp\/v2\/media?parent=76003"}],"wp:term":[{"taxonomy":"category","embeddable":true,"href":"http:\/\/argentinamunicipal.com.ar\/argentina\/wp-json\/wp\/v2\/categories?post=76003"},{"taxonomy":"post_tag","embeddable":true,"href":"http:\/\/argentinamunicipal.com.ar\/argentina\/wp-json\/wp\/v2\/tags?post=76003"}],"curies":[{"name":"wp","href":"https:\/\/api.w.org\/{rel}","templated":true}]}}