{"id":76019,"date":"2018-05-03T06:00:39","date_gmt":"2018-05-03T09:00:39","guid":{"rendered":"http:\/\/argentinamunicipal.com.ar\/argentina\/?p=76019"},"modified":"2018-05-03T06:40:44","modified_gmt":"2018-05-03T09:40:44","slug":"negociar-confrontar-esa-la-cuestion","status":"publish","type":"post","link":"http:\/\/argentinamunicipal.com.ar\/argentina\/negociar-confrontar-esa-la-cuestion\/","title":{"rendered":"Negociar o confrontar, esa es la cuesti\u00f3n"},"content":{"rendered":"<p>Los triunviros adelantaron su rechazo pero no definieron la estrategia. Los gremios que responden a Moyano y Barrionuevo pugnan por confrontar. El devenir del proyecto impactar\u00e1 en la definici\u00f3n de la futura conducci\u00f3n de la CGT.<\/p>\n<p>La reuni\u00f3n del Consejo Directivo de hoy de la CGT estar\u00e1 atravesado por el proyecto de reforma laboral que remiti\u00f3 el gobierno a la C\u00e1mara de Senadores. Todo indica que una iniciativa legislativa de estas caracter\u00edsticas, que promueve un c\u00e1lculo de las indemnizaciones perjudicial para los trabajadores, deber\u00eda postergar la disputa interna por la nueva conducci\u00f3n de la central obrera. Sin embargo, bien puede servir para agudizar esta lucha intestina. Por caso, los gremios barrionuevistas y moyanistas hab\u00edan perge\u00f1ado una estrategia para obligar a los sectores conocidos como gordos e independientes a confrontar con el gobierno de Cambiemos y este proyecto les allana el camino.<\/p>\n<p>En rigor, los tres dirigentes que conducen la CGT anticiparon por separado su rechazo al proyecto oficialista. El primero fue Juan Carlos Schmid (dragado), quien desde Curitiba, hasta donde fue para participar de un acto en favor de la libertad de Lula, dijo que \u201cno hay confianza en las propuestas del Gobierno porque primero dice una cosa y termina haciendo otra. Si en el proyecto aparece este tema de rebaja de indemnizaci\u00f3n ante despidos, lo voy a rechazar\u201d. El martes pasado, H\u00e9ctor Daer (sanidad) tambi\u00e9n lo repudi\u00f3 aun que de una manera m\u00e1s el\u00edptica: \u201cQuieren hacer desaparecer las indemnizaciones como si eso fuera el problema de la inversi\u00f3n en la Argentina\u201d. Ayer fue el turno de Carlos Acu\u00f1a (estaciones de servicio) pero no solo se opuso sino que tambi\u00e9n se refiri\u00f3 a la disputa interna de la CGT al sostener que es preciso \u201ctrabajar para que en la futura reorganizaci\u00f3n de la CGT estemos todos los sectores para defender los intereses de los trabajadores\u201d. Luego advirti\u00f3 que no participar\u00e1 de una nueva conducci\u00f3n que se ocupe de \u201cfavorecer al Gobierno y sus amigos empresarios, que ya ratificaron su apoyo a las pol\u00edticas econ\u00f3micas. El panorama econ\u00f3mico cambi\u00f3 en el \u00faltimos meses con m\u00e1s despidos, ajustes, alza de precios y una inflaci\u00f3n que el Gobierno no puede domar\u201d, se\u00f1al\u00f3.<\/p>\n<p>En principio el moyanismo y los barrionuevistas, que desde hace poco volvieron a acercarse, ten\u00edan planificado presentar en la reuni\u00f3n de hoy un plan de cinco puntos para que el triunvirato y el Consejo Directivo pongan en pr\u00e1ctica. Una mini agenda con la que se buscar\u00e1 confrontar con el gobierno y, de paso, poner en aprietos a gordos e independientes que suelen tener una mayor tendencia al di\u00e1logo aunque no mucho m\u00e1s que los gremios que responden a Luis Barrionuevo. El objetivo de fondo, seg\u00fan trascendi\u00f3, es evitar que gordos e independientes impongan el futuro secretario general de la central obrera y que todos imaginan que el postulante es Daer.<\/p>\n<p>Por otra parte, la estrategia incluye la propuesta de sumar a la CGT a las organizaciones sociales que integran lo que se conoce como el Sindicato \u00danico de Trabajadores de la Econom\u00eda Popular. Si bien esto no se concretar\u00e1 en el corto plazo lo cierto es que abre un debate sobre las representaciones sindicales y el perfil que podr\u00eda llegar a tener la futura conducci\u00f3n cegetista. Pero adem\u00e1s la intenci\u00f3n de esta alianza es promover un paro general en repudio a la crisis que est\u00e1 provocando la pol\u00edtica econ\u00f3mica del gobierno de Mauricio Macri.<\/p>\n<p>A los dichos de Acu\u00f1a, que le otorgaron verosimilitud a la estrategia que trascendi\u00f3, hay que sumarles las declaraciones de Pablo Moyano cuando advirti\u00f3 que \u201cla reducci\u00f3n de las indemnizaciones va a producir una ola de despidos importantes\u201d para luego se\u00f1alar que es preciso \u201cconsensuar con el resto de los dirigentes si se va a un paro general\u201d. Hoy, cuando el Consejo Directivo se re\u00fana a partir de las 14, se ver\u00e1 si la CGT se pone en movimiento.<\/p>\n<h6>Fuente: P\u00e1gina 12<\/h6>\n","protected":false},"excerpt":{"rendered":"<p>Los triunviros adelantaron su rechazo pero no definieron la estrategia. Los gremios que responden a Moyano y Barrionuevo pugnan por confrontar. El devenir del proyecto impactar\u00e1 en la definici\u00f3n de la futura conducci\u00f3n de la CGT.<\/p>\n","protected":false},"author":2,"featured_media":76020,"comment_status":"closed","ping_status":"closed","sticky":false,"template":"","format":"standard","meta":{"footnotes":""},"categories":[8],"tags":[21],"class_list":["post-76019","post","type-post","status-publish","format-standard","has-post-thumbnail","hentry","category-informe-nacional","tag-argentina"],"_links":{"self":[{"href":"http:\/\/argentinamunicipal.com.ar\/argentina\/wp-json\/wp\/v2\/posts\/76019","targetHints":{"allow":["GET"]}}],"collection":[{"href":"http:\/\/argentinamunicipal.com.ar\/argentina\/wp-json\/wp\/v2\/posts"}],"about":[{"href":"http:\/\/argentinamunicipal.com.ar\/argentina\/wp-json\/wp\/v2\/types\/post"}],"author":[{"embeddable":true,"href":"http:\/\/argentinamunicipal.com.ar\/argentina\/wp-json\/wp\/v2\/users\/2"}],"replies":[{"embeddable":true,"href":"http:\/\/argentinamunicipal.com.ar\/argentina\/wp-json\/wp\/v2\/comments?post=76019"}],"version-history":[{"count":0,"href":"http:\/\/argentinamunicipal.com.ar\/argentina\/wp-json\/wp\/v2\/posts\/76019\/revisions"}],"wp:featuredmedia":[{"embeddable":true,"href":"http:\/\/argentinamunicipal.com.ar\/argentina\/wp-json\/wp\/v2\/media\/76020"}],"wp:attachment":[{"href":"http:\/\/argentinamunicipal.com.ar\/argentina\/wp-json\/wp\/v2\/media?parent=76019"}],"wp:term":[{"taxonomy":"category","embeddable":true,"href":"http:\/\/argentinamunicipal.com.ar\/argentina\/wp-json\/wp\/v2\/categories?post=76019"},{"taxonomy":"post_tag","embeddable":true,"href":"http:\/\/argentinamunicipal.com.ar\/argentina\/wp-json\/wp\/v2\/tags?post=76019"}],"curies":[{"name":"wp","href":"https:\/\/api.w.org\/{rel}","templated":true}]}}