{"id":76025,"date":"2018-05-03T05:43:32","date_gmt":"2018-05-03T08:43:32","guid":{"rendered":"http:\/\/argentinamunicipal.com.ar\/argentina\/?p=76025"},"modified":"2018-05-03T06:45:30","modified_gmt":"2018-05-03T09:45:30","slug":"proyecto-vino-sorpresa","status":"publish","type":"post","link":"http:\/\/argentinamunicipal.com.ar\/argentina\/proyecto-vino-sorpresa\/","title":{"rendered":"Un proyecto que vino con sorpresa"},"content":{"rendered":"<p>En los anexos del proyecto de reforma laboral que el Gobierno mand\u00f3 al Congreso desliz\u00f3 una cl\u00e1usula que modifica el c\u00e1lculo de las indemnizaciones por despido. La CGT y el moyanismo adelantaron su rechazo.<\/p>\n<p>El proyecto presentado por el Gobierno para modificar el c\u00e1lculo de indemnizaciones y crear un fondo patronal para los despidos sigue cosechando rechazos. La iniciativa, que tambi\u00e9n plantea un blanqueo para empresarios con trabajadores no registrados, un sistema de pasant\u00edas y mayores restricciones para acceder a la salud, fue cuestionada por uno de los secretarios generales de la CGT, Juan Carlos Schmid. \u201cNo hay confianza en las propuestas del Gobierno porque primero dice una cosa y termina haciendo otra. Si en el proyecto aparece este tema de rebaja de indemnizaci\u00f3n ante despidos, lo voy a rechazar\u201d, indic\u00f3 el dirigente. Por ahora, la central sindical buscar\u00e1 reuniones en el Congreso para frenar la iniciativa. El sector de Hugo Moyano ya piensa en medidas de fuerza.<\/p>\n<p>El gobierno de Mauricio Macri decidi\u00f3 reflotar la reforma laboral justo en las v\u00edsperas del D\u00eda Internacional del Trabajador. La present\u00f3 el viernes pasado e ingres\u00f3 al Congreso por el Senado. En los t\u00edtulos aparecen tres proyectos, en los que se dividi\u00f3 la reforma laboral original:<\/p>\n<p>Blanqueo: el proyecto plantea que los empresarios que registren trabajadores ser\u00e1n beneficiados con la extinci\u00f3n de la acci\u00f3n penal y liberaci\u00f3n de las infracciones, multas y sanciones de cualquier naturaleza. Se los dar\u00e1 de baja tambi\u00e9n del Registro de Empleadores con Sanciones Laborales. El trabajador que es blanqueado deber\u00e1 \u201crenunciar a toda acci\u00f3n y derecho\u201d contra su empleador.<br \/>\nPasant\u00edas: propone un \u201cSistema de Pr\u00e1cticas Formativas\u201d para estudiantes mayores de 18 a\u00f1os (el proyecto de Secundarias del Futuro en la Ciudad de Buenos Aires lo extiende a quienes cursen quinto a\u00f1o, solo que sin remuneraci\u00f3n). A cambio de su trabajo, recibir\u00e1n no un sueldo sino un \u201cest\u00edmulo\u201d (pago no remunerativo).<br \/>\nSalud: se crea la Agencia de Evaluaci\u00f3n de Tecnolog\u00edas de Salud (AGNET), cuyo objetivo expl\u00edcito es reducir la litigiosidad para las obras sociales. Seg\u00fan un informe de la Fundaci\u00f3n Soberan\u00eda Sanitaria, limitar\u00e1 la posibilidad del Congreso de incluir nuevas prestaciones al Programa M\u00e9dico Obligatorio (PMO).<br \/>\nEstos tres puntos hab\u00edan sido consensuados en octubre pasado con la c\u00fapula de la CGT, aunque las protestas posteriores dejaron en claro que no contaban con el consenso de muchos gremios. El principal problema aparece en la letra chica, que suma otros puntos:<\/p>\n<p>Indemnizaciones: el Gobierno propone excluir del c\u00e1lculo indemnizatorio \u201cel sueldo anual complementario, los premios y\/o bonificaciones, y toda compensaci\u00f3n y\/o reconocimiento de gastos que el empleador efect\u00fae hacia el trabajador\u201d. Tambi\u00e9n propone la creaci\u00f3n de un fondo de cese laboral, que ayude a las empresas a financiar los despidos. Seg\u00fan el proyecto deber\u00e1 ser negociado en cada convenio colectivo y tener el visto bueno de las c\u00e1maras empresariales y del principal gremio de la actividad. El fondo se constituir\u00e1 con un aporte por parte del empleador, que se calcular\u00e1 sobre un porcentaje del salario del trabajador.<br \/>\nDesde la CGT dejaron trascender su malestar desde que se conocieron los primeros detalles del proyecto. Si bien no est\u00e1n previsto que la central lance ninguna medida de fuerza, s\u00ed se proponen tener conversaciones con los bloques opositores en el Senado para impedir que se avance con estos \u00faltimos dos puntos. En especial, piensan contar con el apoyo del jefe del bloque peronista, Miguel Pichetto.<\/p>\n<p>Schmid fue el primero en aclara que la CGT no acompa\u00f1ar\u00e1 el proyecto. \u201cHoy el trabajador en la Argentina pasa las de Ca\u00edn para llegar a fin de mes. Es una situaci\u00f3n muy compleja para los trabajadores. Pensemos en los millones de compatriotas que no tienen trabajo\u201d, remarc\u00f3.<\/p>\n<p>El moyanismo, en tanto, tiene previsto avanzar con medidas de fuerza, que seguramente ser\u00e1n en conjunci\u00f3n con las dos CTA y los movimientos sociales como ocurri\u00f3 en las \u00faltimas grandes movilizaciones. En tanto, el secretario general de la Uatre, Ram\u00f3n Ayala, opin\u00f3 que \u201cno es una cuesti\u00f3n de fondo la rebaja, o no, de las indemnizaciones, porque la persona que quiere trabajar nadie la despide\u201d. Y destac\u00f3: \u201cHay algo en lo que estamos totalmente de acuerdo, que es el blanqueo de todos los trabajadores\u201d.<\/p>\n<h6>Fuente: P\u00e1gina 12<\/h6>\n","protected":false},"excerpt":{"rendered":"<p>En los anexos del proyecto de reforma laboral que el Gobierno mand\u00f3 al Congreso desliz\u00f3 una cl\u00e1usula que modifica el c\u00e1lculo de las indemnizaciones por despido. La CGT y el moyanismo adelantaron su rechazo.<\/p>\n","protected":false},"author":2,"featured_media":76026,"comment_status":"closed","ping_status":"closed","sticky":false,"template":"","format":"standard","meta":{"footnotes":""},"categories":[8],"tags":[21],"class_list":["post-76025","post","type-post","status-publish","format-standard","has-post-thumbnail","hentry","category-informe-nacional","tag-argentina"],"_links":{"self":[{"href":"http:\/\/argentinamunicipal.com.ar\/argentina\/wp-json\/wp\/v2\/posts\/76025","targetHints":{"allow":["GET"]}}],"collection":[{"href":"http:\/\/argentinamunicipal.com.ar\/argentina\/wp-json\/wp\/v2\/posts"}],"about":[{"href":"http:\/\/argentinamunicipal.com.ar\/argentina\/wp-json\/wp\/v2\/types\/post"}],"author":[{"embeddable":true,"href":"http:\/\/argentinamunicipal.com.ar\/argentina\/wp-json\/wp\/v2\/users\/2"}],"replies":[{"embeddable":true,"href":"http:\/\/argentinamunicipal.com.ar\/argentina\/wp-json\/wp\/v2\/comments?post=76025"}],"version-history":[{"count":0,"href":"http:\/\/argentinamunicipal.com.ar\/argentina\/wp-json\/wp\/v2\/posts\/76025\/revisions"}],"wp:featuredmedia":[{"embeddable":true,"href":"http:\/\/argentinamunicipal.com.ar\/argentina\/wp-json\/wp\/v2\/media\/76026"}],"wp:attachment":[{"href":"http:\/\/argentinamunicipal.com.ar\/argentina\/wp-json\/wp\/v2\/media?parent=76025"}],"wp:term":[{"taxonomy":"category","embeddable":true,"href":"http:\/\/argentinamunicipal.com.ar\/argentina\/wp-json\/wp\/v2\/categories?post=76025"},{"taxonomy":"post_tag","embeddable":true,"href":"http:\/\/argentinamunicipal.com.ar\/argentina\/wp-json\/wp\/v2\/tags?post=76025"}],"curies":[{"name":"wp","href":"https:\/\/api.w.org\/{rel}","templated":true}]}}