{"id":76040,"date":"2018-05-03T07:09:51","date_gmt":"2018-05-03T10:09:51","guid":{"rendered":"http:\/\/argentinamunicipal.com.ar\/argentina\/?p=76040"},"modified":"2018-05-03T07:09:51","modified_gmt":"2018-05-03T10:09:51","slug":"la-confianza-macri-razones-una-caida","status":"publish","type":"post","link":"http:\/\/argentinamunicipal.com.ar\/argentina\/la-confianza-macri-razones-una-caida\/","title":{"rendered":"La confianza en Macri: razones de una ca\u00edda"},"content":{"rendered":"<p>En plena\u00a0campa\u00f1a electoral\u00a0para las elecciones presidenciales de 2015,\u00a0Rogelio Frigerio\u00a0hizo un chiste. Varios de los que luego ser\u00edan integrantes del\u00a0Gobierno nacional\u00a0debat\u00edan qu\u00e9 hacer con las tarifas si llegaban al poder (si subirlas fuertemente al comienzo, o llevarlas despacio). \u201cCu\u00e1nto m\u00e1s r\u00e1pido hagamos estas cosas malas, mejor\u201d, se lo escuch\u00f3 decir al actual ministro de Interior. Todos rieron nerviosos y en voz alta.<\/p>\n<p>La an\u00e9cdota la cuenta Hern\u00e1n Iglesias Illia en su libro\u00a0Cambiamos, sin saber, quiz\u00e1, que estaba anticipando uno de los grandes dolores de cabeza que tendr\u00eda la gesti\u00f3n macrista. Porque tarde o temprano, el Gobierno tomar\u00eda medidas antipopulares y eso afectar\u00eda (como ahora) la confianza en el Presidente.<\/p>\n<p>Lo acaba de confirmar el \u00edndice de confianza en el Gobierno (ICG), que en abril cay\u00f3 al nivel m\u00e1s bajo desde que asumi\u00f3 Macri. Un n\u00famero que no aparece solo (hay otros estudios de opini\u00f3n p\u00fablica que van en la misma direcci\u00f3n), y que da una idea sobre el complicado escenario que afronta Cambiemos.<\/p>\n<p>\u00bfQu\u00e9 dice el ICG? Que en abril fue de 2,07. El n\u00famero, as\u00ed en solitario, no dice nada. Pero ayuda saber que, desde marzo, la confianza en el Gobierno nacional cay\u00f3 un 11 por ciento (desde 2,32). Nunca antes hab\u00eda tocado ese nivel.<\/p>\n<p>El ICG es medido por la Escuela de Gobierno de la Universidad Torcuato Di Tella, de Buenos Aires, y ha sido publicado desde 2001, lo que lo convierte en una referencia de la pol\u00edtica.<\/p>\n<p>\u201cLa significativa ca\u00edda del \u00edndice refleja un contexto signado por la prominencia en la agenda de las subas de tarifas de servicios, la percepci\u00f3n de que la pauta de inflaci\u00f3n prevista por el Gobierno ya no podr\u00e1 alcanzarse, y la discusi\u00f3n acerca de conflictos de intereses o inversiones cuestionables de importantes funcionarios del Ejecutivo\u201d, dice la publicaci\u00f3n.<\/p>\n<p>Carlos Gervasoni es doctor en Ciencia Pol\u00edtica y uno de los responsables del informe en la Universidad. Explic\u00f3 a La Voz c\u00f3mo entender el \u00edndice y qu\u00e9 implicancias tiene.<\/p>\n<p>\u201cNo lo llamamos popularidad ni apoyo. Es \u2018confianza\u2019. En qu\u00e9 medida la ciudadan\u00eda conf\u00eda en que un Gobierno pueda hacer bien las cosas\u201d, describe.<\/p>\n<p>\u201cEste \u00edndice es un conjunto de indicadores. Agrupa cinco preguntas distintas. A la gente se le pide que eval\u00fae diferentes aspectos, como la honestidad de los funcionarios, la eficiencia o la capacidad para resolver los problemas del pa\u00eds\u201d, agrega Gervasoni.<\/p>\n<p>Tarifas, inflaci\u00f3n, funcionarios cuestionados y, m\u00e1s atr\u00e1s, la reforma previsional fueron horadando la relaci\u00f3n de los ciudadanos con el Gobierno. Hasta este presente de d\u00f3lar alto y devaluaci\u00f3n.<\/p>\n<p>\u00bfLa coyuntura explica todo o es que el tiempo va desgastando la confianza? \u201cHay momentos. Medidas de la agenda p\u00fablica que afectan. Por ejemplo, el Gobierno hab\u00eda aumentado mucho la confianza en los meses electorales del a\u00f1o pasado\u201d, responde Gervasoni. \u201cEse aumento empez\u00f3 antes de las elecciones, lo que los ayud\u00f3 a ganar. Y sigui\u00f3 creciendo despu\u00e9s\u201d, recuerda.<\/p>\n<p>Pero, hacia fin de a\u00f1o, se dio lo que Gervasoni llama \u201cuna din\u00e1mica negativa\u201d (como punto de inflexi\u00f3n con la reforma previsional). \u201cEvidentemente, eso afect\u00f3 al Gobierno e hizo que los niveles de confianza bajaran\u201d, reconoce.<\/p>\n<p><strong>Encuestas<\/strong><\/p>\n<p>El dato de la confianza no est\u00e1 solo. La ca\u00edda en la apreciaci\u00f3n positiva hacia el Gobierno nacional y hacia la gesti\u00f3n de Macri se ve en varias encuestas. El diario\u00a0Clar\u00edn\u00a0public\u00f3, el pasado 27 de abril, una nota en la que relev\u00f3 10 estudios de opini\u00f3n p\u00fablica en los que la imagen del Gobierno cae o sufre un deterioro importante.<\/p>\n<p>Entre ellas, se mencionan estudios de Isonom\u00eda Consultores (ver\u00a0Sostener las expectativas&#8230;), que suele trabajar con Casa Rosada, y tambi\u00e9n una encuesta de Gustavo C\u00f3rdoba &amp; Asociados.<\/p>\n<p>Para el consultor C\u00f3rdoba, la desaprobaci\u00f3n al Gobierno nacional trepa hoy al 51,6 por ciento de la poblaci\u00f3n, aunque la imagen positiva de Macri tuvo un leve repunte en abril.<\/p>\n<p>C\u00f3rdoba afirma que el voto en las elecciones legislativas de 2017 fue \u201cideol\u00f3gico\u201d y que eso elev\u00f3 las expectativas en aquellos d\u00edas. \u201cSe prescindi\u00f3 del mal momento de la econom\u00eda. Se apoy\u00f3 a Macri para que el Gobierno concretara lo que hab\u00eda ofrecido en 2015. Porque los votantes entend\u00edan que el obst\u00e1culo era Cristina\u201d, afirma.<\/p>\n<p>Ahora, dice C\u00f3rdoba, el problema que tiene Macri en el corto plazo \u201ces que en los n\u00facleos urbanos m\u00e1s importantes, de clase alta, se percibe cierto descontento hacia el Gobierno\u201d.<\/p>\n<p>\u00bfPor qu\u00e9? Porque una vez que Cristina fue \u201cneutralizada\u201d electoralmente, quien vot\u00f3 a Cambiemos volvi\u00f3 a pensar con el bolsillo. \u201cPero, ojo, porque ese elector no va a ir a apoyar a un opositor, sino que retrajo su apoyo al Gobierno\u201d, explica. \u201cEs decir: Macri conserva su n\u00facleo duro, un 30 por ciento de la poblaci\u00f3n, pero empieza a perder el voto que le permiti\u00f3 ganar en la segunda vuelta\u201d, grafica C\u00f3rdoba.<\/p>\n<p><strong>Alto<\/strong><\/p>\n<p>De todas maneras, Gervasoni advierte que, aun con estos niveles de aprobaci\u00f3n, Macri est\u00e1 por encima del promedio de los dos gobiernos de Cristina Fern\u00e1ndez.<\/p>\n<p>\u201cCristina fue una presidenta con niveles de popularidad altos, y a Macri le est\u00e1 yendo mejor\u201d, aclara el especialista. \u201cEl gobierno de Cambiemos tiene niveles de confianza similares a los que tuvo N\u00e9stor Kirchner, y eso que N\u00e9stor fue muy popular\u201d, remarca.<\/p>\n<p>\u201cCuando uno ve la variaci\u00f3n, si bien el \u00edndice va de 0 a 5, lo que se mueve va de 0 a 3; o a 3,40 con toda la furia\u201d, dice. \u201cNiveles superiores al 3 son muy altos, y debajo del 1 es muy bajo. Macri se mantiene en niveles de un poquito m\u00e1s de 2 y un poquito m\u00e1s de 3. Comparativamente, se mantiene por arriba de todos los meses del \u00faltimo gobierno de Cristina\u201d, grafica.<\/p>\n<p>Gervasoni espera la evoluci\u00f3n. \u201cHabr\u00e1 que ver cu\u00e1l es la tendencia, porque si sigue declinante en los pr\u00f3ximos meses, eso s\u00ed va a ser un problema\u201d, responde.<\/p>\n<p>La advertencia es porque el especialista de la Di Tella percibe que Macri a\u00fan posee capital pol\u00edtico para \u201cquemar\u201d. Y lo har\u00e1 antes del final de a\u00f1o. \u201cEn la administraci\u00f3n del\u00a0timing\u00a0de la popularidad est\u00e1 una de las pocas herramientas que tiene el Gobierno. Ellos est\u00e1n convencidos de que lo de las tarifas hay que hacerlo, y lo van a hacer. El truco ser\u00eda que mantuvieran esta pol\u00edtica y que pudieran, en la segunda mitad del a\u00f1o, empezar a formar un clima m\u00e1s favorable\u201d, cierra Gervasoni.<\/p>\n<p><strong>\u201cDebajo del radar\u201d<\/strong><\/p>\n<p>La frase de Pe\u00f1a<\/p>\n<p>Durante la campa\u00f1a de 2015, Marcos Pe\u00f1a usaba una frase: \u201cPor debajo del radar\u201d. La empleaba para explicar que, a Cambiemos, lo que dec\u00edan las encuestas que se publicaban era relativo. \u201cLo de \u2018debajo del radar\u2019 se mantiene, pero se ampli\u00f3\u201d, manifiesta Hern\u00e1n Iglesias Illia, de Comunicaci\u00f3n Estrat\u00e9gica, en la Jefatura de Gabinete. \u201cCuando sos gobierno, ten\u00e9s que participar en todas las conversaciones, en parte por responsabilidad institucional. Es decir, tanto las que est\u00e1n por debajo del radar y tambi\u00e9n las institucionales, las pol\u00edticas y las de la prensa\u201d.<\/p>\n<h6>Fuente: La Voz<\/h6>\n","protected":false},"excerpt":{"rendered":"<p>En plena\u00a0campa\u00f1a electoral\u00a0para las elecciones presidenciales de 2015,\u00a0Rogelio Frigerio\u00a0hizo un chiste. Varios de los que luego ser\u00edan integrantes del\u00a0Gobierno nacional\u00a0debat\u00edan qu\u00e9 hacer con las tarifas si llegaban al poder<\/p>\n","protected":false},"author":2,"featured_media":76041,"comment_status":"closed","ping_status":"closed","sticky":false,"template":"","format":"standard","meta":{"footnotes":""},"categories":[8],"tags":[21],"class_list":["post-76040","post","type-post","status-publish","format-standard","has-post-thumbnail","hentry","category-informe-nacional","tag-argentina"],"_links":{"self":[{"href":"http:\/\/argentinamunicipal.com.ar\/argentina\/wp-json\/wp\/v2\/posts\/76040","targetHints":{"allow":["GET"]}}],"collection":[{"href":"http:\/\/argentinamunicipal.com.ar\/argentina\/wp-json\/wp\/v2\/posts"}],"about":[{"href":"http:\/\/argentinamunicipal.com.ar\/argentina\/wp-json\/wp\/v2\/types\/post"}],"author":[{"embeddable":true,"href":"http:\/\/argentinamunicipal.com.ar\/argentina\/wp-json\/wp\/v2\/users\/2"}],"replies":[{"embeddable":true,"href":"http:\/\/argentinamunicipal.com.ar\/argentina\/wp-json\/wp\/v2\/comments?post=76040"}],"version-history":[{"count":0,"href":"http:\/\/argentinamunicipal.com.ar\/argentina\/wp-json\/wp\/v2\/posts\/76040\/revisions"}],"wp:featuredmedia":[{"embeddable":true,"href":"http:\/\/argentinamunicipal.com.ar\/argentina\/wp-json\/wp\/v2\/media\/76041"}],"wp:attachment":[{"href":"http:\/\/argentinamunicipal.com.ar\/argentina\/wp-json\/wp\/v2\/media?parent=76040"}],"wp:term":[{"taxonomy":"category","embeddable":true,"href":"http:\/\/argentinamunicipal.com.ar\/argentina\/wp-json\/wp\/v2\/categories?post=76040"},{"taxonomy":"post_tag","embeddable":true,"href":"http:\/\/argentinamunicipal.com.ar\/argentina\/wp-json\/wp\/v2\/tags?post=76040"}],"curies":[{"name":"wp","href":"https:\/\/api.w.org\/{rel}","templated":true}]}}