{"id":76049,"date":"2018-05-03T07:23:59","date_gmt":"2018-05-03T10:23:59","guid":{"rendered":"http:\/\/argentinamunicipal.com.ar\/argentina\/?p=76049"},"modified":"2018-05-03T07:23:59","modified_gmt":"2018-05-03T10:23:59","slug":"atrasos-planes-nacionales-pacientes-rosarinos-ya-llevan-200-dias-sin-medicacion","status":"publish","type":"post","link":"http:\/\/argentinamunicipal.com.ar\/argentina\/atrasos-planes-nacionales-pacientes-rosarinos-ya-llevan-200-dias-sin-medicacion\/","title":{"rendered":"Por atrasos en planes nacionales, hay pacientes rosarinos que ya llevan hasta 200 d\u00edas sin medicaci\u00f3n"},"content":{"rendered":"<p>Es gente sin obra social a la que se le interrumpe una quimioterapia o una alimentaci\u00f3n especial. Para muchos es un asunto de vida o muerte.<\/p>\n<p>En el marco de un \u00absevero deterioro de las pol\u00edticas sociales nacionales\u00bb, una l\u00ednea de subsidios especiales para personas vulnerables que requieren medicaci\u00f3n de alto costo o una alimentaci\u00f3n especial lleva atrasos de hasta 200 d\u00edas. En ese lapso, y s\u00f3lo por poner un par de ejemplos de Rosario, un paciente oncol\u00f3gico discontinu\u00f3 su tratamiento de quimioterapia y una nena de 10 a\u00f1os con par\u00e1lisis cerebral refractaria dej\u00f3 de recibir el alimento que le sirve para \u00abno convulsionar tanto\u00bb. Su mam\u00e1 hace lo \u00fanico que puede hacer: consigui\u00f3 una \u00ableche\u00bb (como llama familiarmente al Ketocal) que les qued\u00f3 a \u00abotras madres\u00bb y con esos restos, incluso vencidos, trata de alimentar a su hija. \u00abEntre los trabajadores hay mucha depresi\u00f3n: hoy estamos para decirle a la gente que los programas est\u00e1n cortados\u00bb, se queja el delegado de ATE ante el Ministerio de Desarrollo Social, Marcelo Pucheta.Seg\u00fan los trabajadores de la cartera, unos 30 pacientes al mes tramitan esas coberturas especiales en Rosario, cada vez m\u00e1s infructuosamente.<\/p>\n<p>Todo indica que esas deficiencias con graves consecuencias obedecen al traspaso del programa desde el Ministerio de Desarrollo Social al de Salud, tal como apareci\u00f3 publicado en el Bolet\u00edn Oficial. S\u00f3lo que esa transferencia se est\u00e1 concretando de forma muy desprolija o, como sospecha Pucheta, \u00aba la ineficiencia se suma un claro objetivo de ajuste\u00bb (ver aparte).<\/p>\n<p>Seg\u00fan otro grupo de empleados del Centro de Referencia Rosario de Desarrollo Social (que prefirieron hablar como colectivo), las tramitaciones siguen haci\u00e9ndose en esa cartera, incluso en Buenos Aires, porque ni siquiera se conoce qu\u00e9 funcionario de Salud se har\u00e1 cargo.<\/p>\n<p>Se los denomina Subsidios Especiales para la Salud y hasta ahora ven\u00edan dependiendo de la Direcci\u00f3n de Asistencia Directa por Situaciones Especiales de Desarrollo Social (Dadse).<\/p>\n<p>El programa deber\u00eda garantizar \u00abla cobertura de medicaciones de alto costo y elementos de tecnolog\u00eda biom\u00e9dica a personas en situaci\u00f3n de vulnerabilidad social, que transitan una problem\u00e1tica de salud severa o cr\u00f3nica, y que no poseen cobertura de obra social, por lo que se referencian en centros de salud y hospitales p\u00fablicos\u00bb, explicaron los trabajadores.<\/p>\n<p>\u00abMi situaci\u00f3n es grave, pero hay much\u00edsima otra gente como yo, que espera una medicaci\u00f3n para no morirse y no la est\u00e1 recibiendo\u00bb, cont\u00f3 ayer a LaCapital Jorge Borri (60), quien tiene un linfoma de Hodgkin entre las fases III y IV.<\/p>\n<p>De ocho aplicaciones de quimioterapia que su m\u00e9dico le hab\u00eda prescripto, el hombre recibi\u00f3 cuatro el a\u00f1o pasado y luego comenzaron los atrasos. \u00abTuvimos que esperar y pelear durante ocho meses\u00bb, cuenta su esposa Estela, quien debi\u00f3 recurrir a la Defensor\u00eda del Pueblo y Fiscal\u00eda.<\/p>\n<p>Las otras cuatro quimio se las hicieron en marzo y tras una evaluaci\u00f3n de los efectos de esa nueva medicaci\u00f3n que mostr\u00f3 \u00abresultados muy positivos\u00bb, el m\u00e9dico hemat\u00f3logo que lo atiende volvi\u00f3 a recetarle otras ocho sesiones, cuya autorizaci\u00f3n nuevamente entr\u00f3 en un limbo.<\/p>\n<p>Borri cuenta que \u00ablos peros\u00bb son de lo m\u00e1s diversos. \u00abQue falta una firma; que est\u00e1 aprobado, pero falta el proveedor&#8230; Siempre un verso distinto, un nuevo palo en la rueda&#8230; Siento que esperan a que me muera\u00bb, dice el paciente sin medias tintas.<\/p>\n<p>Su temor es que los avances logrados por la quimioterapia retrocedan ante la interrupci\u00f3n del tratamiento. Se trata de nada menos que su vida.<\/p>\n<p>\u00abYo entiendo la situaci\u00f3n del pa\u00eds, pero no puedo creer la falta de sensibilidad del gobierno que decide hacer estos recortes ante situaciones tan graves que afectan a much\u00edsima gente\u00bb, insiste.<\/p>\n<p>De hecho, una de las empleadas del organismo record\u00f3 que \u00abhace una semana en la ciudad falleci\u00f3 una paciente que ten\u00eda c\u00e1ncer de pulm\u00f3n y durante cuatro meses esper\u00f3 su medicaci\u00f3n en vano\u00bb, por lo que \u00abencima muri\u00f3 con esa preocupaci\u00f3n\u00bb.<\/p>\n<p>Otro es el caso de Alejandra Guti\u00e9rrez, una nena de diez a\u00f1os que sufre una par\u00e1lisis cerebral refractaria. Vive en silla de ruedas, suele necesitar ox\u00edgeno y requiere alimentarse con Ketocal 4.1 para reducir la incidencia de sus convulsiones.<\/p>\n<p>M\u00f3nica, su mam\u00e1, cuenta que el \u00faltimo frasco lo recibi\u00f3 en octubre pasado. \u00abMe duraba hasta febrero, as\u00ed que hice el pedido pensando que en un mes, mes y medio, llegar\u00eda el nuevo, pero nunca m\u00e1s lleg\u00f3\u00bb, dice.<\/p>\n<p>A partir de entonces comenz\u00f3 a realizar reclamos en la delegaci\u00f3n local y telef\u00f3nicamente a Buenos Aires. \u00abAh\u00ed me dijeron que no iba a estar antes de 115 d\u00edas porque la solicitud estaba varada en la auditor\u00eda y habr\u00eda que esperar a que se liberaran los pedidos\u00bb. Algo que hasta ahora no ocurri\u00f3.<\/p>\n<p>\u00abSac\u00e1 un cr\u00e9dito y compr\u00e1lo\u00bb, fue el consejo. M\u00f3nica no puede: tiene otras dos hijas con graves cuadros de discapacidad.<\/p>\n<p>\u00ab\u00bfC\u00f3mo lo resolv\u00ed? Pidi\u00e9ndoles a otras madres que lo ten\u00edan y dejaron de usarlo. Hago lo que puedo: le doy leches vencidas\u00bb, admite la mujer, madre adoptiva de Alejandra y tambi\u00e9n de Brisa, otra nena de la misma edad con un cuadro muy semejante, a la que por su parte se le cort\u00f3 el servicio de transporte especial (ver aparte), que depende del mismo ministerio.<\/p>\n<p>En Desarrollo Social denuncian \u00abrecortes, cierres e irregularidad en las gestiones\u00bb de programas \u00abdirigidos a sectores poblacionales en situaci\u00f3n de vulnerabilidad social\u00bb.<\/p>\n<p>Los subsidios Especiales para la Salud no son los \u00fanicos. Afirman que tambi\u00e9n est\u00e1n \u00abcerrados programas sociales en el \u00e1rea de econom\u00eda social, asistencia directa a familias y organizaciones comunitarias\u00bb.<\/p>\n<h6>Fuente: La Capital<\/h6>\n","protected":false},"excerpt":{"rendered":"<p>Es gente sin obra social a la que se le interrumpe una quimioterapia o una alimentaci\u00f3n especial. Para muchos es un asunto de vida o muerte.<\/p>\n","protected":false},"author":2,"featured_media":76050,"comment_status":"closed","ping_status":"closed","sticky":false,"template":"","format":"standard","meta":{"footnotes":""},"categories":[2],"tags":[10],"class_list":["post-76049","post","type-post","status-publish","format-standard","has-post-thumbnail","hentry","category-informe-municipal","tag-santa-fe"],"_links":{"self":[{"href":"http:\/\/argentinamunicipal.com.ar\/argentina\/wp-json\/wp\/v2\/posts\/76049","targetHints":{"allow":["GET"]}}],"collection":[{"href":"http:\/\/argentinamunicipal.com.ar\/argentina\/wp-json\/wp\/v2\/posts"}],"about":[{"href":"http:\/\/argentinamunicipal.com.ar\/argentina\/wp-json\/wp\/v2\/types\/post"}],"author":[{"embeddable":true,"href":"http:\/\/argentinamunicipal.com.ar\/argentina\/wp-json\/wp\/v2\/users\/2"}],"replies":[{"embeddable":true,"href":"http:\/\/argentinamunicipal.com.ar\/argentina\/wp-json\/wp\/v2\/comments?post=76049"}],"version-history":[{"count":0,"href":"http:\/\/argentinamunicipal.com.ar\/argentina\/wp-json\/wp\/v2\/posts\/76049\/revisions"}],"wp:featuredmedia":[{"embeddable":true,"href":"http:\/\/argentinamunicipal.com.ar\/argentina\/wp-json\/wp\/v2\/media\/76050"}],"wp:attachment":[{"href":"http:\/\/argentinamunicipal.com.ar\/argentina\/wp-json\/wp\/v2\/media?parent=76049"}],"wp:term":[{"taxonomy":"category","embeddable":true,"href":"http:\/\/argentinamunicipal.com.ar\/argentina\/wp-json\/wp\/v2\/categories?post=76049"},{"taxonomy":"post_tag","embeddable":true,"href":"http:\/\/argentinamunicipal.com.ar\/argentina\/wp-json\/wp\/v2\/tags?post=76049"}],"curies":[{"name":"wp","href":"https:\/\/api.w.org\/{rel}","templated":true}]}}