{"id":76089,"date":"2018-05-04T07:05:02","date_gmt":"2018-05-04T10:05:02","guid":{"rendered":"http:\/\/argentinamunicipal.com.ar\/argentina\/?p=76089"},"modified":"2018-05-04T07:05:02","modified_gmt":"2018-05-04T10:05:02","slug":"tras-vaciamiento-macri-dio-baja-definitivamente-programa-conectar-igualdad","status":"publish","type":"post","link":"http:\/\/argentinamunicipal.com.ar\/argentina\/tras-vaciamiento-macri-dio-baja-definitivamente-programa-conectar-igualdad\/","title":{"rendered":"Tras el vaciamiento, Macri dio de baja definitivamente el programa Conectar Igualdad"},"content":{"rendered":"<p>A trav\u00e9s de un decreto, el mandatario lo reemplaz\u00f3 por otro plan cuyos detalles no se conocen. Formaiza as\u00ed el punto final a una de las iniciativas m\u00e1s valoradas de los \u00faltmos a\u00f1os.<\/p>\n<p>El\u00a0Programa Conectar Igualdad, que en\u00a0cinco a\u00f1os entregara m\u00e1s de cinco millones de computadoras\u00a0a alumnos de escuelas p\u00fablicas, se apag\u00f3 definitivamente luego de m\u00e1s de dos a\u00f1os de vaciamiento.<\/p>\n<p>As\u00ed lo dispuso el presidente Mauricio\u00a0Macri a trav\u00e9s de un decreto\u00a0publicado este mi\u00e9rcoles en el Bolet\u00edn Oficial. En su reemplazo, se determin\u00f3 la creaci\u00f3n delPrograma Aprender Conectados.<\/p>\n<p>En la flamante normativa se establecen de manera muy ampia los objetivos de esta nueva iniciativa, aunque\u00a0no queda en claro c\u00f3mo se implementar\u00e1 ni con qu\u00e9 fondos contar\u00e1.<\/p>\n<p>En ese sentido,\u00a0desde ATE Educaci\u00f3n advirtieron que el documento\u00a0\u00abno especifica la funcionalidad ni la universalidad del programa\u00bb\u00a0y cuestionaron que \u00absolo tiene palabras grandilocuentes\u00bb.<\/p>\n<p>Conectar Igualdad, uno de los proyectos m\u00e1s elogiados y valorados del gobierno anterior,\u00a0fue boicoteado desde el primer d\u00eda por la gesti\u00f3n de Cambiemos. La cantidad de equipos entregados se redujo a una m\u00ednima expresi\u00f3n, hubo despidos entre el personal que daba apoyo y se le quit\u00f3 presupuesto de manera sistem\u00e1tica.<\/p>\n<p>Este decreto presidencial viene a sincerar de alguna manera la desaparici\u00f3n de un programa que continuaba vigente solo de manera formal, ya que\u00a0su contenido se hab\u00eda perdido por completo.<\/p>\n<h6>Fuente: infoNews<\/h6>\n","protected":false},"excerpt":{"rendered":"<p>A trav\u00e9s de un decreto, el mandatario lo reemplaz\u00f3 por otro plan cuyos detalles no se conocen. Formaiza as\u00ed el punto final a una de las iniciativas m\u00e1s valoradas de los \u00faltmos a\u00f1os.<\/p>\n","protected":false},"author":2,"featured_media":76090,"comment_status":"closed","ping_status":"closed","sticky":false,"template":"","format":"standard","meta":{"footnotes":""},"categories":[8],"tags":[21],"class_list":["post-76089","post","type-post","status-publish","format-standard","has-post-thumbnail","hentry","category-informe-nacional","tag-argentina"],"_links":{"self":[{"href":"http:\/\/argentinamunicipal.com.ar\/argentina\/wp-json\/wp\/v2\/posts\/76089","targetHints":{"allow":["GET"]}}],"collection":[{"href":"http:\/\/argentinamunicipal.com.ar\/argentina\/wp-json\/wp\/v2\/posts"}],"about":[{"href":"http:\/\/argentinamunicipal.com.ar\/argentina\/wp-json\/wp\/v2\/types\/post"}],"author":[{"embeddable":true,"href":"http:\/\/argentinamunicipal.com.ar\/argentina\/wp-json\/wp\/v2\/users\/2"}],"replies":[{"embeddable":true,"href":"http:\/\/argentinamunicipal.com.ar\/argentina\/wp-json\/wp\/v2\/comments?post=76089"}],"version-history":[{"count":0,"href":"http:\/\/argentinamunicipal.com.ar\/argentina\/wp-json\/wp\/v2\/posts\/76089\/revisions"}],"wp:featuredmedia":[{"embeddable":true,"href":"http:\/\/argentinamunicipal.com.ar\/argentina\/wp-json\/wp\/v2\/media\/76090"}],"wp:attachment":[{"href":"http:\/\/argentinamunicipal.com.ar\/argentina\/wp-json\/wp\/v2\/media?parent=76089"}],"wp:term":[{"taxonomy":"category","embeddable":true,"href":"http:\/\/argentinamunicipal.com.ar\/argentina\/wp-json\/wp\/v2\/categories?post=76089"},{"taxonomy":"post_tag","embeddable":true,"href":"http:\/\/argentinamunicipal.com.ar\/argentina\/wp-json\/wp\/v2\/tags?post=76089"}],"curies":[{"name":"wp","href":"https:\/\/api.w.org\/{rel}","templated":true}]}}