{"id":76109,"date":"2018-05-04T07:32:48","date_gmt":"2018-05-04T10:32:48","guid":{"rendered":"http:\/\/argentinamunicipal.com.ar\/argentina\/?p=76109"},"modified":"2018-05-04T07:32:48","modified_gmt":"2018-05-04T10:32:48","slug":"quieren-llevar-plan-los-trapitos-pellegrini-toda-la-ciudad","status":"publish","type":"post","link":"http:\/\/argentinamunicipal.com.ar\/argentina\/quieren-llevar-plan-los-trapitos-pellegrini-toda-la-ciudad\/","title":{"rendered":"Quieren llevar el plan de los trapitos de Pellegrini a toda la ciudad"},"content":{"rendered":"<p>La propuesta, que se present\u00f3 en el Concejo, plantea permisos anuales y que se sumen a programas de capacitaci\u00f3n o estudio.<\/p>\n<p>La experiencia de inclusi\u00f3n que ya funciona con unos 30 j\u00f3venes cuidacoches sobre avenida Pellegrini pretende extenderse a toda la ciudad. La propuesta plantea la entrega de permisos anuales y una contraprestaci\u00f3n como requisito fundamental: sumarse a alguno de los programas de capacitaci\u00f3n o de continuaci\u00f3n de los estudios que desarrollan el municipio, la provincia o la Naci\u00f3n. \u00abEl objetivo es que esa forma de ganarse la vida sea algo transitorio\u00bb, recalc\u00f3 el oficialista Horacio Ghirardi, autor del proyecto que ya est\u00e1 en el Concejo Municipal, y que va por la ampliaci\u00f3n de la prueba que el Movimiento Solidario Rosario y el municipio pusieron en marcha sobre el final de 2017. \u00abLa idea es trabajar con la misma filosof\u00eda extendi\u00e9ndo el plan a todo el ejido urbano\u00bb, dijo el edil y anticip\u00f3 que para eso \u00abes necesario en un primer paso llevar adelante un relevamiento de toda la ciudad\u00bb.Tras plantear que el objetivo es abordar la problem\u00e1tica de quienes \u00abintentan ganar un sustento de este modo para s\u00ed mismos y sus familias\u00bb, diferenci\u00e1ndolos de \u00ablos que extorsionan y generan hechos de violencia en la v\u00eda p\u00fablica, casos deben ser atendidos por la polic\u00eda, la Justicia y la Secretar\u00eda de Control y Convivencia\u00bb, Ghirardi se\u00f1al\u00f3 que su propuesta \u00abbusca un abordaje integral de la situaci\u00f3n\u00bb ya no sectorizadamente sino en toda la ciudad.<\/p>\n<p>Relevar su situaci\u00f3n, personal y familiar, y generar a trav\u00e9s del Programa Inclusivo de Cuidadores de Veh\u00edculos (nombre oficial) un registro, son los primeros pasos que deben darse de acuerdo se plantea en el proyecto, que habla del otorgamiento de permisos de trabajo por un a\u00f1o y la obligaci\u00f3n de utilizar chalecos identificatorios en la v\u00eda p\u00fablica, adem\u00e1s de la aclaraci\u00f3n de que \u00abno podr\u00e1n exigir el pago de canon alguno a los titulares de veh\u00edculos que dejen estacionados sus rodados en la v\u00eda p\u00fablica\u00bb, sino que se tratar\u00e1 de \u00abuna contribuci\u00f3n econ\u00f3mica voluntaria\u00bb y que \u00abse efectuar\u00e1 al momento de retirar el rodado; quedando prohibida la exigencia y solicitud anticipada de la entrega de un monto de dinero\u00bb.<\/p>\n<p><strong>\u00a0Requisitos<\/strong><\/p>\n<p>Para obtener el carn\u00e9 habilitante, la persona deber\u00e1 tener m\u00e1s de 18 a\u00f1os, acreditar residencia en la ciudad por un plazo m\u00ednimo de dos a\u00f1os, presentar documento y certificado de buena conducta expedido por la polic\u00eda, completar el formulario de registro y no ser beneficiario de planes de asistencia social.<\/p>\n<p>A eso se sumar\u00e1 una exigencia extra, que es la inscripci\u00f3n obligatoria a alguno de los programas de capacitaci\u00f3n, promoci\u00f3n del empleo o de continuaci\u00f3n de los estudios que se ofrecen tanto a nivel municipal y provincial como nacional; y ser\u00e1 la Secretar\u00eda de Control y Convivencia la que una vez cumplimentados todos los requisitos le asignar\u00e1 a cada uno de los inscriptos el \u00e1mbito y la cuadra donde ejercer\u00e1 la actividad.<\/p>\n<p>Entre las razones que son causales de retiro de la credencial, se cuentan desempe\u00f1ar la actividad sin contar con la credencial o el chaleco reglamentario, exigir por sus servicios una suma fija de dinero violando el car\u00e1cter voluntario de la contribuci\u00f3n, promover el estacionamiento de veh\u00edculos en espacios reservados o prohibidos, tener denuncias y reclamos por parte de particulares por tratos irrespetuosos o extorsivos o ejercer las tareas bajos los efectos de consumo de alcohol o estupefacientes.<\/p>\n<p><strong>Inclusi\u00f3n<\/strong><\/p>\n<p>La propuesta de Ghirardi busca extender de este modo la experiencia que en octubre pasado, y a trav\u00e9s de la firma de un convenio, pusieron en marcha conjuntamente el Movimiento Solidario Rosario y la Municipalidad, que puso en foco en las cuadras que conforman el Paseo Pellegrini.<\/p>\n<p>\u00abEs una experiencia muy positiva que se lleva adelante con 30 j\u00f3venes\u00bb, indic\u00f3 el concejal, que recalc\u00f3 que se trata \u00abde situaci\u00f3n que debe abordarse progresivamente ya que se trata de casos de mucha vulnerabilidad social y marginalidad\u00bb.<\/p>\n<p>Por eso, hizo hincapi\u00e9 en el acento inclusivo que tiene la propuesta y en ese punto destac\u00f3 que \u00abla idea es que los permisos sean transitorios, ya que se busca que estas personas puedan incluirse en otros espacios de capacitaci\u00f3n, formaci\u00f3n o trabajo, de modo tal que puedan acceder a otros medios de vida pasado un tiempo\u00bb; y en ese aspecto de la propuesta es donde trabajar\u00e1 la Secretar\u00eda de Desarrollo Social de la Municipalidad.<\/p>\n<h6>Fuente: La capital<\/h6>\n","protected":false},"excerpt":{"rendered":"<p>La propuesta, que se present\u00f3 en el Concejo, plantea permisos anuales y que se sumen a programas de capacitaci\u00f3n o estudio.<\/p>\n","protected":false},"author":2,"featured_media":76110,"comment_status":"closed","ping_status":"closed","sticky":false,"template":"","format":"standard","meta":{"footnotes":""},"categories":[2],"tags":[10],"class_list":["post-76109","post","type-post","status-publish","format-standard","has-post-thumbnail","hentry","category-informe-municipal","tag-santa-fe"],"_links":{"self":[{"href":"http:\/\/argentinamunicipal.com.ar\/argentina\/wp-json\/wp\/v2\/posts\/76109","targetHints":{"allow":["GET"]}}],"collection":[{"href":"http:\/\/argentinamunicipal.com.ar\/argentina\/wp-json\/wp\/v2\/posts"}],"about":[{"href":"http:\/\/argentinamunicipal.com.ar\/argentina\/wp-json\/wp\/v2\/types\/post"}],"author":[{"embeddable":true,"href":"http:\/\/argentinamunicipal.com.ar\/argentina\/wp-json\/wp\/v2\/users\/2"}],"replies":[{"embeddable":true,"href":"http:\/\/argentinamunicipal.com.ar\/argentina\/wp-json\/wp\/v2\/comments?post=76109"}],"version-history":[{"count":0,"href":"http:\/\/argentinamunicipal.com.ar\/argentina\/wp-json\/wp\/v2\/posts\/76109\/revisions"}],"wp:featuredmedia":[{"embeddable":true,"href":"http:\/\/argentinamunicipal.com.ar\/argentina\/wp-json\/wp\/v2\/media\/76110"}],"wp:attachment":[{"href":"http:\/\/argentinamunicipal.com.ar\/argentina\/wp-json\/wp\/v2\/media?parent=76109"}],"wp:term":[{"taxonomy":"category","embeddable":true,"href":"http:\/\/argentinamunicipal.com.ar\/argentina\/wp-json\/wp\/v2\/categories?post=76109"},{"taxonomy":"post_tag","embeddable":true,"href":"http:\/\/argentinamunicipal.com.ar\/argentina\/wp-json\/wp\/v2\/tags?post=76109"}],"curies":[{"name":"wp","href":"https:\/\/api.w.org\/{rel}","templated":true}]}}