{"id":76112,"date":"2018-05-04T06:33:37","date_gmt":"2018-05-04T09:33:37","guid":{"rendered":"http:\/\/argentinamunicipal.com.ar\/argentina\/?p=76112"},"modified":"2018-05-04T07:35:12","modified_gmt":"2018-05-04T10:35:12","slug":"diarios-internacionales-se-hacen-eco-la-escalada-del-dolar-recomiendan-no-invertir-pais","status":"publish","type":"post","link":"http:\/\/argentinamunicipal.com.ar\/argentina\/diarios-internacionales-se-hacen-eco-la-escalada-del-dolar-recomiendan-no-invertir-pais\/","title":{"rendered":"Diarios internacionales se hacen eco de la escalada del d\u00f3lar y recomiendan no invertir en el pa\u00eds"},"content":{"rendered":"<p>Dos publicaciones muy importantes del mundo empresarial y econ\u00f3mico ponen a Argentina entre sus publicaciones.<\/p>\n<p>En medio de una de las escalada del\u00a0d\u00f3lar\u00a0m\u00e1s importantes de los \u00faltimos tiempos a\u00f1os, las publicaciones econ\u00f3micas y empresariales del mundo no se quedan ajena a la realidad argentina y lo expresan en sus sitios digitales.<\/p>\n<p>Incluso, Forbes se anima a publicar una columna de opini\u00f3n que recomienda \u00absalir de Argentina\u00bb. En ella cita a Fernando Pertini, asesor financiero principal de Millenia Asset Management, con sede en Costa Rica.<\/p>\n<p>Pertini lanza pocos elogios para la econom\u00eda nacional: \u00abHe visto todo esto antes: el gobierno est\u00e1 utilizando las reservas del banco central para inflar artificialmente el peso y tenemos una alta\u00a0inflaci\u00f3n\u00a0molesta\u00bb, dice y remata: \u00abEl equipo econ\u00f3mico de Argentina parece perdido\u00bb.<\/p>\n<p>Tambi\u00e9n se hacen eco del impuesto a la Renta Financiera y la reciente incorporaci\u00f3n de los Lebac dentro de este \u00edtem. \u00abEl gobierno est\u00e1 buscando desesperadamente dinero\u00bb, comenta y cierra con la explicaci\u00f3n de Compagnucci: \u00abEso llev\u00f3 a muchos inversores extranjeros fuera del mercado y los inversores locales vendieron y compraron d\u00f3lares\u00bb.<\/p>\n<p>Por su parte, el Financial Times pone en su portada: \u00abArgentina vuelve a subir las tasas de inter\u00e9s a medida que se desploma el peso\u00bb.<\/p>\n<h6>Fuente: Uno Mendoza<\/h6>\n","protected":false},"excerpt":{"rendered":"<p>Dos publicaciones muy importantes del mundo empresarial y econ\u00f3mico ponen a Argentina entre sus publicaciones.<br \/>\n\u00a0<\/p>\n","protected":false},"author":2,"featured_media":76113,"comment_status":"closed","ping_status":"closed","sticky":false,"template":"","format":"standard","meta":{"footnotes":""},"categories":[8],"tags":[21],"class_list":["post-76112","post","type-post","status-publish","format-standard","has-post-thumbnail","hentry","category-informe-nacional","tag-argentina"],"_links":{"self":[{"href":"http:\/\/argentinamunicipal.com.ar\/argentina\/wp-json\/wp\/v2\/posts\/76112","targetHints":{"allow":["GET"]}}],"collection":[{"href":"http:\/\/argentinamunicipal.com.ar\/argentina\/wp-json\/wp\/v2\/posts"}],"about":[{"href":"http:\/\/argentinamunicipal.com.ar\/argentina\/wp-json\/wp\/v2\/types\/post"}],"author":[{"embeddable":true,"href":"http:\/\/argentinamunicipal.com.ar\/argentina\/wp-json\/wp\/v2\/users\/2"}],"replies":[{"embeddable":true,"href":"http:\/\/argentinamunicipal.com.ar\/argentina\/wp-json\/wp\/v2\/comments?post=76112"}],"version-history":[{"count":0,"href":"http:\/\/argentinamunicipal.com.ar\/argentina\/wp-json\/wp\/v2\/posts\/76112\/revisions"}],"wp:featuredmedia":[{"embeddable":true,"href":"http:\/\/argentinamunicipal.com.ar\/argentina\/wp-json\/wp\/v2\/media\/76113"}],"wp:attachment":[{"href":"http:\/\/argentinamunicipal.com.ar\/argentina\/wp-json\/wp\/v2\/media?parent=76112"}],"wp:term":[{"taxonomy":"category","embeddable":true,"href":"http:\/\/argentinamunicipal.com.ar\/argentina\/wp-json\/wp\/v2\/categories?post=76112"},{"taxonomy":"post_tag","embeddable":true,"href":"http:\/\/argentinamunicipal.com.ar\/argentina\/wp-json\/wp\/v2\/tags?post=76112"}],"curies":[{"name":"wp","href":"https:\/\/api.w.org\/{rel}","templated":true}]}}