{"id":76146,"date":"2018-05-07T07:08:18","date_gmt":"2018-05-07T10:08:18","guid":{"rendered":"http:\/\/argentinamunicipal.com.ar\/argentina\/?p=76146"},"modified":"2018-05-07T07:08:18","modified_gmt":"2018-05-07T10:08:18","slug":"menos-mal-ya-paso","status":"publish","type":"post","link":"http:\/\/argentinamunicipal.com.ar\/argentina\/menos-mal-ya-paso\/","title":{"rendered":"Menos mal que ya pas\u00f3"},"content":{"rendered":"<p>El ministro de Hacienda, Nicol\u00e1s Dujovne, se felicit\u00f3 a s\u00ed mismo por las medidas del viernes \u00faltimo y las consider\u00f3 definitivas. \u201cEvitamos la crisis, para que no ocurra nunca m\u00e1s\u201d.<\/p>\n<p>El ministro de Hacienda, Nicol\u00e1s Dujovne, afirm\u00f3 ayer que el programa econ\u00f3mico del gobierno est\u00e1 \u201cgenerando las condiciones que Argentina no tenga nunca m\u00e1s una crisis\u201d. A 24 horas de que el Banco Central lanzara una suba de tasas que disparar\u00e1 el costo de los cr\u00e9ditos hacia arriba en forma inmediata, y que desde Hacienda el propio Dujovne anunciara un recorte de 30 mil millones de pesos en la obra p\u00fablica para este a\u00f1o, el ministro se congratul\u00f3 de que, con esos anuncios, \u201cse evit\u00f3 una crisis\u201d. \u201cAyer \u2013por el viernes\u2013 anunciamos medidas para bajar la volatilidad y para dar certezas de que Argentina va al equilibrio fiscal. Hay cosas que tenemos que asegurarnos de que no ocurran nunca m\u00e1s, como una crisis, y con las medidas que estamos tomando vamos a evitar eso\u201d, manifest\u00f3.<\/p>\n<p>El gobierno pretende mostrar la baja de un peso en el d\u00f3lar del jueves al viernes como el reflejo de \u201cun \u00e9xito\u201d en su pol\u00edtica. No lo ven as\u00ed los distintos sectores afectados, ni los analistas internacionales.<\/p>\n<p>La propia Elisa Carri\u00f3, convertida en uno de los pilares en la defensa de la actual pol\u00edtica econ\u00f3mica, debi\u00f3 correr el eje del supuesto \u201cequilibrio\u201d para mostrar como exitoso lo hecho por el gobierno. Tras la suba del d\u00f3lares del mi\u00e9rcoles (trep\u00f3 a 21,52), se\u00f1al\u00f3 que no le preocupaba porque \u201ccon un d\u00f3lar a menos de 20 pesos era imposible exportar\u201d. Ayer, tras el cierre del viernes a 22,30, corri\u00f3 el punto de equilibrio: dijo que \u201ccon un d\u00f3lar a menos de 21 era imposible exportar\u201d. La aliada del macrismo devalu\u00f3 su propio punto de referencia en 48 horas.<\/p>\n<p>Dujovne hab\u00eda ofrecido una conferencia de prensa, el viernes poco antes de las 10 de la ma\u00f1ana, junto al ministro de Finanzas, Luis Caputo, en el microcine del Palacio de Hacienda. Una media hora antes, el Banco central hab\u00eda emitido un comunicado en el que se informaba que \u201cAnte la din\u00e1mica adquirida por el mercado cambiario, en el que ayer (por el jueves) el peso se depreci\u00f3 respecto al resto de las monedas de pa\u00edses emergentes\u201d, el Consejo de Pol\u00edtica Monetaria de la entidad hab\u00eda resuelto aumentar las tasas de inter\u00e9s de referencia al 40 por ciento.<\/p>\n<p>Dujovne, a su vez, anunci\u00f3 la aceleraci\u00f3n de la reducci\u00f3n del d\u00e9ficit fiscal primario, que en vez de un objetivo de bajar al 3,2 por ciento del PBI para este a\u00f1o pasaba a una meta m\u00e1s ambiciosa del 2,7 por ciento. Este ajuste representa un recorte de unos 30 mil millones de pesos, que afectar\u00eda principalmente al cronograma de obras de infraestructura, que ser\u00e1 reprogramado. Adem\u00e1s, Dujovne, en una muestra de fe, ratific\u00f3 la meta de inflaci\u00f3n del 15 por ciento para este a\u00f1o.<\/p>\n<p>El ministro de Hacienda habl\u00f3 ayer con la intenci\u00f3n de transmitir que el gobierno se mantiene al control de la situaci\u00f3n \u201cEstamos siempre atentos y listos para reaccionar, la poblaci\u00f3n tiene que estar tranquila. Vamos por el buen camino y generando las condiciones para que Argentina no tenga nunca m\u00e1s una crisis como las del pasado\u201d, sostuvo, reforzando la idea al afirmar que \u201ccon las herramientas que tenemos ya no vamos a tener las cirsis que se tuvo en el pasado\u201d.<\/p>\n<p>Un d\u00eda antes, en conferencia de prensa, Dujovne hab\u00eda hecho una presentaci\u00f3n basada fundamentalmente en las proyecciones del gasto p\u00fablico, la evoluci\u00f3n del d\u00e9ficit fiscal primario y la consistencia de las cuentas p\u00fablicas con el equilibrio monetario y un sendero de crecimiento. Es decir, lejos de un lenguaje comprensible para una mayor\u00eda de la poblaci\u00f3n en estado de desesperaci\u00f3n por el descalabro del d\u00f3lar y la posible repercusi\u00f3n en la forma de un mega aumento de precios. \u201cHabl\u00f3 para los mercados\u201d, fue la lectura en los que coincidieron medios de distinto signo pol\u00edtico, locales e internacionales.<\/p>\n<p>Ayer, en cambio, Nicol\u00e1s Dujovne se mostr\u00f3 m\u00e1s entrenado para utilizar un lenguaje m\u00e1s llano, aunque con argumentos cuestionables. El viernes hab\u00eda eludido referirse a la trepada del d\u00f3lar de los d\u00edas previos. Al hablar frente a los micr\u00f3fonos de la AM del Grupo Clar\u00edn, el titular de Hacienda expres\u00f3 que el salto en la cotizaci\u00f3n de la divisa, sobrepasando el nivel de 23 pesos el jueves, se debi\u00f3 a \u201cruidos dom\u00e9sticos por querer modificar la pol\u00edtica tarifaria del gobierno\u201d por parte de la oposici\u00f3n.<\/p>\n<h6>Fuente: P\u00e1gina 12<\/h6>\n","protected":false},"excerpt":{"rendered":"<p>El ministro de Hacienda, Nicol\u00e1s Dujovne, se felicit\u00f3 a s\u00ed mismo por las medidas del viernes \u00faltimo y las consider\u00f3 definitivas. \u201cEvitamos la crisis, para que no ocurra nunca m\u00e1s\u201d.<\/p>\n","protected":false},"author":2,"featured_media":76147,"comment_status":"closed","ping_status":"closed","sticky":false,"template":"","format":"standard","meta":{"footnotes":""},"categories":[8],"tags":[21],"class_list":["post-76146","post","type-post","status-publish","format-standard","has-post-thumbnail","hentry","category-informe-nacional","tag-argentina"],"_links":{"self":[{"href":"http:\/\/argentinamunicipal.com.ar\/argentina\/wp-json\/wp\/v2\/posts\/76146","targetHints":{"allow":["GET"]}}],"collection":[{"href":"http:\/\/argentinamunicipal.com.ar\/argentina\/wp-json\/wp\/v2\/posts"}],"about":[{"href":"http:\/\/argentinamunicipal.com.ar\/argentina\/wp-json\/wp\/v2\/types\/post"}],"author":[{"embeddable":true,"href":"http:\/\/argentinamunicipal.com.ar\/argentina\/wp-json\/wp\/v2\/users\/2"}],"replies":[{"embeddable":true,"href":"http:\/\/argentinamunicipal.com.ar\/argentina\/wp-json\/wp\/v2\/comments?post=76146"}],"version-history":[{"count":0,"href":"http:\/\/argentinamunicipal.com.ar\/argentina\/wp-json\/wp\/v2\/posts\/76146\/revisions"}],"wp:featuredmedia":[{"embeddable":true,"href":"http:\/\/argentinamunicipal.com.ar\/argentina\/wp-json\/wp\/v2\/media\/76147"}],"wp:attachment":[{"href":"http:\/\/argentinamunicipal.com.ar\/argentina\/wp-json\/wp\/v2\/media?parent=76146"}],"wp:term":[{"taxonomy":"category","embeddable":true,"href":"http:\/\/argentinamunicipal.com.ar\/argentina\/wp-json\/wp\/v2\/categories?post=76146"},{"taxonomy":"post_tag","embeddable":true,"href":"http:\/\/argentinamunicipal.com.ar\/argentina\/wp-json\/wp\/v2\/tags?post=76146"}],"curies":[{"name":"wp","href":"https:\/\/api.w.org\/{rel}","templated":true}]}}