{"id":76182,"date":"2018-05-07T07:53:09","date_gmt":"2018-05-07T10:53:09","guid":{"rendered":"http:\/\/argentinamunicipal.com.ar\/argentina\/?p=76182"},"modified":"2018-05-07T07:53:09","modified_gmt":"2018-05-07T10:53:09","slug":"lula-cumple-mes-preso-politico","status":"publish","type":"post","link":"http:\/\/argentinamunicipal.com.ar\/argentina\/lula-cumple-mes-preso-politico\/","title":{"rendered":"Lula cumple un mes como preso pol\u00edtico"},"content":{"rendered":"<p>La Central \u00danica de Trabajadores prepara para hoy diversos actos en todo el pa\u00eds, pero con el foco en el Sindicato de Metal\u00fargicos de San Pablo, donde Lula estuvo recluido dos d\u00edas rodeado de miles de simpatizantes antes de entregarse.<\/p>\n<p>El ex presidente brasile\u00f1o Luiz In\u00e1cio Lula da Silva cumple hoy un mes de prisi\u00f3n por una condena de 12 a\u00f1os y un mes por supuesta corrupci\u00f3n, en medio de un convulsionado clima social provocado por su detenci\u00f3n y con el ojo puesto en la Corte Suprema, que esta semana puede liberarlo. Mientras, el Partido de los Trabajadores de Lula y sus principales dirigentes, como la expresidenta Dilma Rousseff, cumplen 30 d\u00edas asegurando que el ex mandatario es un preso pol\u00edtico y que ser\u00e1, incluso preso, su candidato a las elecciones del 7 de octubre, en las que las encuestas lo se\u00f1alan como favorito imbatible.<\/p>\n<p>La Central \u00danica de Trabajadores prepara para hoy diversos actos en todo el pa\u00eds, pero con el foco en el Sindicato de Metal\u00fargicos de San Pablo donde Lula estuvo recluido dos d\u00edas rodeado de miles de simpatizantes antes de presentarse, tras la orden de prisi\u00f3n del juez S\u00e9rgio Moro. \u201cEl 7 de mayo ser\u00e1 una jornada de lucha contra una prisi\u00f3n pol\u00edtica e injusta. Ser\u00e1 una fecha del movimiento Lula Libre. Lula es el \u00fanico l\u00edder que siendo candidato puede revertir la ley laboral modificada por este gobierno de Michel Temer\u201d, dijo el secretario general de la CUT, Sergio Nobre.<\/p>\n<p>Con Lula preso en la Superintendencia de la Polic\u00eda Federal en Curitiba, capital del estado de Paran\u00e1, fronterizo con la provincia de Misiones, todas las atenciones de la agenda nacional se corrieron hacia all\u00ed.<\/p>\n<p>Un acampe que diariamente le grita \u201cBuenos d\u00edas\u201d al presidente se transform\u00f3 en la principal imagen de la \u201cresistencia\u201d del PT a la Operaci\u00f3n Lava Jato conducida por Moro.<\/p>\n<p>La Corte Suprema neg\u00f3 recursos urgentes para liberar a Lula en los primeros d\u00edas de la prisi\u00f3n y posterg\u00f3 el debate por tiempo indeterminado sobre la constitucionalidad de una jurisprudencia por la cual est\u00e1 preso el expresidente e indica que se puede detener a alguien con fallos en dos instancias y no en tres, como dice la Constituci\u00f3n brasile\u00f1a.<\/p>\n<p>La candidatura de Lula, ratificada por la presidenta del PT, Gleisi Hoffmann, fue objetada por Gilmar Mendes, uno de los jueces del Supremo Tribunal Federal y uno de los garantistas a favor de liberarlo. \u201cNo hay chances de que sea candidato ante la justicia electoral\u201d, dijo Mendes el viernes en R\u00edo de Janeiro ante corresponsales extranjeros, frente a la inscripci\u00f3n de la candidatura de Lula que se realizar\u00e1 el 15 de agosto. Es que seg\u00fan Mendes, Lula caer\u00e1 en la Ley de Ficha Limpia, que impide a condenados en dos instancias ser candidatos.<\/p>\n<p>\u201cNo hay plan B, Plan Z, Plan Y, hay Plan LL, el Plan es Lula Libre, el Plan Lula Candidato, el Plan Lula Presidente\u201d, dijo Jaques Wagner, ex gobernador de Bah\u00eda, es considerado un presidenciable del PT si Lula es inhabilitado y visit\u00f3 al ex mandatario en jueves. Wagner afirm\u00f3 que Lula le dijo \u201cdeciles a ellos que tengo m\u00e1s votos en la manija de mi ata\u00fad que todos ellos juntos\u201d, para ratificar que su popularidad tendr\u00e1 fuerza ante la Justicia Electoral.<\/p>\n<p>El primer mes de Lula detenido revel\u00f3 tambi\u00e9n un enfrentamiento sin precedentes entre la Corte Suprema y el juez S\u00e9rgio Moro,que en primera instancia encontr\u00f3 al ex presidente culpable de haber recibido como soborno un departamento en el balneario de Guaruj\u00e1 que Lula nunca compr\u00f3, ni ocup\u00f3. \u201cTortura\u201d calific\u00f3 Mendes al llamado \u201cM\u00e9todo Moro\u201d de la Operaci\u00f3n Lava Jato. En este mes, el m\u00e1ximo tribunal de Brasil le retir\u00f3 a Moro las \u201cdelaciones premiadas\u201d de ejecutivos de Odebrecht en otra causa vinculada a Lula por una cuesti\u00f3n de jurisdicci\u00f3n. Se esboza por primera vez una reacci\u00f3n de la m\u00e1xima corte a los poderes extraordinarios que la c\u00e1mara de apelaciones de Porto Alegre le otorga a Moro desde 2014, cuando estall\u00f3 la Operaci\u00f3n Lava Jato. La Sala II de la corte suprema (Supremo Tribunal Federal)tiene plazo hasta el 10 de mayo para decidir si el juez Moro anticip\u00f3 el procedimiento de detenci\u00f3n de Lula.<\/p>\n<p>La sala es la de los llamados \u201cgarantistas\u201d que aceptaron un recurso de la defensa del expresidente. Cuatro de los cincos magistrados supremos de la Sala II est\u00e1n a favor de declarar inconstitucional la jurisprudencia de 2016 que afecta a Lula y que permite la detenci\u00f3n de un condenado en dos instancias. La Constituci\u00f3n dice que s\u00f3lo puede ser privado de libertad un condenado que agot\u00f3 todas las instancias. El voto de este recurso es electr\u00f3nico y puede ser hecho hasta antes del jueves.<\/p>\n<p>El expresidente dijo sentirse preocupado por el rumbo econ\u00f3mico del pa\u00eds en una reuni\u00f3n que mantuvo con la presidenta del PT, Gleisi Hoffmann y Wagner. El campamento, en el que participan unas 1.000 personas y que fue bautizado con el nombre de Marisa Leticia, en honor a la fallecida esposa de Lula, fue blanco de un atentado a tiros por parte de desconocidos la semana pasada. El clima pol\u00edtico en una Curitiba repleta de manifestantes del PT siempre rode\u00f3 la tensi\u00f3n. Frente a una eventual salida de prisi\u00f3n, Lula deber\u00e1 enfrentar nuevos procesos a cargo del juez Moro, como el que indica que Odebrecht y la constructora OAS reformaron una casa de campo en Atibaia, estado de San Pablo, propiedad de dos amigos de Lula, supuestamente como parte de sobornos.<\/p>\n<p>Mientras en todo el pa\u00eds hay comit\u00e9s por la libertad de Lula mientras que en el extranjero Rousseff qued\u00f3 como principal encargada de defender al ex presidente. \u201cSigo viendo muy extra\u00f1o c\u00f3mo las cinco mayores empresas de construcci\u00f3n brasile\u00f1as fueron sistem\u00e1ticamente destruidas por la Operaci\u00f3n Lava Jato\u201d, dijo Rousseff durante un foro organizado el s\u00e1bado en Londres, ocasi\u00f3n en la que descart\u00f3 el reemplazo de Lula como candidato del PT.<\/p>\n<p>En el plano electoral, las encuestas le otorgan a Lula un 31 por ciento de intenci\u00f3n de voto contra el 15 del segundo favorito, el ultraderechista excapit\u00e1n del Ej\u00e9rcito Jair Bolsonaro, y 52 por ciento a favor de Lula en una eventual segunda vuelta.<\/p>\n<p>Sin Lula, Bolsonaro y la ambientalista Marina Silva aparecen como favoritos, detr\u00e1s de la sorpresa de las encuestas, que es el tercer lugar que ocupa el exjuez Joaquim Barbosa,el primer negro en acceder al a Corte Suprema de la mano de Lula, pero responsable por haber condenado en 2012 a altos funcionarios del PT, incluido el exjefe de Gabinete de Lula, Jose Dirceu, por corrupci\u00f3n en el esc\u00e1ndalo conocido como \u2018mensalao\u2019 (mensualidad) de reparto de dineros p\u00fablicos que explot\u00f3 en el 2005, salpicando a todos los partidos importantes de Brasil, y que fue un precedente inmediato para el caso Lava Jato.<\/p>\n<h6>Fuente: P\u00e1gina 12<\/h6>\n","protected":false},"excerpt":{"rendered":"<p>La Central \u00danica de Trabajadores prepara para hoy diversos actos en todo el pa\u00eds, pero con el foco en el Sindicato de Metal\u00fargicos de San Pablo, donde Lula estuvo recluido dos d\u00edas rodeado de miles de simpatizantes antes de entregarse.<\/p>\n","protected":false},"author":2,"featured_media":76183,"comment_status":"closed","ping_status":"closed","sticky":false,"template":"","format":"standard","meta":{"footnotes":""},"categories":[22],"tags":[57],"class_list":["post-76182","post","type-post","status-publish","format-standard","has-post-thumbnail","hentry","category-el-mundo","tag-el-mundo"],"_links":{"self":[{"href":"http:\/\/argentinamunicipal.com.ar\/argentina\/wp-json\/wp\/v2\/posts\/76182","targetHints":{"allow":["GET"]}}],"collection":[{"href":"http:\/\/argentinamunicipal.com.ar\/argentina\/wp-json\/wp\/v2\/posts"}],"about":[{"href":"http:\/\/argentinamunicipal.com.ar\/argentina\/wp-json\/wp\/v2\/types\/post"}],"author":[{"embeddable":true,"href":"http:\/\/argentinamunicipal.com.ar\/argentina\/wp-json\/wp\/v2\/users\/2"}],"replies":[{"embeddable":true,"href":"http:\/\/argentinamunicipal.com.ar\/argentina\/wp-json\/wp\/v2\/comments?post=76182"}],"version-history":[{"count":0,"href":"http:\/\/argentinamunicipal.com.ar\/argentina\/wp-json\/wp\/v2\/posts\/76182\/revisions"}],"wp:featuredmedia":[{"embeddable":true,"href":"http:\/\/argentinamunicipal.com.ar\/argentina\/wp-json\/wp\/v2\/media\/76183"}],"wp:attachment":[{"href":"http:\/\/argentinamunicipal.com.ar\/argentina\/wp-json\/wp\/v2\/media?parent=76182"}],"wp:term":[{"taxonomy":"category","embeddable":true,"href":"http:\/\/argentinamunicipal.com.ar\/argentina\/wp-json\/wp\/v2\/categories?post=76182"},{"taxonomy":"post_tag","embeddable":true,"href":"http:\/\/argentinamunicipal.com.ar\/argentina\/wp-json\/wp\/v2\/tags?post=76182"}],"curies":[{"name":"wp","href":"https:\/\/api.w.org\/{rel}","templated":true}]}}