{"id":76225,"date":"2018-05-08T06:59:02","date_gmt":"2018-05-08T09:59:02","guid":{"rendered":"http:\/\/argentinamunicipal.com.ar\/argentina\/?p=76225"},"modified":"2018-05-08T06:59:02","modified_gmt":"2018-05-08T09:59:02","slug":"pleno-ajuste-macri-designo-traves-del-boletin-oficial-mas-40-funcionarios-cargos-insolitos","status":"publish","type":"post","link":"http:\/\/argentinamunicipal.com.ar\/argentina\/pleno-ajuste-macri-designo-traves-del-boletin-oficial-mas-40-funcionarios-cargos-insolitos\/","title":{"rendered":"En pleno ajuste, Macri design\u00f3 a trav\u00e9s del bolet\u00edn oficial m\u00e1s de 40 funcionarios en cargos ins\u00f3litos"},"content":{"rendered":"<p>El poder ejecutivo nacional, con la firma del jefe de gabinete Marcos Pe\u00f1a, design\u00f3 a m\u00e1s de 40 personas. Los nombramientos se dan en medio de la crisis econ\u00f3mica que atraviesa el pa\u00eds y luego de un a\u00f1o convulsionado donde se recort\u00f3 personal de varios ministerios.<\/p>\n<p>El nombramiento de m\u00e1s de 40 personas promulgado por el bolet\u00edn oficial fue toda una novedad en el marco de la crisis econ\u00f3mica que atraviesa el pa\u00eds. Los nombramientos se dieron en 13 ministerios y muestran algunos puestos extra\u00f1os que fueron adjudicados a conocidos y militantes del ejecutivo nacional..<\/p>\n<p>Un ejemplo es el de\u00a0\u00a0Micaela M\u00e9ndez, nombrada como directora de Gesti\u00f3n Comunicacional de la Direcci\u00f3n General de Discurso. M\u00e9ndez salto a la fama por ser la\u00a0fonoaudi\u00f3loga de Macri.<\/p>\n<p>Entre los cargos hay algunos\u00a0puestos que son ins\u00f3litos, como el de Julieta Biagioni:Coordinadora de An\u00e1lisis y M\u00e9tricas de la direcci\u00f3n de comunicaci\u00f3n digital de la direcci\u00f3n nacional de publicidad oficial de la secretar\u00eda de comunicaci\u00f3n p\u00fablica de la jefatura de gabinete de ministros.<\/p>\n<p>Agroindustria tambi\u00e9n tuvo\u00a0dos nombramientos luego de dejar\u00a0a\u00a0m\u00e1s de 500 trabajadores sin empleo la semana pasada. Tamb\u00eden los militantes del\u00a0PRO tienen su lugar. Es el caso de\u00a0Dami\u00e1n Arabia, director de formaci\u00f3n pol\u00edtica de la juventud PRO, que fue designado director de prevenci\u00f3n de la corrupci\u00f3n y ejecuci\u00f3n de pruebas de integridad dependiente de la unidad de coordinaci\u00f3n general del ministerio de seguridad.<\/p>\n<p><strong>\u00a0A continuaci\u00f3n algunos de los cargos m\u00e1s extra\u00f1os:<\/strong><\/p>\n<p>Julieta Biagioni como coordinadora de an\u00e1lisis y m\u00e9tricas de la direcci\u00f3n de comunicaci\u00f3n digital de la direcci\u00f3n nacional de publicidad oficial de la secretar\u00eda de comunicaci\u00f3n p\u00fablica de la jefatura de gabinete de ministro.<\/p>\n<p>Lola Gim\u00e9nez: directora nacional de agenda internacional dependiente de la secretar\u00eda de asuntos estrat\u00e9gicos de la jefatura de gabinete de ministros.<\/p>\n<p>Gonzalo Gabriel Fuentes: coordinador de dep\u00f3sito metropolitano de la direcci\u00f3n de log\u00edstica perteneciente a la subsecretar\u00eda de abordaje territorial de la secretar\u00eda de articulaci\u00f3n de pol\u00edtica social del ministerio de desarrollo social<\/p>\n<p>Mar\u00eda Bel\u00e9n Torres: coordinadora de detecci\u00f3n y seguimiento de necesidades cr\u00edticas de la direcci\u00f3n de asistencia cr\u00edtica dependiente de la direcci\u00f3n nacional de emergencia de la subsecretar\u00eda de abordaje territorial en el \u00e1mbito de la secretar\u00eda de articulaci\u00f3n de pol\u00edtica social del ministerio de desarrollo social.<\/p>\n<h6>Fuente: InfoCielo<\/h6>\n","protected":false},"excerpt":{"rendered":"<p>El poder ejecutivo nacional, con la firma del jefe de gabinete Marcos Pe\u00f1a, design\u00f3 a m\u00e1s de 40 personas. Los nombramientos se dan en medio de la crisis econ\u00f3mica que atraviesa el pa\u00eds y luego de un a\u00f1o convulsionado donde se recort\u00f3 personal de varios ministerios.<\/p>\n","protected":false},"author":2,"featured_media":76226,"comment_status":"closed","ping_status":"closed","sticky":false,"template":"","format":"standard","meta":{"footnotes":""},"categories":[8],"tags":[21],"class_list":["post-76225","post","type-post","status-publish","format-standard","has-post-thumbnail","hentry","category-informe-nacional","tag-argentina"],"_links":{"self":[{"href":"http:\/\/argentinamunicipal.com.ar\/argentina\/wp-json\/wp\/v2\/posts\/76225","targetHints":{"allow":["GET"]}}],"collection":[{"href":"http:\/\/argentinamunicipal.com.ar\/argentina\/wp-json\/wp\/v2\/posts"}],"about":[{"href":"http:\/\/argentinamunicipal.com.ar\/argentina\/wp-json\/wp\/v2\/types\/post"}],"author":[{"embeddable":true,"href":"http:\/\/argentinamunicipal.com.ar\/argentina\/wp-json\/wp\/v2\/users\/2"}],"replies":[{"embeddable":true,"href":"http:\/\/argentinamunicipal.com.ar\/argentina\/wp-json\/wp\/v2\/comments?post=76225"}],"version-history":[{"count":0,"href":"http:\/\/argentinamunicipal.com.ar\/argentina\/wp-json\/wp\/v2\/posts\/76225\/revisions"}],"wp:featuredmedia":[{"embeddable":true,"href":"http:\/\/argentinamunicipal.com.ar\/argentina\/wp-json\/wp\/v2\/media\/76226"}],"wp:attachment":[{"href":"http:\/\/argentinamunicipal.com.ar\/argentina\/wp-json\/wp\/v2\/media?parent=76225"}],"wp:term":[{"taxonomy":"category","embeddable":true,"href":"http:\/\/argentinamunicipal.com.ar\/argentina\/wp-json\/wp\/v2\/categories?post=76225"},{"taxonomy":"post_tag","embeddable":true,"href":"http:\/\/argentinamunicipal.com.ar\/argentina\/wp-json\/wp\/v2\/tags?post=76225"}],"curies":[{"name":"wp","href":"https:\/\/api.w.org\/{rel}","templated":true}]}}