{"id":76246,"date":"2018-05-08T07:30:54","date_gmt":"2018-05-08T10:30:54","guid":{"rendered":"http:\/\/argentinamunicipal.com.ar\/argentina\/?p=76246"},"modified":"2018-05-08T07:30:54","modified_gmt":"2018-05-08T10:30:54","slug":"continuismo-en-rusia","status":"publish","type":"post","link":"http:\/\/argentinamunicipal.com.ar\/argentina\/continuismo-en-rusia\/","title":{"rendered":"Continuismo en Rusia"},"content":{"rendered":"<p>El presidente ruso mantendr\u00e1 las directrices globales de sus mandatos. \u201cAprendimos a defender nuestros intereses, recuperamos el orgullo por la patria\u201d, dijo. Ratific\u00f3 a Medvedev como premier.<\/p>\n<p>El presidente de Rusia, Vladimir Putin, jur\u00f3 \u201cdefender la soberan\u00eda y la independencia, la seguridad y la integridad territorial del Estado, y servir al pueblo con lealtad\u201d, al tomar ayer posesi\u00f3n de su cuarto mandato al frente de la Federaci\u00f3n de Rusia, durante una ceremonia celebrada en el Gran Palacio del Kremlin en Mosc\u00fa.<\/p>\n<p>Con la mano derecha sobre la Carta Magna y poco despu\u00e9s de llegar al lugar en una limusina de fabricaci\u00f3n rusa, el l\u00edder que fue reelegido el 18 de marzo \u00faltimo con el 76,6 por ciento de los votos, jur\u00f3 asimismo \u201crespetar y defender los derechos y las libertades de las personas y los ciudadanos; cumplir y defender la Constituci\u00f3n\u201d. M\u00e1s de 6000 invitados, entre ellos ministros del gobierno saliente, diputados y senadores, miembros del cuerpo diplom\u00e1tico, autoridades civiles, eclesi\u00e1sticas, militares y otras personalidades, asistieron a la ceremonia que fue transmitida por televisi\u00f3n a todo el pa\u00eds.<\/p>\n<p>\u201cConsidero mi deber y el sentido de mi vida hacer todo por Rusia, por su presente y futuro, de paz y progreso; por cuidar de nuestro gran pueblo y de su desarrollo, por el bienestar en cada familia rusa\u201d, dijo Putin en un breve discurso tras la ceremonia de toma de posesi\u00f3n.<\/p>\n<p>El jefe del Kremlin agradeci\u00f3 a la ciudadan\u00eda rusa su unidad y confianza en que \u201cmucho puede cambiarse para mejor\u201d. \u201cY quiero otra vez decir gracias. Gracias por el nivel de apoyo sincero que ustedes, ciudadanos de Rusia, me brindaron en las elecciones presidenciales\u201d, a\u00f1adi\u00f3.<\/p>\n<p>\u201cAhora, debemos usar todas las posibilidades existentes, en primer lugar para resolver las tareas internas urgentes de desarrollo, para avances econ\u00f3micos y tecnol\u00f3gicos, para aumentar la competitividad en aquellas esferas que determinan el futuro\u201d, dijo en un solemne discurso ante miles de invitados en el sal\u00f3n Andreevsky del Gran Palacio del Kremlin y en dos salas adyacentes. \u201cUna nueva calidad de vida, bienestar, seguridad y sanidad, eso es lo principal hoy\u201d, a\u00f1adi\u00f3.<\/p>\n<p>Poco despu\u00e9s de la jura, present\u00f3 ante la Duma (C\u00e1mara de Diputados) la candidatura de Dmitri Medvedev a primer ministro, cargo que \u00e9ste ya ejerce desde 2012. Si la Duma aprueba hoy la candidatura de Medvedev se mantendr\u00e1 el t\u00e1ndem que ha dirigido este pa\u00eds durante los \u00faltimos 10 a\u00f1os.<\/p>\n<p>Medvedev es un hombre que demostr\u00f3 su f\u00e9rrea lealtad al actual jefe del Estado al haber ejercido como presidente entre 2008 y 2012, despu\u00e9s de que Putin agotara los dos mandatos presidenciales de cuatro a\u00f1os que por entonces le permit\u00eda la Constituci\u00f3n rusa.<\/p>\n<p>Siendo Medvedev presidente, la Constituci\u00f3n fue modificada para ampliar el mandato del jefe del Estado de cuatro a seis a\u00f1os y para permitir que una misma persona fuera presidente m\u00e1s de dos veces. Si la ley fundamental no cambia de nuevo, Putin inici\u00f3 ayer su \u00faltimo mandato presidencial.<\/p>\n<p>Durante su mandato anterior (2012-2018) se produjo la intervenci\u00f3n militar de Rusia en Ucrania y la anexi\u00f3n de la pen\u00ednsula de Crimea, dos hechos que marcaron una l\u00ednea divisoria en la evoluci\u00f3n postsovi\u00e9tica rusa y en su rol y posici\u00f3n en el sistema de relaciones internacionales.<\/p>\n<p>A partir de 2014, la tensi\u00f3n entre buena parte de las potencias occidentales y Rusia fue la marca distintiva de la geopol\u00edtica internacional, y se inaugur\u00f3 un per\u00edodo caracterizado por una escalada de sanciones y contrasanciones, adem\u00e1s de la ruptura de varios lazos institucionales (las dos cumbres anuales entre la Uni\u00f3n Europea y Rusia, por ejemplo), la desconfianza mutua y el distanciamiento.<\/p>\n<p>Putin busca que Rusia vuelva a ser protagonista de las grandes decisiones del mundo. Tras ser expulsado del G8, el jefe del Estado respondi\u00f3 afirm\u00e1ndose en otros espacios y con otros socios, como los pa\u00edses integrantes del Brics, China, en su frontera este, y Turqu\u00eda e Ir\u00e1n en el sur, naciones con las que coordina su presencia en Siria.<\/p>\n<p>Adem\u00e1s de su intervenci\u00f3n en Ucrania y la anexi\u00f3n de Crimea, el apoyo ruso al presidente sirio Bashar al Assad gener\u00f3 permanentes cortocircuitos con las potencias occidentales.<\/p>\n<p>Sin embargo, el l\u00edder ruso no duda en la continuidad de las directrices globales de sus mandatos.\u201dAprendimos a defender nuestros intereses, recuperamos el orgullo por la patria, por nuestros valores tradicionales\u201d, dijo y prometi\u00f3 garantizar \u201cla seguridad y la capacidad defensiva del pa\u00eds\u201d. \u201cEstamos abiertos al di\u00e1logo. Nos pronunciamos por la cooperaci\u00f3n igualitaria con todos los Estados, en aras de la paz y la estabilidad en todo el planeta\u201d, agreg\u00f3.<\/p>\n<h6>Fuente: P\u00e1gina 12<\/h6>\n","protected":false},"excerpt":{"rendered":"<p>El presidente ruso mantendr\u00e1 las directrices globales de sus mandatos. \u201cAprendimos a defender nuestros intereses, recuperamos el orgullo por la patria\u201d, dijo. Ratific\u00f3 a Medvedev como premier.<\/p>\n","protected":false},"author":2,"featured_media":76247,"comment_status":"closed","ping_status":"closed","sticky":false,"template":"","format":"standard","meta":{"footnotes":""},"categories":[22],"tags":[57],"class_list":["post-76246","post","type-post","status-publish","format-standard","has-post-thumbnail","hentry","category-el-mundo","tag-el-mundo"],"_links":{"self":[{"href":"http:\/\/argentinamunicipal.com.ar\/argentina\/wp-json\/wp\/v2\/posts\/76246","targetHints":{"allow":["GET"]}}],"collection":[{"href":"http:\/\/argentinamunicipal.com.ar\/argentina\/wp-json\/wp\/v2\/posts"}],"about":[{"href":"http:\/\/argentinamunicipal.com.ar\/argentina\/wp-json\/wp\/v2\/types\/post"}],"author":[{"embeddable":true,"href":"http:\/\/argentinamunicipal.com.ar\/argentina\/wp-json\/wp\/v2\/users\/2"}],"replies":[{"embeddable":true,"href":"http:\/\/argentinamunicipal.com.ar\/argentina\/wp-json\/wp\/v2\/comments?post=76246"}],"version-history":[{"count":0,"href":"http:\/\/argentinamunicipal.com.ar\/argentina\/wp-json\/wp\/v2\/posts\/76246\/revisions"}],"wp:featuredmedia":[{"embeddable":true,"href":"http:\/\/argentinamunicipal.com.ar\/argentina\/wp-json\/wp\/v2\/media\/76247"}],"wp:attachment":[{"href":"http:\/\/argentinamunicipal.com.ar\/argentina\/wp-json\/wp\/v2\/media?parent=76246"}],"wp:term":[{"taxonomy":"category","embeddable":true,"href":"http:\/\/argentinamunicipal.com.ar\/argentina\/wp-json\/wp\/v2\/categories?post=76246"},{"taxonomy":"post_tag","embeddable":true,"href":"http:\/\/argentinamunicipal.com.ar\/argentina\/wp-json\/wp\/v2\/tags?post=76246"}],"curies":[{"name":"wp","href":"https:\/\/api.w.org\/{rel}","templated":true}]}}