{"id":76303,"date":"2018-05-09T06:59:27","date_gmt":"2018-05-09T09:59:27","guid":{"rendered":"http:\/\/argentinamunicipal.com.ar\/argentina\/?p=76303"},"modified":"2018-05-09T06:59:27","modified_gmt":"2018-05-09T09:59:27","slug":"receta-del-ajuste-conocido-final-cantado","status":"publish","type":"post","link":"http:\/\/argentinamunicipal.com.ar\/argentina\/receta-del-ajuste-conocido-final-cantado\/","title":{"rendered":"Receta del ajuste conocido con el final cantado"},"content":{"rendered":"<p>Los t\u00e9cnicos del Fondo ya escribieron lo que quieren de la Argentina. Lo dejaron expuesto en su \u00faltimo informe sobre el pa\u00eds. Piden bajar m\u00e1s el gasto p\u00fablico, flexibilidad laboral, m\u00e1s reforma previsional y m\u00e1s despidos de empleados p\u00fablicos.<\/p>\n<p>En el \u00faltimo informe del Art\u00edculo IV publicado en diciembre de 2017 los t\u00e9cnicos del Fondo Monetario Internacional reclamaron profundizar el ajuste del gasto p\u00fablico. \u201cLa reducci\u00f3n del gasto p\u00fablico es esencial, especialmente en las \u00e1reas donde aument\u00f3 muy r\u00e1pidamente en los \u00faltimos a\u00f1os, en particular los salarios, las pensiones y las transferencias sociales\u201d, escribieron. Para los t\u00e9cnicos del organismo multilateral el ajuste fiscal reducir\u00eda la exposici\u00f3n a los vaivenes internacionales. Este fue el segundo informe elaborado por el FMI sobre la econom\u00eda argentina despu\u00e9s de que el v\u00ednculo bilateral fuera discontinuado en 2005, meses antes del pago de la deuda con el organismo. \u201cUn reequilibrio fiscal m\u00e1s acelerado permitir\u00eda tasas de inter\u00e9s m\u00e1s bajas, reducir\u00eda las presiones al alza sobre el peso y limitar\u00eda las vulnerabilidades ante un endurecimiento repentino de las condiciones de financiamiento externo\u201d, postula el documento del FMI. La misma receta propuso dos semanas atr\u00e1s cuando recort\u00f3 sus proyecciones de crecimiento para la Argentina de 2,5 a 2,0 por ciento en 2018.<\/p>\n<p>La revisi\u00f3n semestral del \u201cPanorama Econ\u00f3mico Global\u201d del Fondo sosten\u00eda que el gobierno de Mauricio Macri deb\u00eda profundizar el recorte en el gasto p\u00fablico y aplicar pol\u00edticas monetarias contractivas para controlar la inflaci\u00f3n. Siguiendo los lineamientos propuestos a finales del a\u00f1o pasado donde no solo celebraron la modificaci\u00f3n de la f\u00f3rmula de actualizaci\u00f3n de las jubilaciones, sino que enfatizaron la necesidad de avanzar en la reforma integral de la seguridad social prevista por el gobierno para 2019, el FMI se\u00f1al\u00f3 que el ajuste deber\u00eda hacerse en el sistema previsional. \u201cLas reformas fiscales aprobadas a finales de 2017 ofrecen una orientaci\u00f3n mejorada para la disciplina fiscal y colaborar\u00e1n en el abordaje de los grandes desbalances en las pensiones y comenzar una reducci\u00f3n gradual de los impuestos altos y distorsivos\u201d, expres\u00f3 el documento presentado a mediados de abril, al se\u00f1alar que \u201csin embargo, ser\u00e1n necesario mayores recortes en el gasto primario para conseguir los objetivos para el d\u00e9ficit primario y abrir espacio para avanzar en la reducci\u00f3n de la presi\u00f3n impositiva\u201d. Otros consejos para reducir el gasto vertidos en el \u00faltimo Art\u00edculo IV apuntan a los salarios y a las transferencias sociales.<\/p>\n<p>\u201cEs un momento propicio para llevar adelante las reformas estructurales\u201d, expres\u00f3 a mediados de marzo Christine Lagarde, directora gerente del Fondo, cuando visit\u00f3 el pa\u00eds para participar de la cumbre de banqueros centrales y ministros de finanzas del G-20 en Buenos Aires. Pero las transformaciones que deber\u00eda desplegar el gobierno de Mauricio Macri no se agotan con la seguridad social. El FMI respalda la reforma laboral. \u201cArgentina tiene instituciones y regulaciones del mercado laboral relativamente r\u00edgidas\u201d, expres\u00f3 el organismo a fines del a\u00f1o pasado. \u201cLas principales deficiencias incluyen altos costos de terminaci\u00f3n del contrato laboral, complejos procedimientos para despidos colectivos y condiciones restrictivas para el empleo temporal\u201d, sostuvo entonces la entidad. \u00a0Pero sus propuestas en materia laboral no se agotan ah\u00ed. \u201cLa negociaci\u00f3n colectiva tambi\u00e9n es un problema. Se lleva a cabo a nivel sectorial y cubre alrededor del 70 por ciento de los trabajadores\u201d, afirma el organismo en su \u00faltimo Art\u00edculo IV de Argentina. El texto aconseja adem\u00e1s reducir el empleo p\u00fablico: \u201chay espacio para racionalizar gradualmente la masa salarial, especialmente en las provincias\u201d.<\/p>\n<p>Las misiones del organismo regresaron al pa\u00eds en 2016 como parte del proceso de reinserci\u00f3n plena en el sistema financiero internacional. La revisi\u00f3n macroecon\u00f3mica es una exigencia para los pa\u00edses miembro del Fondo. Aunque se trata de una supervisi\u00f3n t\u00e9cnica de la econom\u00eda local, los informes del Art\u00edculo IV funcionaron a lo largo de la historia como mecanismos para legitimar la implementaci\u00f3n de pol\u00edticas fiscales, monetarias, laborales y cambiarias ortodoxas que no necesariamente eran exigidas por el FMI.<\/p>\n<p>Las relaciones entre Argentina y el Fondo fueron tirantes desde la crisis de 2001-2002, pero las recetas de ajuste se remontan al primer cr\u00e9dito otorgado por la entidad al pa\u00eds en 1958. Durante el kirchnerismo, el organismo cuestion\u00f3 la nueva orientaci\u00f3n macroecon\u00f3mica y la reestructuraci\u00f3n de la deuda. La tensi\u00f3n se profundiz\u00f3 despu\u00e9s del pago anticipado de los casi 10.000 millones de d\u00f3lares de deuda que acumulaba el pa\u00eds en 2006.<\/p>\n<p>Durante su \u00faltima visita al pa\u00eds Lagarde moder\u00f3 su visi\u00f3n y consider\u00f3 adecuado el ritmo de ajuste ejecutado por el gobierno de Mauricio Macri. \u201cNo es un proceso brutal de reducci\u00f3n del d\u00e9ficit sino que lo hacen en el tiempo teniendo en cuenta las circunstancias de la econom\u00eda y la capacidad de la sociedad para aceptar los pasos que da el Gobierno\u201d, evalu\u00f3 la directiva del FMI, al asumir como propia la argumentaci\u00f3n oficial del ajuste fiscal.<\/p>\n<h6>Fuente: P\u00e1gina 12<\/h6>\n","protected":false},"excerpt":{"rendered":"<p>Los t\u00e9cnicos del Fondo ya escribieron lo que quieren de la Argentina. Lo dejaron expuesto en su \u00faltimo informe sobre el pa\u00eds. Piden bajar m\u00e1s el gasto p\u00fablico, flexibilidad laboral, m\u00e1s reforma previsional y m\u00e1s despidos de empleados p\u00fablicos.<\/p>\n","protected":false},"author":2,"featured_media":76304,"comment_status":"closed","ping_status":"closed","sticky":false,"template":"","format":"standard","meta":{"footnotes":""},"categories":[8],"tags":[21],"class_list":["post-76303","post","type-post","status-publish","format-standard","has-post-thumbnail","hentry","category-informe-nacional","tag-argentina"],"_links":{"self":[{"href":"http:\/\/argentinamunicipal.com.ar\/argentina\/wp-json\/wp\/v2\/posts\/76303","targetHints":{"allow":["GET"]}}],"collection":[{"href":"http:\/\/argentinamunicipal.com.ar\/argentina\/wp-json\/wp\/v2\/posts"}],"about":[{"href":"http:\/\/argentinamunicipal.com.ar\/argentina\/wp-json\/wp\/v2\/types\/post"}],"author":[{"embeddable":true,"href":"http:\/\/argentinamunicipal.com.ar\/argentina\/wp-json\/wp\/v2\/users\/2"}],"replies":[{"embeddable":true,"href":"http:\/\/argentinamunicipal.com.ar\/argentina\/wp-json\/wp\/v2\/comments?post=76303"}],"version-history":[{"count":0,"href":"http:\/\/argentinamunicipal.com.ar\/argentina\/wp-json\/wp\/v2\/posts\/76303\/revisions"}],"wp:featuredmedia":[{"embeddable":true,"href":"http:\/\/argentinamunicipal.com.ar\/argentina\/wp-json\/wp\/v2\/media\/76304"}],"wp:attachment":[{"href":"http:\/\/argentinamunicipal.com.ar\/argentina\/wp-json\/wp\/v2\/media?parent=76303"}],"wp:term":[{"taxonomy":"category","embeddable":true,"href":"http:\/\/argentinamunicipal.com.ar\/argentina\/wp-json\/wp\/v2\/categories?post=76303"},{"taxonomy":"post_tag","embeddable":true,"href":"http:\/\/argentinamunicipal.com.ar\/argentina\/wp-json\/wp\/v2\/tags?post=76303"}],"curies":[{"name":"wp","href":"https:\/\/api.w.org\/{rel}","templated":true}]}}