{"id":76361,"date":"2018-05-11T07:12:44","date_gmt":"2018-05-11T10:12:44","guid":{"rendered":"http:\/\/argentinamunicipal.com.ar\/argentina\/?p=76361"},"modified":"2018-05-11T07:12:44","modified_gmt":"2018-05-11T10:12:44","slug":"una-foto-intentar-calmar-temporal","status":"publish","type":"post","link":"http:\/\/argentinamunicipal.com.ar\/argentina\/una-foto-intentar-calmar-temporal\/","title":{"rendered":"Una foto para intentar calmar el temporal"},"content":{"rendered":"<p>En medio de la crisis financiera y las negociaciones con el FMI, la Casa Rosada busc\u00f3 una imagen con los gobernadores opositores. Estuvieron Juan Schiaretti, Gustavo Bordet, Domingo Peppo, Juan Manzur y Sergio U\u00f1ac.<\/p>\n<p>Luego de anunciar un acuerdo con el FMI, el presidente Mauricio Macri consigui\u00f3 sacarse una foto con cinco gobernadores peronistas que respondieron a su invitaci\u00f3n. El encuentro, que ven\u00eda coordin\u00e1ndose desde antes del anuncio del acuerdo con el organismo multilateral de cr\u00e9dito, sirvi\u00f3 para recomponer en parte la relaci\u00f3n de Macri con los mandatarios provinciales, que se hab\u00eda tensado por la disputa de las tarifas y la decisi\u00f3n del presidente de demandarles que bajaran impuestos provinciales. En el encuentro, les garantiz\u00f3 que no les frenar\u00e1 las obras que est\u00e1n en curso (una preocupaci\u00f3n que sobrevuela desde que el ministro de Hacienda, Nicol\u00e1s Dujovne, anunci\u00f3 un mayor ajuste). Tambi\u00e9n explic\u00f3 detalles del acuerdo con el FMI y de la situaci\u00f3n econ\u00f3mica. Si bien ninguno respald\u00f3 p\u00fablicamente el acuerdo, la foto fue le\u00edda en la Casa Rosada como un apoyo en un momento complejo. \u201cTodos est\u00e1n convencidos de que hay apoyar. Es un camino con muchos obst\u00e1culos, pero todos entendemos que es el \u00fanico camino\u201d, asegur\u00f3 el ministro del Interior, Rogelio Frigerio.<\/p>\n<p>El c\u00f3nclave, en rigor, hab\u00eda comenzado a gestarse hace una semana, cuando Frigerio y su equipo empezaron a fatigar los tel\u00e9fonos de los mandatarios para conseguir un encuentro con el presidente, donde se recompusiera la relaci\u00f3n de cara a 2019. En el medio, sobrevino la corrida del d\u00f3lar, los anuncios de mayor ajuste en la obra p\u00fablica que lanz\u00f3 Dujovne el viernes pasado y, finalmente, la decisi\u00f3n del presidente Macri de volver a pedir un pr\u00e9stamo al FMI. Todo esto, claro est\u00e1, estuvo sobre la mesa en el encuentro.<\/p>\n<p>Asistieron a la Rosada el gobernador de C\u00f3rdoba, Juan Schiaretti; el de Entre R\u00edos, Gustavo Bordet; el de Tucum\u00e1n, Juan Manzur; el de San Juan, Sergio U\u00f1ac; y el de Chaco, Domingo Peppo. Este \u00faltimo hab\u00eda sido cr\u00edtico del acuerdo con el FMI: \u201cTener que volver al Fondo Monetario es volver nuevamente a a\u00f1os dif\u00edciles de los que pudimos salir\u201d, indic\u00f3. \u201cHay que valorar el hecho de que tuvimos un presidente que fue N\u00e9stor Kirchner, que nos sac\u00f3 del Fondo Monetario y permiti\u00f3 que podamos llevar adelante, en nuestra plena soberan\u00eda pol\u00edtica y econ\u00f3mica, nuestras propias pol\u00edticas; y fueron \u00e9pocas de crecimiento en nuestro pa\u00eds. Ser\u00eda grave y lamentable que el pueblo nuevamente tenga que pagar las negligencias econ\u00f3micas\u201d.<\/p>\n<p>El \u00fanico otro gobernador que sali\u00f3 en este mismo sentido fue el de Santa Fe, Miguel Lifschitz, quien plante\u00f3: \u201cEsto es confirmar un camino que ya conocemos. Nos trae recuerdos de situaciones anteriores donde al problema cambiario y d\u00e9ficit fiscal y financiamiento externo, aparece como salvador el FMI, y cuando \u00e9ste entra se va caminando por un desfiladero cada vez m\u00e1s angosto por condiciones m\u00e1s estrictas. Es un camino sin retorno, muy complejo que nos lleva a situaciones de crisis y hasta problemas institucionales\u201d, remarc\u00f3.<\/p>\n<p>Uno de los pedidos que recibieron los gobernadores ayer fue ser m\u00e1s cautelosos a la hora de hacer declaraciones de este tipo mientras el Gobierno est\u00e1 en plena negociaci\u00f3n con el FMI. \u201cLo que se les pidi\u00f3 que no salgan a tirarnos pirotecnia. Pedimos que haya racionalidad en la discusi\u00f3n pol\u00edtica, porque todos tienen que salir emitir deuda\u201d, advirtieron en Balcarce 50. Macri les explic\u00f3 cuales fueron las condiciones que llevaron a que se resolviera ir por un pr\u00e9stamo del FMI y les dio algunos detalles (no muchos) de las negociaciones. Un punto a favor que mencionaron desde el oficialismo es que ninguno de los presentes se mostr\u00f3 de acuerdo con que el las tratativas con el Fondo pasen por el Congreso, como reclaman desde sectores del peronismo y el kirchnerismo. Si bien la mayor\u00eda de los gobernadores mantuvieron silencio como les pidi\u00f3 el presidente, el objetivo no se cumpli\u00f3 de todo: ayer otros dos salieron a criticas el acuerdo con el Fondo (ver recuadro).<\/p>\n<p>Obras y ajuste<br \/>\nEl encuentro tuvo otros condimentos que les importaban particularmente a los gobernadores. Macri les garantiz\u00f3 que no se frenar\u00e1 la obra p\u00fablica en sus provincias: se trata de 185 mil millones de pesos sumando los presupuestos de los ministerios de Interior, Energ\u00eda y Transporte. Macri tambi\u00e9n les pidi\u00f3 trabajar en la agenda de 2019: conversaron sobre el plan de obras para el a\u00f1o que viene e intent\u00f3 asegurarse un respaldo al Presupuesto 2019. En el entorno de uno de los gobernadores asistentes indicaron: \u201cFue una reuni\u00f3n larga, m\u00e1s de lo habitual en este tipo de reuniones. Hablaron mucho del tema de reducci\u00f3n del gasto p\u00fablico: Macri les pidi\u00f3 esfuerzos y acompa\u00f1amiento\u201d.<\/p>\n<p>El Gobierno tuvo un par de bajas de \u00faltimo momento de gobernadores que podr\u00edan haber engrosado el encuentro. Por ejemplo, la mandataria de Tierra del Fuego, Rosana Bertone, debi\u00f3 suspender su viaje por una enfermedad. Viaj\u00f3 su vicegobernador, Juan Carlos Arcando, quien estuvo reunido con el viceministro de Interior, Sebasti\u00e1n Garc\u00eda De Luca. El de Salta, Juan Manuel Urtubey, fue disculpado dado que acaba de ser padre. El de Neuqu\u00e9n, Omar Guti\u00e9rrez, est\u00e1 de viaje en Houston.<\/p>\n<p>Quienes llegaron a la tarde y se reunieron aparte con el presidente fueron<\/p>\n<p>el gobernador de Misiones, Hugo Passalaqua \u2013el temporal le impidi\u00f3 volar antes\u2013 y el de Santiago del Estero, Gerardo Zamora. En total, contando gobernadores y vicegobernadores, en el oficialismo se anotaron ocho representantes provinciales ayer. Suficiente para demostrar la mu\u00f1eca del Ministerio del Interior en un momento de mucha dificultad econ\u00f3mica. Tanto el jefe de Gobierno, Horacio Rodr\u00edguez Larreta, como la gobernadora bonaerense Mar\u00eda Eugenia Vidal estaban en la Rosada almorzando con el jefe de Gabinete, Marcos Pe\u00f1a, pero no se sumaron a ninguna de las charlas con otros gobernadores.<\/p>\n<p>Frigerio estuvo a cargo de informar lo ocurrido en el encuentro de los cinco primeros gobernadores. \u201cFue una reuni\u00f3n que pidi\u00f3 el presidente y arranc\u00f3 con este grupo de gobernadores del PJ federal. Vamos a tener m\u00e1s reuniones con gobernadores\u201d, adelant\u00f3. \u201cEl presidente explic\u00f3 el momento econ\u00f3mico y pol\u00edtico que est\u00e1 viviendo la Argentina. Obtuvimos un mensaje de apoyo, de que estamos todos en el mismo barco\u201d, destac\u00f3 el ministro.<\/p>\n<p>\u201cLa idea es que utilicemos todos los instrumentos que est\u00e1n a nuestro alcance para que esta recuperaci\u00f3n de la econom\u00eda argentina se pueda sostener en el tiempo. Esa es la idea del cr\u00e9dito que estamos pidiendo ante el organismo multilateral, que va a permitir generar esta confianza en el mercado y a su vez el cr\u00e9dito que necesitan los gobiernos provinciales para avanzar en obras de infraestructura. Todos est\u00e1n convencidos de que hay apoyar. Es un camino con muchos obst\u00e1culos, pero todos entendemos que es el \u00fanico camino\u201d, remarc\u00f3. E indic\u00f3 que los gobernadores que asistieron \u201cest\u00e1n completamente en contra de que esa discusi\u00f3n se de en el Congreso. Entienden que es una prerrogativa del Gobierno\u201d.<\/p>\n<p>Lo mismo ocurre con las tarifas, un tema que fue poco explorado en el encuentro (no se detuvieron a discutir qu\u00e9 har\u00e1n los senadores de cada provincia, ahora que el proyecto va a la C\u00e1mara alta). Frigerio acot\u00f3: \u201cPor supuesto que se habl\u00f3 de lo que ocurri\u00f3 en la C\u00e1mara de Diputados con tarifas. Todos los gobernadores se manifestaron en contra de que las tarifas sean tema de discusi\u00f3n en el Parlamento. Ellos acuerdan que es una potestad del Ejecutivo. Ahora viene otra instancia en Senadores y entiendo que esta posici\u00f3n de los gobernadores va a ser ratificada\u201d.<\/p>\n<h6>Fuente: P\u00e1gina 12<\/h6>\n","protected":false},"excerpt":{"rendered":"<p>En medio de la crisis financiera y las negociaciones con el FMI, la Casa Rosada busc\u00f3 una imagen con los gobernadores opositores.<\/p>\n","protected":false},"author":2,"featured_media":76362,"comment_status":"closed","ping_status":"closed","sticky":false,"template":"","format":"standard","meta":{"footnotes":""},"categories":[8],"tags":[21],"class_list":["post-76361","post","type-post","status-publish","format-standard","has-post-thumbnail","hentry","category-informe-nacional","tag-argentina"],"_links":{"self":[{"href":"http:\/\/argentinamunicipal.com.ar\/argentina\/wp-json\/wp\/v2\/posts\/76361","targetHints":{"allow":["GET"]}}],"collection":[{"href":"http:\/\/argentinamunicipal.com.ar\/argentina\/wp-json\/wp\/v2\/posts"}],"about":[{"href":"http:\/\/argentinamunicipal.com.ar\/argentina\/wp-json\/wp\/v2\/types\/post"}],"author":[{"embeddable":true,"href":"http:\/\/argentinamunicipal.com.ar\/argentina\/wp-json\/wp\/v2\/users\/2"}],"replies":[{"embeddable":true,"href":"http:\/\/argentinamunicipal.com.ar\/argentina\/wp-json\/wp\/v2\/comments?post=76361"}],"version-history":[{"count":0,"href":"http:\/\/argentinamunicipal.com.ar\/argentina\/wp-json\/wp\/v2\/posts\/76361\/revisions"}],"wp:featuredmedia":[{"embeddable":true,"href":"http:\/\/argentinamunicipal.com.ar\/argentina\/wp-json\/wp\/v2\/media\/76362"}],"wp:attachment":[{"href":"http:\/\/argentinamunicipal.com.ar\/argentina\/wp-json\/wp\/v2\/media?parent=76361"}],"wp:term":[{"taxonomy":"category","embeddable":true,"href":"http:\/\/argentinamunicipal.com.ar\/argentina\/wp-json\/wp\/v2\/categories?post=76361"},{"taxonomy":"post_tag","embeddable":true,"href":"http:\/\/argentinamunicipal.com.ar\/argentina\/wp-json\/wp\/v2\/tags?post=76361"}],"curies":[{"name":"wp","href":"https:\/\/api.w.org\/{rel}","templated":true}]}}