{"id":76367,"date":"2018-05-11T07:22:23","date_gmt":"2018-05-11T10:22:23","guid":{"rendered":"http:\/\/argentinamunicipal.com.ar\/argentina\/?p=76367"},"modified":"2018-05-11T07:22:23","modified_gmt":"2018-05-11T10:22:23","slug":"la-remarcacion-se-acelera","status":"publish","type":"post","link":"http:\/\/argentinamunicipal.com.ar\/argentina\/la-remarcacion-se-acelera\/","title":{"rendered":"La remarcaci\u00f3n se acelera"},"content":{"rendered":"<p>El traslado del aumento del d\u00f3lar a los precios al p\u00fablico qued\u00f3 reflejado en alimentos, art\u00edculos de perfumer\u00eda y limpieza, electrodom\u00e9sticos y hasta en medicamentos. Las asociaciones de consumidores estiman que las suban \u201cvan a seguir\u201d.<\/p>\n<p>El impacto de la depreciaci\u00f3n del peso no se hace esperar en los precios internos y la remarcaci\u00f3n de productos en las g\u00f3ndolas est\u00e1 a la orden del d\u00eda. \u201cHarinas, derivados y aceites es uno de los rubros donde primero se ajustaron los precios. Molinos ya actualiz\u00f3 tres veces sus listas de precios y, en el \u00ednterin, la suba alcanza el 27 por ciento\u201d, relat\u00f3 a P\u00e1ginaI12 un empresario del sector supermercadista. Alimentos, bebidas y art\u00edculos de limpieza son los que actualizan con mayor frecuencia los precios y en lo que va de mayo ya presentan aumentos de 6 y 8 por ciento. Si se toma en cuenta tambi\u00e9n abril, se registran picos de hasta m\u00e1s de 20 por ciento, como en harinas y l\u00e1cteos. Desde la asociaci\u00f3n de Defensa de Usuarios y Consumidores (Deuco) anticiparon a este diario que se remarcaron los precios de al menos unos 5000 medicamentos respecto del 24 de abril, con subas de entre 3 y 10 por ciento. Los art\u00edculos importados de l\u00ednea blanca y electrodom\u00e9sticos y electr\u00f3nicos, vinculados m\u00e1s estrechamente al valor del d\u00f3lar, se alinearon al aumento del tipo de cambio en lo que va de mayo y exhiben alzas de 10 a 15 por ciento, en menos de un tercio de transcurrido el mes.<\/p>\n<p>No hay dudas del traslado a precios. Ni el equipo econ\u00f3mico de Cambiemos es capaz de negarse ante la evidencia. El asunto ahora es medir cu\u00e1l ser\u00e1 el nivel de traslado de la devaluaci\u00f3n y la velocidad del ajuste. \u201cHay amenazas de nuevas listas todos los d\u00edas y en algunos sectores ya se concretaron los aumentos\u201d, asegur\u00f3 el supermercadista. Desde el 25 de abril, cuando la intervenci\u00f3n del Banco Central ya no pudo contener la corrida, la divisa estadounidense se encareci\u00f3 un 13 por ciento (12,99 m\u00e1s precisamente). M\u00e1s all\u00e1 de la volatilidad del precio, la tendencia siempre fue al alza y no hay expectativa de que se retraiga respecto de los valores actuales. Es por eso que la remarcaci\u00f3n de precios fue acompa\u00f1ando casi diariamente esa devaluaci\u00f3n, impactando directamente en el bolsillo de los asalariados.<\/p>\n<p>\u201cEn cortes de carne vacuna \u2013picada, asado y falda\u2013, fideos, pan y harinas, el aumento promedia entre 6 y 8 por ciento\u201d, asegur\u00f3 el titular de Consumidores Libres, H\u00e9ctor Polino. Desde Adecua, Pedro Bussetti dio precisiones sobre productos puntuales. \u201cNo son representativos del aumento general, pero son lo que m\u00e1s se destacan desde abril hasta ahora\u201d, explic\u00f3 el titular de la asociaci\u00f3n de consumidores. La entidad cotej\u00f3 los \u00faltimos precios informados por el Indec, de marzo, con los actuales publicados en la p\u00e1gina web Precios Claros, del Gobierno. Las subas m\u00e1s abultadas fueron para la manteca, que pas\u00f3 de 45,26 pesos a 55,67, con un incremento del 23 por ciento. Le sigui\u00f3 la harina com\u00fan, que aument\u00f3 20,9 por ciento, de los 11,94 pesos el kilo en marzo a 14,44 pesos hoy. El resto de los productos se mantiene dentro de los m\u00e1rgenes de hasta 10 por ciento en que coinciden las entidades de defensa al consumidor, como el aceite de girasol, que pas\u00f3 de 57,25 a 61,02 pesos, un 6,6 por ciento m\u00e1s.<\/p>\n<p>Desde Adecua tambi\u00e9n alertaron sobre aumentos en medicamentos. \u201cDesde el 24 de abril hasta hoy se corrigieron 5000 medicamentos y, hasta el momento, vimos aumentos de entre 3 y 10 por ciento\u201d, detall\u00f3 Bussetti. \u201cVa a seguir, sin dudas, este tipo de aumentos, sean productos importados o no. Porque remarcan todos los eslabones de la cadena: productores, mayoristas y comercios\u201d, agreg\u00f3 Polino. Otro rubro de consumo masivo donde hubo un chicotazo de precios fue en art\u00edculos de perfumer\u00eda y limpieza, cuya oferta es bastante concentrada y los aumentos se ubican hasta el momento entre el 10 y el 15 por ciento.<\/p>\n<p>En el caso de la suba en electrodom\u00e9sticos, la situaci\u00f3n es aun m\u00e1s preocupante en un escenario de encarecimiento del cr\u00e9dito, producto de la suba en la tasa de inter\u00e9s por parte de la autoridad monetaria. Desde una de las cadenas de comercializaci\u00f3n explicaron que adem\u00e1s del alza en bienes importados, donde se registran incrementos entre 10 y 15 por ciento en lo que va de mayo, est\u00e1 el efecto en productos ensamblados en Tierra del Fuego que tienen muchos componentes del exterior. En estos casos el \u2018pass through\u2019 (traslado a precio de la devaluaci\u00f3n) se ubicar\u00eda en torno al 20 por ciento; es decir, si el d\u00f3lar se dispara 10 por ciento, los precios aumentan 2 por ciento.<\/p>\n<h6>Fuente: P\u00e1gina 12<\/h6>\n","protected":false},"excerpt":{"rendered":"<p>El traslado del aumento del d\u00f3lar a los precios al p\u00fablico qued\u00f3 reflejado en alimentos, art\u00edculos de perfumer\u00eda y limpieza, electrodom\u00e9sticos y hasta en medicamentos. Las asociaciones de consumidores estiman que las suban \u201cvan a seguir\u201d.<\/p>\n","protected":false},"author":2,"featured_media":76368,"comment_status":"closed","ping_status":"closed","sticky":false,"template":"","format":"standard","meta":{"footnotes":""},"categories":[8],"tags":[21],"class_list":["post-76367","post","type-post","status-publish","format-standard","has-post-thumbnail","hentry","category-informe-nacional","tag-argentina"],"_links":{"self":[{"href":"http:\/\/argentinamunicipal.com.ar\/argentina\/wp-json\/wp\/v2\/posts\/76367","targetHints":{"allow":["GET"]}}],"collection":[{"href":"http:\/\/argentinamunicipal.com.ar\/argentina\/wp-json\/wp\/v2\/posts"}],"about":[{"href":"http:\/\/argentinamunicipal.com.ar\/argentina\/wp-json\/wp\/v2\/types\/post"}],"author":[{"embeddable":true,"href":"http:\/\/argentinamunicipal.com.ar\/argentina\/wp-json\/wp\/v2\/users\/2"}],"replies":[{"embeddable":true,"href":"http:\/\/argentinamunicipal.com.ar\/argentina\/wp-json\/wp\/v2\/comments?post=76367"}],"version-history":[{"count":0,"href":"http:\/\/argentinamunicipal.com.ar\/argentina\/wp-json\/wp\/v2\/posts\/76367\/revisions"}],"wp:featuredmedia":[{"embeddable":true,"href":"http:\/\/argentinamunicipal.com.ar\/argentina\/wp-json\/wp\/v2\/media\/76368"}],"wp:attachment":[{"href":"http:\/\/argentinamunicipal.com.ar\/argentina\/wp-json\/wp\/v2\/media?parent=76367"}],"wp:term":[{"taxonomy":"category","embeddable":true,"href":"http:\/\/argentinamunicipal.com.ar\/argentina\/wp-json\/wp\/v2\/categories?post=76367"},{"taxonomy":"post_tag","embeddable":true,"href":"http:\/\/argentinamunicipal.com.ar\/argentina\/wp-json\/wp\/v2\/tags?post=76367"}],"curies":[{"name":"wp","href":"https:\/\/api.w.org\/{rel}","templated":true}]}}