{"id":76376,"date":"2018-05-11T06:31:37","date_gmt":"2018-05-11T09:31:37","guid":{"rendered":"http:\/\/argentinamunicipal.com.ar\/argentina\/?p=76376"},"modified":"2018-05-11T07:33:57","modified_gmt":"2018-05-11T10:33:57","slug":"la-oposicion-consideran-hito-la-media-sancion-la-emergencia-tarifaria","status":"publish","type":"post","link":"http:\/\/argentinamunicipal.com.ar\/argentina\/la-oposicion-consideran-hito-la-media-sancion-la-emergencia-tarifaria\/","title":{"rendered":"En la oposici\u00f3n consideran un \u00abhito\u00bb la media sanci\u00f3n a la emergencia tarifaria"},"content":{"rendered":"<p>Destacan el hecho de que todas las fuerzas no macristas en Diputados hayan consensuado un proyecto para frenar una pol\u00edtica del gobierno.<\/p>\n<p>El jefe del bloque de Diputados del Frente para la Victoria (FpV), Agust\u00edn Rossi, consider\u00f3 ayer que la media sanci\u00f3n al proyecto que modera aumentos de tarifas fue \u00abun hito\u00bb para la oposici\u00f3n, aunque evit\u00f3 hablar de acuerdos duraderos.<\/p>\n<p>\u00abLo que hicimos distintos bloques opositores fue interpretar el reclamo de la gente, darle representatividad institucional y dar media sanci\u00f3n a una ley que le pone un freno responsable a este proceso tarifario\u00bb, manifest\u00f3 Rossi.<\/p>\n<p>\u00abEs un hito; le genera al gobierno un escenario pol\u00edtico que tendr\u00e1 que tener en cuenta. Es un hecho en t\u00e9rminos pol\u00edticos importante, aunque tampoco creo que esto se pueda traspolar en el tiempo en forma continua para todas las coyunturas y para todos los momentos\u00bb, a\u00f1adi\u00f3.<\/p>\n<p>\u00abSi logramos aminorar las tarifas y producirle un ahorro a los argentinos va a haber una tenue recuperaci\u00f3n econ\u00f3mica que va a fomentar el consumo popular. El presidente tiene que entender que hay muchos argentinos afectados por sus pol\u00edticas\u00bb, expres\u00f3 Rossi, quien consider\u00f3 que si Macri \u00abveta la ley estar\u00eda cometiendo un grav\u00edsimo error, porque la oposici\u00f3n le est\u00e1 ofreciendo al gobierno una salida a un problema que ellos mismos crearon\u00bb.<\/p>\n<p>Tambi\u00e9n la diputada nacional Graciela Cama\u00f1o (Frente Renovador) sali\u00f3 a cuestionar al oficialismo por la cr\u00edtica \u00abfacilista\u00bb que hizo al proyecto opositor \u00abaludiendo al d\u00e9ficit fiscal\u00bb e insisti\u00f3 con que \u00abno se pueden confiscar los ingresos de los usuarios\u00bb.<\/p>\n<p>Seg\u00fan Cama\u00f1o, \u00abhay que ponerles un l\u00edmite\u00bb a las subas de los servicios p\u00fablicos porque \u00abtiene que haber un correlativo con el ingreso de los salarios\u00bb y se\u00f1al\u00f3 que la \u00abOEA plantea que los costos que impliquen los servicios no pueden confiscar los ingresos de los usuarios\u00bb.<\/p>\n<p>Cama\u00f1o evalu\u00f3 que \u00abno se puede venir a querer resolver un problema tan complejo con cuatro aumentos y darle el golpe que se le ha dado al bolsillo\u00bb, y agreg\u00f3: \u00abEs err\u00f3neo que el presidente no entienda que hay muchos problemas en la renegociaci\u00f3n de tarifas\u00bb, sostuvo la diputada massista, para quien el cuadro tarifario definido por el gobierno result\u00f3 de \u00abun enorme beneficio para las empresas\u00bb pese a \u00abla falta de compromiso de inversiones objetivas para mejorar el servicio\u00bb.<\/p>\n<p><strong>De d\u00f3nde sale la plata<\/strong><\/p>\n<p>El l\u00edder de La C\u00e1mpora, M\u00e1ximo Kirchner, consider\u00f3, a su vez, que en lugar de criticar el proyecto opositor, el jefe de Gabinete, Marcos Pe\u00f1a, deber\u00eda hacerse preguntarse de \u00abd\u00f3nde va a sacar plata la gente para pagar las tarifas\u00bb.<\/p>\n<p>Durante una reuni\u00f3n con empresarios pymes en el Instituto Patria, el diputado del FpV le contest\u00f3 al funcionario, que el mi\u00e9rcoles hab\u00eda tildado de \u00abdemagogo\u00bb el proyecto que logr\u00f3 aprobar la oposici\u00f3n.<\/p>\n<p>\u00abPe\u00f1a tild\u00f3 de demagogo el proyecto que aprobamos en Diputados y dijo que \u00abdigan de d\u00f3nde sacamos la plata\u00bb para financiarlo. En verdad, la pregunta que deber\u00eda hacerse Pe\u00f1a es de d\u00f3nde la gente va a sacar la plata para pagar las tarifas\u00bb, resalt\u00f3.<\/p>\n<p>\u00abCuando uno los ve correr despavoridos al FMI llama la atenci\u00f3n. Fueron desesperados a entregarse cuando ya sabemos cuales son las condicionalidades. Que un presidente se plante ante las c\u00e1maras y diga que no hay otra opci\u00f3n es terrible y es terrible tambi\u00e9n la falta de coraje para enfrentar a los mercados\u00bb, fustig\u00f3 el hijo de la presidenta.<\/p>\n<p>El proyecto de emergencia tarifaria, que limita los futuros aumentos en las boletas de luz, gas y agua, fue aprobado antenoche en Diputados por 133 votos a favor, 94 en contra y tres abstenciones.<\/p>\n<p>La iniciativa aprobada, que demand\u00f3 12 horas y media de debate, se estima que ser\u00e1 enviada al Senado hoy y el lunes y que comience a ser tratada en las comisiones correspondientes en dos semanas a m\u00e1s tardar, para ser votado a los siete d\u00edas en el recinto.<\/p>\n<p>El bloque Justicialista del Senado que encabeza Miguel Pichetto y que cuenta con 24 legisladores (uno menos que Cambiemos) ya anticip\u00f3 que votar\u00e1 a favor de la iniciativa.<\/p>\n<p>Ante ese panorama, referentes del oficialismo en el Parlamento no conf\u00edan en que los gobernadores peronistas vayan a frenar el avance del proyecto ya que no lo hicieron en Diputados.<\/p>\n<p>Con m\u00e1s optimismo, el ministro del Interior, Rogelio Frigerio, sostuvo ayer que antes que el Senado se aboque a tratar la iniciativa opositora los gobernadores peronistas van a \u00abratificar nuevamente\u00bb su rechazo al proyecto.<\/p>\n<p>\u00abTodos los gobernadores con los que hablamos acuerdan con nosotros en que es potestad del Ejecutivo\u00bb fijar los cambios en ese \u00e1rea, sostuvo el funcionario nacional.<\/p>\n<h6>Fuente: La capital<\/h6>\n","protected":false},"excerpt":{"rendered":"<p>Destacan el hecho de que todas las fuerzas no macristas en Diputados hayan consensuado un proyecto para frenar una pol\u00edtica del gobierno.<\/p>\n","protected":false},"author":2,"featured_media":76377,"comment_status":"closed","ping_status":"closed","sticky":false,"template":"","format":"standard","meta":{"footnotes":""},"categories":[8],"tags":[21],"class_list":["post-76376","post","type-post","status-publish","format-standard","has-post-thumbnail","hentry","category-informe-nacional","tag-argentina"],"_links":{"self":[{"href":"http:\/\/argentinamunicipal.com.ar\/argentina\/wp-json\/wp\/v2\/posts\/76376","targetHints":{"allow":["GET"]}}],"collection":[{"href":"http:\/\/argentinamunicipal.com.ar\/argentina\/wp-json\/wp\/v2\/posts"}],"about":[{"href":"http:\/\/argentinamunicipal.com.ar\/argentina\/wp-json\/wp\/v2\/types\/post"}],"author":[{"embeddable":true,"href":"http:\/\/argentinamunicipal.com.ar\/argentina\/wp-json\/wp\/v2\/users\/2"}],"replies":[{"embeddable":true,"href":"http:\/\/argentinamunicipal.com.ar\/argentina\/wp-json\/wp\/v2\/comments?post=76376"}],"version-history":[{"count":0,"href":"http:\/\/argentinamunicipal.com.ar\/argentina\/wp-json\/wp\/v2\/posts\/76376\/revisions"}],"wp:featuredmedia":[{"embeddable":true,"href":"http:\/\/argentinamunicipal.com.ar\/argentina\/wp-json\/wp\/v2\/media\/76377"}],"wp:attachment":[{"href":"http:\/\/argentinamunicipal.com.ar\/argentina\/wp-json\/wp\/v2\/media?parent=76376"}],"wp:term":[{"taxonomy":"category","embeddable":true,"href":"http:\/\/argentinamunicipal.com.ar\/argentina\/wp-json\/wp\/v2\/categories?post=76376"},{"taxonomy":"post_tag","embeddable":true,"href":"http:\/\/argentinamunicipal.com.ar\/argentina\/wp-json\/wp\/v2\/tags?post=76376"}],"curies":[{"name":"wp","href":"https:\/\/api.w.org\/{rel}","templated":true}]}}