{"id":76425,"date":"2018-05-14T06:48:20","date_gmt":"2018-05-14T09:48:20","guid":{"rendered":"http:\/\/argentinamunicipal.com.ar\/argentina\/?p=76425"},"modified":"2018-05-14T06:48:20","modified_gmt":"2018-05-14T09:48:20","slug":"medio-la-crisis-acuerdo-fmi-gobierno-compro-cinco-aviones-guerra","status":"publish","type":"post","link":"http:\/\/argentinamunicipal.com.ar\/argentina\/medio-la-crisis-acuerdo-fmi-gobierno-compro-cinco-aviones-guerra\/","title":{"rendered":"En medio de la crisis y el acuerdo con el FMI, el gobierno compr\u00f3 cinco aviones de guerra"},"content":{"rendered":"<p>Pese a que el gobierno sigue su pol\u00edtica de reducci\u00f3n del \u201cgasto p\u00fablico\u201d, se oficializ\u00f3 la compra de cinco aviones de guerra franc\u00e9s para el operativo de seguridad durante el G-20. Los mismos fueron fabricados entre 1978 y 1982.<\/p>\n<p>En una cada vez m\u00e1s aguda situaci\u00f3n econ\u00f3mica, en donde el d\u00f3lar sigue en alza e impacta de lleno a la econom\u00eda argentina, el gobierno nacional anunci\u00f3 la compra de\u00a0cinco aviones de guerra.<\/p>\n<p>Adem\u00e1s de la compra de los aviones de guerra, Bullrich ya hab\u00eda anticipado ejercicios militares en el pa\u00eds con fuerzas de seguridad de los Estados Unidos, para preparar a las fuerzas nacionales ante posibles escenarios contra el \u201cterrorismo\u201d.<br \/>\nLuego de que se confirmara un nuevo acuerdo con el Fondo Monetario Internacional,\u00a0generando tensi\u00f3n por sus posibles consecuencias de m\u00e1s ajuste y endeudamiento, el gobierno de Mauricio Macri contin\u00faa dando se\u00f1ales confusas y pol\u00e9micas.<\/p>\n<p>Ante un ya reiterativo pedido de\u00a0\u201cachique del gasto\u201d\u00a0y de\u00a0\u201cesfuerzo\u201d\u00a0por parte de los ciudadanos, la compra de cinco aviones de guerra \u201cSuper \u00c9tendard\u201d realizados por la Marina de Francia por unos 12 millones de euros, contradice fuertemente los mandatos de Cambiemos.<\/p>\n<p>Luego de la conferencia de prensa realizada la semana pasada por el ministro de Hacienda, Nicol\u00e1s Dujovne, qued\u00f3 en claro que el gobierno insistir\u00e1 con la\u00a0reducci\u00f3n del \u201cgasto p\u00fablico\u201d, lo que no es otra cosa que menos inversi\u00f3n en las \u00e1reas de salud, educaci\u00f3n y seguridad. Esa aclaraci\u00f3n hab\u00eda sido antes de incluso confirmar el nuevo acuerdo con el FMI.<\/p>\n<p>Aunque sin una comunicaci\u00f3n oficial, se supone que los aviones ser\u00e1n una incorporaci\u00f3n\u00a0al mega operativo de seguridad que la ministra de Seguridad, Patricia Bullrich, est\u00e1 preparando para la cumbre del G-20\u00a0que se realizar\u00e1 a fin de a\u00f1o en la Argentina.<\/p>\n<p>Adem\u00e1s de la compra de los aviones de guerra, Bullrich ya hab\u00eda anticipado\u00a0ejercicios militares en el pa\u00eds con fuerzas de seguridad de los Estados Unidos, para preparar a las fuerzas nacionales ante posibles escenarios contra el \u201cterrorismo\u201d.<\/p>\n<p>\u201cEs algo normal que ofrecen los pa\u00edses para ayudar a la preparaci\u00f3n\u201d, hab\u00eda aclarado.<\/p>\n<p>Sin embargo, si bien la resoluci\u00f3n 962\/2018 publicada esta semana no especifica el a\u00f1o de fabricaci\u00f3n de los aviones de origen franc\u00e9s, un diario de tirada nacional public\u00f3 que los mismos\u00a0habr\u00edan sido construidos entre 1978 y 1982.<\/p>\n<p>Seg\u00fan lo publicado en el bolet\u00edn oficial, la compra se\u00a0\u00abestableci\u00f3 como una de las formas de cooperaci\u00f3n que adoptar\u00e1n las partes, la adquisici\u00f3n de equipamiento, de sistemas o de tecnolog\u00eda de defensa y de sost\u00e9n log\u00edstico, de su mantenimiento y de su capacitaci\u00f3n correspondientes\u00bb.<\/p>\n<p>La nueva incorporaci\u00f3n se suma a los ya\u00a015 mil millones de pesos que el gobierno de Cambiemos gast\u00f3 en armamento militar,\u00a0pese a que la misma se realiz\u00f3 de forma extraoficial y se dio a conocer tras una investigaci\u00f3n period\u00edstica.<\/p>\n<p>Los cinco aviones militares fueron adquiridos luego de que el gobierno suspendiera la compra de cuatro barcos patrullas que tambi\u00e9n hab\u00edan sido negociados con el gobierno franc\u00e9s.<\/p>\n<p>Los Super Etendard ya son conocidos por la fuerza a\u00e9rea argentina, ya que\u00a0fueron utilizados en la guerra de Malvinas.<\/p>\n<h6>Fuente: Infocielo<\/h6>\n","protected":false},"excerpt":{"rendered":"<p>Pese a que el gobierno sigue su pol\u00edtica de reducci\u00f3n del \u201cgasto p\u00fablico\u201d, se oficializ\u00f3 la compra de cinco aviones de guerra franc\u00e9s para el operativo de seguridad durante el G-20. Los mismos fueron fabricados entre 1978 y 1982.<\/p>\n","protected":false},"author":2,"featured_media":76426,"comment_status":"closed","ping_status":"closed","sticky":false,"template":"","format":"standard","meta":{"footnotes":""},"categories":[8],"tags":[21],"class_list":["post-76425","post","type-post","status-publish","format-standard","has-post-thumbnail","hentry","category-informe-nacional","tag-argentina"],"_links":{"self":[{"href":"http:\/\/argentinamunicipal.com.ar\/argentina\/wp-json\/wp\/v2\/posts\/76425","targetHints":{"allow":["GET"]}}],"collection":[{"href":"http:\/\/argentinamunicipal.com.ar\/argentina\/wp-json\/wp\/v2\/posts"}],"about":[{"href":"http:\/\/argentinamunicipal.com.ar\/argentina\/wp-json\/wp\/v2\/types\/post"}],"author":[{"embeddable":true,"href":"http:\/\/argentinamunicipal.com.ar\/argentina\/wp-json\/wp\/v2\/users\/2"}],"replies":[{"embeddable":true,"href":"http:\/\/argentinamunicipal.com.ar\/argentina\/wp-json\/wp\/v2\/comments?post=76425"}],"version-history":[{"count":0,"href":"http:\/\/argentinamunicipal.com.ar\/argentina\/wp-json\/wp\/v2\/posts\/76425\/revisions"}],"wp:featuredmedia":[{"embeddable":true,"href":"http:\/\/argentinamunicipal.com.ar\/argentina\/wp-json\/wp\/v2\/media\/76426"}],"wp:attachment":[{"href":"http:\/\/argentinamunicipal.com.ar\/argentina\/wp-json\/wp\/v2\/media?parent=76425"}],"wp:term":[{"taxonomy":"category","embeddable":true,"href":"http:\/\/argentinamunicipal.com.ar\/argentina\/wp-json\/wp\/v2\/categories?post=76425"},{"taxonomy":"post_tag","embeddable":true,"href":"http:\/\/argentinamunicipal.com.ar\/argentina\/wp-json\/wp\/v2\/tags?post=76425"}],"curies":[{"name":"wp","href":"https:\/\/api.w.org\/{rel}","templated":true}]}}