{"id":76428,"date":"2018-05-14T06:00:41","date_gmt":"2018-05-14T09:00:41","guid":{"rendered":"http:\/\/argentinamunicipal.com.ar\/argentina\/?p=76428"},"modified":"2018-05-14T06:50:49","modified_gmt":"2018-05-14T09:50:49","slug":"millones-padecemos-ajuste-economico","status":"publish","type":"post","link":"http:\/\/argentinamunicipal.com.ar\/argentina\/millones-padecemos-ajuste-economico\/","title":{"rendered":"\u201cMillones padecemos el ajuste econ\u00f3mico\u201d"},"content":{"rendered":"<p>Convocada por sindicatos de la CGT y la CATT, la movilizaci\u00f3n comenzar\u00e1 a las 11 en Tribunales y llegar\u00e1 hasta el Obelisco. \u201cMillones de argentinos padecemos un verdadero estrangulamiento de nuestras condiciones de vida\u201d, dijo Juan Carlos Schmid.<\/p>\n<p>Los gremios del transporte, junto con otras organizaciones sindicales de la CGT cercanas al triunviro Juan Carlos Schmid, vuelven a marchar este mediod\u00eda contra los tarifazos. El dirigente anunci\u00f3 que concentrar\u00e1n frente al Palacio de Tribunales, para movilizarse a partir de las 11 hasta el Obelisco. La actividad contin\u00faa la protesta que el pasado viernes 4 de mayo estas organizaciones realizaron frente al ENRE. Ahora, al reclamo contra la suba de las tarifas se sum\u00f3 el rechazo al FMI.<\/p>\n<p>\u201cNo nos quedamos en las declaraciones, vamos a continuar llevando adelante estas manifestaciones contra el tarifazo y la situaci\u00f3n econ\u00f3mica general que es preocupante\u201d dijo ayer Schmid, y agreg\u00f3 que \u201cmillones de argentinos padecemos, m\u00e1s que un ajuste econ\u00f3mico, un verdadero estrangulamiento de nuestras condiciones de vida\u201d.<\/p>\n<p>Desde el sector de Schmid confirmaron que se movilizar\u00e1n con el titular de la CATT Juan Pablo Brey (Aeronavegantes), H\u00e9ctor Gonz\u00e1lez (Luz y Fuerza), Hugo Ben\u00edtez (Textiles), Roberto Coria (Guincheros), Julio Piumato (Judiciales), Pablo Flores (Impositivos), Sergio S\u00e1nchez (Peajes), Ra\u00fal Epelbaum (Se\u00f1aleros) y Carlos Frigerio (Cerveceros). Es el conjunto que se moviliz\u00f3 a la sede del ENRE.<\/p>\n<p>\u201cLa CGT va a estar en la calle mostrando su disconformidad con el tema tarifas y costo de la vida. La consigna de la marcha es que ac\u00e1 lo \u00fanico que sube son los precios. No aumentan ni la producci\u00f3n ni la equidad ni las oportunidades\u201d, dijo Schmid.<\/p>\n<p>El dirigente critic\u00f3 el regreso al FMI y consider\u00f3 que el costo ser\u00e1 \u201calt\u00edsimo\u201d en lo social. \u201cYo podr\u00eda decir que el Fondo Monetario Internacional se crea despu\u00e9s de la Segunda Guerra Mundial para equilibrar el orden de las finanzas internacionales y evitar las devaluaciones en cadena. Esa fue, b\u00e1sicamente la raz\u00f3n de su creaci\u00f3n. Lo que pasa es que con el correr de los a\u00f1os se ha convertido en el guardi\u00e1n de los bancos, en el guardi\u00e1n del sistema financiero, y eso es lo que sigue siendo hoy. Entonces, cuando a m\u00ed me dicen que no es el mismo Fondo de los \u201890, lo descreo: es posible que estemos alejados de aquella receta del Consenso de Washington o de los ajustes cl\u00e1sicos, pero la matriz formativa de su funcionariado sigue siendo exactamente la misma. Y las recetas que se han aplicado, miremos sino el sur de Europa, no hace mucho tiempo, Grecia es el ejemplo m\u00e1s notorio, ha sido con un alt\u00edsimo costo social. Por lo tanto creo que no es una buena noticia que hayamos regresado al Fondo Monetario Internacional. Me imagino que lo que va a pedir es lo que ya esboz\u00f3 la directora general cuando estuvo en el pa\u00eds. Ella manifest\u00f3 su agrado por el gradualismo, pero remarc\u00f3 que las metas eran la reducci\u00f3n del d\u00e9ficit fiscal, la reforma del sistema previsional, una mayor flexibilizaci\u00f3n en las reglas laborales. Y bueno, eso es lo que seguramente va a aparecer como condicionante\u201d.<\/p>\n<p>La juventud sindical prepara para el Obelisco un acto simb\u00f3lico sobre las consecuencias del tarifazo: hace diez d\u00edas marcharon con un Aranguren falso que reparti\u00f3 billetes de 5 mil pesos, rodeado de asistentes que cargaban los devaluados billetes en carretillas. La rama viene de sacar un documento en el que advirti\u00f3 que ingresar en la l\u00f3gica del FMI \u201cpresupone un abandono total de la independencia econ\u00f3mica\u201d.<\/p>\n<p>\u201cPara conocer sus consecuencias \u2013se\u00f1alaron en el documento\u2013 no necesitamos remitirnos al 2001, sino que basta con revisar los \u00faltimos meses de nuestra lucha: el env\u00edo del proyecto de ley laboral que flexibiliza el trabajo, la aprobaci\u00f3n de la reforma previsional que castig\u00f3 a nuestros abuelos y la eliminaci\u00f3n de subsidios que deriv\u00f3 en el maldito tarifazo son el comienzo del cumplimiento de las t\u00edpicas demandas de los organismos multilaterales de cr\u00e9dito\u201d.<\/p>\n<h6>Fuente: P\u00e1gina 12<\/h6>\n","protected":false},"excerpt":{"rendered":"<p>Convocada por sindicatos de la CGT y la CATT, la movilizaci\u00f3n comenzar\u00e1 a las 11 en Tribunales y llegar\u00e1 hasta el Obelisco. \u201cMillones de argentinos padecemos un verdadero estrangulamiento de nuestras condiciones de vida\u201d, dijo Juan Carlos Schmid.<\/p>\n","protected":false},"author":2,"featured_media":76429,"comment_status":"closed","ping_status":"closed","sticky":false,"template":"","format":"standard","meta":{"footnotes":""},"categories":[8],"tags":[21],"class_list":["post-76428","post","type-post","status-publish","format-standard","has-post-thumbnail","hentry","category-informe-nacional","tag-argentina"],"_links":{"self":[{"href":"http:\/\/argentinamunicipal.com.ar\/argentina\/wp-json\/wp\/v2\/posts\/76428","targetHints":{"allow":["GET"]}}],"collection":[{"href":"http:\/\/argentinamunicipal.com.ar\/argentina\/wp-json\/wp\/v2\/posts"}],"about":[{"href":"http:\/\/argentinamunicipal.com.ar\/argentina\/wp-json\/wp\/v2\/types\/post"}],"author":[{"embeddable":true,"href":"http:\/\/argentinamunicipal.com.ar\/argentina\/wp-json\/wp\/v2\/users\/2"}],"replies":[{"embeddable":true,"href":"http:\/\/argentinamunicipal.com.ar\/argentina\/wp-json\/wp\/v2\/comments?post=76428"}],"version-history":[{"count":0,"href":"http:\/\/argentinamunicipal.com.ar\/argentina\/wp-json\/wp\/v2\/posts\/76428\/revisions"}],"wp:featuredmedia":[{"embeddable":true,"href":"http:\/\/argentinamunicipal.com.ar\/argentina\/wp-json\/wp\/v2\/media\/76429"}],"wp:attachment":[{"href":"http:\/\/argentinamunicipal.com.ar\/argentina\/wp-json\/wp\/v2\/media?parent=76428"}],"wp:term":[{"taxonomy":"category","embeddable":true,"href":"http:\/\/argentinamunicipal.com.ar\/argentina\/wp-json\/wp\/v2\/categories?post=76428"},{"taxonomy":"post_tag","embeddable":true,"href":"http:\/\/argentinamunicipal.com.ar\/argentina\/wp-json\/wp\/v2\/tags?post=76428"}],"curies":[{"name":"wp","href":"https:\/\/api.w.org\/{rel}","templated":true}]}}