{"id":76437,"date":"2018-05-14T06:10:34","date_gmt":"2018-05-14T09:10:34","guid":{"rendered":"http:\/\/argentinamunicipal.com.ar\/argentina\/?p=76437"},"modified":"2018-05-14T06:59:33","modified_gmt":"2018-05-14T09:59:33","slug":"fin-tactico-idilio","status":"publish","type":"post","link":"http:\/\/argentinamunicipal.com.ar\/argentina\/fin-tactico-idilio\/","title":{"rendered":"El fin t\u00e1ctico de un idilio"},"content":{"rendered":"<p>Las c\u00e1maras empresarias ya ven con desconfianza las pol\u00edticas del Gobierno, viendo los graves perjuicios que provocan en muchos de sus asociados. Eluden comprometerse con el Gobierno y reh\u00fayen manifestaciones de apoyo.<\/p>\n<p>Con el transcurso de las semanas, y el ahondamiento de la crisis, se acent\u00faan los s\u00edntomas de una virtual fractura en la relaci\u00f3n entre el gobierno de Mauricio Macri y una c\u00fapula empresaria que lo respald\u00f3 desde antes de su llegada a la Presidencia de la Naci\u00f3n. El idilio parece roto, y en ello mucho tiene que ver el desencanto de grupos empresarios por malas pol\u00edticas, que extendieron el impacto negativo sobre la mayor parte del espectro industrial y de las econom\u00edas regionales.<\/p>\n<p>Entre los recientes s\u00edntomas de ruptura de la relaci\u00f3n se inscriben el \u201creto\u201d del gobierno a las autoridades de la Uni\u00f3n Industrial Argentina (UIA), por expresiones de sus directivos molestos por la apertura importadora y la desprotecci\u00f3n a la industria nacional. El gobierno, a trav\u00e9s del ministro Francisco Cabrera, les exigi\u00f3 que abandonaran las cr\u00edticas y adoptaran \u201cuna agenda positiva\u201d para discutir con el gobierno.<\/p>\n<p>M\u00e1s recientemente, el 1\u00ba de mayo \u00faltimo, el Foro de Convergencia Empresarial lanz\u00f3 un duro comunicado en contra del proyecto antitarifazo impulsado en el Congreso. La entidad consider\u00f3 en ese documento \u201cimprescindible dejar de lado las especulaciones electorales y el af\u00e1n de confrontar con el Gobierno\u201d. Estas y otras manifestaciones de apoyo al gobierno fueron acompa\u00f1adas por el listado de \u201centidades que participan del Foro\u201d, mencionando 55 organizaciones empresarias de diversas ramas de actividad que cuestionaron su inclusi\u00f3n en esa declaraci\u00f3n. \u201cFue la idea de seis personas, a las que nadie autoriz\u00f3, y mucho menos a incluir entidades que no adhieren como tales sino a trav\u00e9s de alg\u00fan dirigente en forma individual\u201d, apunt\u00f3 el titular de una de las entidades inclu\u00eddas. El rechazo al documento firmado como Foro de Convergencia dividi\u00f3 aguas en el empresariado, con una mayor\u00eda de c\u00e1maras en posiciones cr\u00edticas respecto del gobierno.<\/p>\n<p>Ante la profunda situaci\u00f3n de crisis actual, una de las entidades m\u00e1s cercanas al gobierno llam\u00f3 a una reuni\u00f3n del Grupo de los 6, el n\u00facleo m\u00e1s concentrado de las organizaciones empresarias (industria, construcci\u00f3n, Bolsa, rurales y comercio). El intento apenas permiti\u00f3 alumbrar un documento de circunstancia que, m\u00e1s que apoyo, plantea los instrumentos que el gobierno tendr\u00eda a mano para resolver la crisis pero no est\u00e1 utilizando. Tras el fracaso de quienes buscaban un pronunciamiento a favor del gobierno, posiblemente el G-6 vuelva al freezer del que lo sacaron esta semana.<\/p>\n<p>Los dos \u00faltimos acontecimientos que se\u00f1alan un fin de \u00e9poca en el idilio fue, por un lado, el encuentro secreto que mantuvo un representativo arco de dirigentes empresarios con el titular de la Suprema Corte, Ricardo Lorenzetti, en lo que podr\u00eda ser una entente del sector dominante a espaldas del gobierno. La contrapartida fue la convocatoria de Mauricio Macri a un reducido grupo de grandes empresarios para buscar su compromiso con el gobierno en su momento m\u00e1s dif\u00edcil. Las manifestaciones de respaldo, por ahora, brillan por su ausencia. Podr\u00eda decirse que Macri atraviesa el peor temporal de su gesti\u00f3n sin que sus antiguos socios de ruta le acerquen, ni siquiera, un paraguas.<\/p>\n<h6>Fuente: p\u00e1gina 12<\/h6>\n","protected":false},"excerpt":{"rendered":"<p>Las c\u00e1maras empresarias ya ven con desconfianza las pol\u00edticas del Gobierno, viendo los graves perjuicios que provocan en muchos de sus asociados. Eluden comprometerse con el Gobierno y reh\u00fayen manifestaciones de apoyo<\/p>\n","protected":false},"author":2,"featured_media":76438,"comment_status":"closed","ping_status":"closed","sticky":false,"template":"","format":"standard","meta":{"footnotes":""},"categories":[8],"tags":[21],"class_list":["post-76437","post","type-post","status-publish","format-standard","has-post-thumbnail","hentry","category-informe-nacional","tag-argentina"],"_links":{"self":[{"href":"http:\/\/argentinamunicipal.com.ar\/argentina\/wp-json\/wp\/v2\/posts\/76437","targetHints":{"allow":["GET"]}}],"collection":[{"href":"http:\/\/argentinamunicipal.com.ar\/argentina\/wp-json\/wp\/v2\/posts"}],"about":[{"href":"http:\/\/argentinamunicipal.com.ar\/argentina\/wp-json\/wp\/v2\/types\/post"}],"author":[{"embeddable":true,"href":"http:\/\/argentinamunicipal.com.ar\/argentina\/wp-json\/wp\/v2\/users\/2"}],"replies":[{"embeddable":true,"href":"http:\/\/argentinamunicipal.com.ar\/argentina\/wp-json\/wp\/v2\/comments?post=76437"}],"version-history":[{"count":0,"href":"http:\/\/argentinamunicipal.com.ar\/argentina\/wp-json\/wp\/v2\/posts\/76437\/revisions"}],"wp:featuredmedia":[{"embeddable":true,"href":"http:\/\/argentinamunicipal.com.ar\/argentina\/wp-json\/wp\/v2\/media\/76438"}],"wp:attachment":[{"href":"http:\/\/argentinamunicipal.com.ar\/argentina\/wp-json\/wp\/v2\/media?parent=76437"}],"wp:term":[{"taxonomy":"category","embeddable":true,"href":"http:\/\/argentinamunicipal.com.ar\/argentina\/wp-json\/wp\/v2\/categories?post=76437"},{"taxonomy":"post_tag","embeddable":true,"href":"http:\/\/argentinamunicipal.com.ar\/argentina\/wp-json\/wp\/v2\/tags?post=76437"}],"curies":[{"name":"wp","href":"https:\/\/api.w.org\/{rel}","templated":true}]}}