{"id":76443,"date":"2018-05-14T07:10:26","date_gmt":"2018-05-14T10:10:26","guid":{"rendered":"http:\/\/argentinamunicipal.com.ar\/argentina\/?p=76443"},"modified":"2018-05-14T07:10:26","modified_gmt":"2018-05-14T10:10:26","slug":"vivir-enfermos-morirnos-sanos","status":"publish","type":"post","link":"http:\/\/argentinamunicipal.com.ar\/argentina\/vivir-enfermos-morirnos-sanos\/","title":{"rendered":"Vivir enfermos para morirnos sanos"},"content":{"rendered":"<p>El Fondo Monetario es una sensible sociedad de beneficencia. La tragedia es Dur\u00e1n Barba y Carri\u00f3 convoca a matarlo. Sturzenegger especula vendiendo los d\u00f3lares a futuro que a CFK le costaron una masacre judicial. Las remarcaciones de precios terminan siendo buena noticia al compararlas con las de proveedores que ya afirman no tener precios, hasta no saber a cu\u00e1nto quedar\u00e1 el d\u00f3lar.<\/p>\n<p>Pero no se dude de que nos espera un futuro mejor. Sin d\u00e9ficit fiscal.<\/p>\n<p>Osvaldo Soriano mentaba aquello de la gente que vive enferma para morirse sana.<\/p>\n<p>Esa imagen formidable sirve para hacer la analog\u00eda del acuerdo con el FMI, que en rigor tiene nada de pacto y todo de imposici\u00f3n. \u00bfO acaso queda alg\u00fan terr\u00edcola que aguarde informaci\u00f3n detallada para opinar sobre el tema? Pasar de Cristina a Christine, como grafic\u00f3 la revista Barcelona en una de sus tapas inolvidables, carece de todo rasgo que incluya \u2013siquiera lejanamente\u2013 palabras y figuras que el gobierno de Macri sepult\u00f3. Soberan\u00eda, patria, decisiones aut\u00f3nomas, amor propio.<\/p>\n<p>Uno de los incontables textos al respecto que circul\u00f3 por las redes sintetiza que \u201cKirchner asumi\u00f3 en default, orden\u00f3 la econom\u00eda y, en dos a\u00f1os y medio, ya le sobraba para pagarle la deuda al FMI y sac\u00e1rselo de encima. Macri asumi\u00f3 desendeudado, manote\u00f3 de todas partes y, en dos a\u00f1os y medio, ya est\u00e1 pidiendo la escupidera al FMI. Contala como quieras\u201d.<\/p>\n<p>Tal cual. Contala como quieras porque, se cuente como se cuente, el \u00fanico pron\u00f3stico posible es una inmensa mayor\u00eda de los argentinos a quienes les espera un ajuste aun m\u00e1s fenomenal que el relatado culposamente por Nico y Toto, cuando anunciaron hace unos d\u00edas \u2013antes de avisar que iban al Fondo\u2013 la reducci\u00f3n de la meta de d\u00e9ficit fiscal. Cada vez que los tipos como estos hablan de tal cosa, debe entenderse que ir\u00e1n (s\u00ed, de vuelta) por los jubilados presentes y futuros, por la restricci\u00f3n del consumo, por el saqueo contra los programas de asistencia social, por una devaluaci\u00f3n (s\u00ed, de vuelta) que nos haga \u201ccompetitivos\u201d.<\/p>\n<p>Lo advierten sus propios voceros. No es catastrofismo izquierdoide. M\u00e1s todav\u00eda: hay un show de soldados period\u00edsticos del macrismo que abandonan el barco atolondradamente, capaces de descubrir de un d\u00eda para otro que el mejor equipo de los \u00faltimos cincuenta a\u00f1os es una murga de ineptos. Son ellos quienes hablan de desgobierno, o de un gobierno a la deriva.<\/p>\n<p>En cualquier momento ser\u00eda probable leer y escucharlos con la exigencia de que el gasto y los empleados p\u00fablicos dejen de ser usados como chivo expiatorio, porque el problema es que al fisco lo desfinancia la org\u00eda de quita de retenciones, el festival de capitales externos que entran y salen sin restricci\u00f3n alguna, la venta de d\u00f3lares baratos para frenar las corridas de la tropa en cuyas inversiones tanto confiaron cuando se derrumbara el populismo.<\/p>\n<p>Eso no es todo. Tambi\u00e9n ser\u00eda posible que repentinamente descubran la corrupci\u00f3n macrista. Hasta los trolls de Casa Rosada vienen tom\u00e1ndose un asueto ostensible.<\/p>\n<p>La investigadora Ana Castellani, del Observatorio de Elites Argentinas que funciona en la Universidad Nacional de San Mart\u00edn, record\u00f3 en un excelente art\u00edculo publicado el jueves pasado en P\u00e1ginaI12, que \u201cMacri confi\u00f3 plenamente en lo que siempre crey\u00f3 y demand\u00f3 cuando formaba parte de esa elite: liberalizar, desregular, brindar todos los incentivos necesarios para la inversi\u00f3n privada, poner el Estado al servicio del capital. Y se qued\u00f3 esperando la lluvia de inversiones que nunca lleg\u00f3. La historia econ\u00f3mica nos muestra que no funciona as\u00ed; la elite tiene poder de veto al avance de los proyectos de cu\u00f1o nacional-popular, pero no tiene vocaci\u00f3n de liderar un proyecto propio que garantice el desarrollo del pa\u00eds, ni siquiera en los t\u00e9rminos que ellos lo imaginan, porque eso supone una apuesta econ\u00f3mica fuerte que no est\u00e1 dispuesta a realizar en la medida de que es m\u00e1s rentable apostar a la recurrente inestabilidad macroecon\u00f3mica. La principal debilidad de este gobierno viene de su propia base social, y ya sabemos que no hay nada peor que la astilla del propio palo\u201d.<\/p>\n<p>La versi\u00f3n bizarra e insultante de esa sentencia indesmentible de Castellani volvi\u00f3 a protagonizarla la diputada ausente Elisa Carri\u00f3, quien, adem\u00e1s de sostener que el momento la \u201cdivierte\u201d y que recurrir al Fondo \u201ces una maravilla\u201d, dijo que Macri no demuestra sentir los problemas populares porque es ingeniero. Deteng\u00e1monos en esto \u00faltimo.<\/p>\n<p>Si se profundiza la l\u00f3gica de esa alucinaci\u00f3n, los economistas del establishment viven necesariamente en un frasco, los periodistas que les dan cabida habitan en otro y los legisladores como ella, que tuvo el tup\u00e9 de no asistir a la votaci\u00f3n parlamentaria sobre correcci\u00f3n de tarifazos, en otro m\u00e1s.<\/p>\n<p>Es all\u00ed donde el concepto de Rep\u00fablica se revela como entelequia, porque no atiende que la pol\u00edtica es el producto de una correlaci\u00f3n de fuerzas determinada en la que, por caso, el problema no es que Macri sea ingeniero sino que representa a una banda de favorecedores de negocios de su clase social. Una clase de aves de rapi\u00f1a, pendenciera, incapacitada por completo para dise\u00f1ar ese modelo de pa\u00eds que no consista, exclusivamente, en la maximizaci\u00f3n salvaje de su tasa de ganancia.<\/p>\n<p>En tanto empresarios que viven del desfalco al Estado, el Presidente y sus c\u00f3mplices duermen tranquilos. En tanto puestos a manejar al Estado de manera institucional directa, beben de su medicina y queda al desnudo que gestionar corporaciones privadas no es lo mismo que comandar un pa\u00eds.<\/p>\n<p>Est\u00e1 por llegar lo peor que, seg\u00fan dijeron, ya hab\u00eda pasado. Se supon\u00eda que el mundo confiaba en un nosotros\/ellos, result\u00f3 que a la primera de cambio se qued\u00f3 con el trasero al norte y que el drama no proviene del programa econ\u00f3mico sino de c\u00f3mo lo gestion\u00f3 el macrismo, cual si existiera una administraci\u00f3n eficaz para tripular un modelo basado \u00fanicamente en la renta agraria y la bicicleta financiera.<\/p>\n<p>Cuando llegue lo peor, que se conoc\u00eda largamente con la \u00fanica excepci\u00f3n del cu\u00e1ndo, ser\u00eda esperable que muchos reconocieran al presente y al panorama como mero producto del odio de clase. M\u00e1s precisamente, como el producto del fantasma que alimentaron los medios y chirolitas que hoy se precipitan a la fuga. Lo much\u00edsimo que hab\u00eda por corregir no alcanza ni a la u\u00f1a de haber confiado en que el zorro cuidara a las gallinas.<\/p>\n<p>Volviendo a la analog\u00eda con lo que apuntaba el gordo Soriano y a menos que una oposici\u00f3n con cierta estatura patri\u00f3tica resuelva dejarse de chiquitajes, viviremos enfermos a la b\u00fasqueda del equilibrio monetario. Se tendr\u00e1n que ajustar \u201cla pol\u00edtica\u201d, los empleados p\u00fablicos, el sistema de seguridad social, los salarios privados y todo cuanto sea menester, mientras no se toque la fiesta de los especuladores a quienes, ahora dicen, el Gobierno mu\u00f1equea mal.<\/p>\n<p>\u00bfEs inimaginable que Macri produjera un gesto tribunero \u2013al menos eso\u2013 consistente en frenar el ritmo de rebaja retentiva a las exportaciones sojeras, o en reimponer restricciones a la fuga de capitales? S\u00ed. No existe. Pero no como posibilidad t\u00e9cnica que allegara recursos al Estado en medio de la crisis internacional que Mauri, Toto, Nico y compa\u00f1\u00eda descubrieron de repente.<\/p>\n<p>No existe pol\u00edticamente, porque no pueden afectar a la clase en nombre de la que gobiernan.<\/p>\n<p>Y entonces moriremos sanos, sin d\u00e9ficit fiscal.<\/p>\n<p>Por\u00a0Eduardo Aliverti<\/p>\n<h6>Fuente: P\u00e1gina 12<\/h6>\n","protected":false},"excerpt":{"rendered":"<p>El Fondo Monetario es una sensible sociedad de beneficencia. La tragedia es Dur\u00e1n Barba y Carri\u00f3 convoca a matarlo. Sturzenegger especula vendiendo los d\u00f3lares a futuro que a CFK le costaron una masacre judicial.<\/p>\n","protected":false},"author":2,"featured_media":76444,"comment_status":"closed","ping_status":"closed","sticky":false,"template":"","format":"standard","meta":{"footnotes":""},"categories":[6],"tags":[21],"class_list":["post-76443","post","type-post","status-publish","format-standard","has-post-thumbnail","hentry","category-opiniones","tag-argentina"],"_links":{"self":[{"href":"http:\/\/argentinamunicipal.com.ar\/argentina\/wp-json\/wp\/v2\/posts\/76443","targetHints":{"allow":["GET"]}}],"collection":[{"href":"http:\/\/argentinamunicipal.com.ar\/argentina\/wp-json\/wp\/v2\/posts"}],"about":[{"href":"http:\/\/argentinamunicipal.com.ar\/argentina\/wp-json\/wp\/v2\/types\/post"}],"author":[{"embeddable":true,"href":"http:\/\/argentinamunicipal.com.ar\/argentina\/wp-json\/wp\/v2\/users\/2"}],"replies":[{"embeddable":true,"href":"http:\/\/argentinamunicipal.com.ar\/argentina\/wp-json\/wp\/v2\/comments?post=76443"}],"version-history":[{"count":0,"href":"http:\/\/argentinamunicipal.com.ar\/argentina\/wp-json\/wp\/v2\/posts\/76443\/revisions"}],"wp:featuredmedia":[{"embeddable":true,"href":"http:\/\/argentinamunicipal.com.ar\/argentina\/wp-json\/wp\/v2\/media\/76444"}],"wp:attachment":[{"href":"http:\/\/argentinamunicipal.com.ar\/argentina\/wp-json\/wp\/v2\/media?parent=76443"}],"wp:term":[{"taxonomy":"category","embeddable":true,"href":"http:\/\/argentinamunicipal.com.ar\/argentina\/wp-json\/wp\/v2\/categories?post=76443"},{"taxonomy":"post_tag","embeddable":true,"href":"http:\/\/argentinamunicipal.com.ar\/argentina\/wp-json\/wp\/v2\/tags?post=76443"}],"curies":[{"name":"wp","href":"https:\/\/api.w.org\/{rel}","templated":true}]}}