{"id":76497,"date":"2018-05-15T07:03:21","date_gmt":"2018-05-15T10:03:21","guid":{"rendered":"http:\/\/argentinamunicipal.com.ar\/argentina\/?p=76497"},"modified":"2018-05-15T07:03:21","modified_gmt":"2018-05-15T10:03:21","slug":"la-espera-definiciones","status":"publish","type":"post","link":"http:\/\/argentinamunicipal.com.ar\/argentina\/la-espera-definiciones\/","title":{"rendered":"A la espera de definiciones"},"content":{"rendered":"<p>Los gobernadores del llamado peronismo \u201cdialoguista\u201d finalmente hoy no se reunir\u00e1n como se hab\u00eda anunciado debido a la falta de una posici\u00f3n com\u00fan respecto de las negociaciones con el FMI y el proyecto que limita el tarifazo.<\/p>\n<p>Los gobernadores del peronismo \u201cdialoguista\u201d resolvieron levantar la reuni\u00f3n que ven\u00edan organizando para este mediod\u00eda en el Consejo Federal de Inversiones (CFI). El motivo fue la falta de consenso interno sobre la postura que tomar\u00edan respecto a las negociaciones del gobierno con el FMI y al proyecto para limitar el tarifazo que debe tratar el Senado. Incluso algunos gobernadores adelantaron que no viajar\u00edan, por lo que directamente resolvieron cortar por lo sano. Poco despu\u00e9s, el gobernador de C\u00f3rdoba, Juan Schiaretti, que motorizaba la juntada, volvi\u00f3 a expresar en Twitter su desacuerdo con que el Congreso legisle sobre las tarifas de servicios. \u201cEl Congreso no debe fijar tarifas, por lo tanto el Senado no debe aprobar la ley\u201d, insisti\u00f3 ayer en una postura que parece minoritaria.<\/p>\n<p>El origen del desacuerdo puede ser la reuni\u00f3n que cinco gobernadores mantuvieron la semana pasada con el presidente Mauricio Macri en la Casa Rosada. A algunos de ellos no les gust\u00f3 nada que fuera presentado como un supuesto \u201capoyo\u201d opositor al acuerdo con el FMI y quer\u00edan desmentir esa idea. Es el caso del tucumano Juan Manzur, que luego de aquel encuentro sali\u00f3 enseguida a aclarar que a \u00e9l le parec\u00eda mal que el Gobierno acudiera al auxilio del Fondo. Est\u00e1 claro que m\u00e1s all\u00e1 del apoyo institucional, hay gobernadores que no est\u00e1n dispuestos a compartir el costo pol\u00edtico de la crisis financiera que sufre el macrismo. Especialmente viniendo de un Gobierno que, aseguran, los atiende poco y nada. Seg\u00fan aseguraban en la gobernaci\u00f3n tucumana, ante las diferencias de posturas, Manzur ya hab\u00eda dicho que no concurrir\u00eda a la reuni\u00f3n en el CFI.<\/p>\n<p>Algo similar ocurre con el proyecto sobre tarifas, que ya cuenta con media sanci\u00f3n de Diputados. Hubo gobernadores que desde el vamos se posicionaron contra el proyecto mientras que otros son de la idea de dejar a los senadores actuar libremente y obligar a Macri a pagar el costo del veto, una decisi\u00f3n que el Ejecutivo ya hizo trascender como resuelta.<\/p>\n<p>Pero, por alg\u00fan motivo, Schiaretti quiso ayer volver a poner de manifiesto su rechazo a que el Senado apruebe el proyecto. \u201cDe ser aprobada ser\u00eda vetada por el Ejecutivo, por lo cual no beneficiar\u00eda a la gente\u201d, fue su extra\u00f1o an\u00e1lisis. \u201cInsisto que para beneficiar a la gente debemos disminuir el IVA, que es un impuesto que aportamos Naci\u00f3n, Provincia y Municipios\u201d, a\u00f1adi\u00f3.<\/p>\n<p>El pasado fin de semana, Schiaretti, tambi\u00e9n por Twitter, hab\u00eda llamado a \u201ca garantizar la gobernabilidad\u201d con el prop\u00f3sito de \u201cevitar las grandes crisis\u201d. \u201cDe esta situaci\u00f3n que vive el pa\u00eds saldremos adelante si todos nos convencemos que debemos garantizar la gobernabilidad\u201d, hab\u00eda remarcado el gobernador cordob\u00e9s, de relaci\u00f3n sinuosa con Macri. Tan rara es la relaci\u00f3n, que desde el radicalismo cordob\u00e9s salieron a criticarlo incluso por su rechazo a que se apruebe el proyecto contra el tarifazo. \u201cSi Juan Schiaretti no hubiera especulado con un doble discurso para desgastar al gobierno del presidente Mauricio Macri, hoy no tendr\u00eda que andar haciendo piruetas para evitar que el Senado apruebe la ley de tarifas del PJ\u201d, expres\u00f3 el jefe del interbloque de diputados de Cambiemos, Mario Negri, uno de los posibles candidatos de Cambiemos en C\u00f3rdoba. Negri insisti\u00f3 en marcar el costo fiscal que tendr\u00eda el proyecto opositor, el caballito de batalla del rechazo oficialista.<\/p>\n<p>Por su parte, el sanjuanino Sergio U\u00f1ac se mostr\u00f3 en las redes sociales en un encuentro con los intendentes de su provincia. \u201cAcordamos la reducci\u00f3n y quita de impuestos municipales en la boleta de energ\u00eda el\u00e9ctrica, buscando reducir el impacto del gran aumento de tarifas en la econom\u00eda de los sanjuaninos\u201d, explic\u00f3, en una senda parecida a la de Schiaretti.<\/p>\n<p>A todo esto, el ministro del Interior, Rogelio Frigerio, reconoci\u00f3 el acompa\u00f1amiento de un sector de los gobernadores al Gobierno \u201caun en las diferencias y en las disidencias\u201d, pero reafirm\u00f3 que \u201cno cogobiernan\u201d con la gesti\u00f3n de Cambiemos.<\/p>\n<h6>Fuente: P\u00e1gina 12<\/h6>\n","protected":false},"excerpt":{"rendered":"<p>Los gobernadores del llamado peronismo \u201cdialoguista\u201d finalmente hoy no se reunir\u00e1n como se hab\u00eda anunciado debido a la falta de una posici\u00f3n com\u00fan respecto de las negociaciones con el FMI y el proyecto que limita el tarifazo.<br \/>\n\u00a0<\/p>\n","protected":false},"author":2,"featured_media":76499,"comment_status":"closed","ping_status":"closed","sticky":false,"template":"","format":"standard","meta":{"footnotes":""},"categories":[8],"tags":[21],"class_list":["post-76497","post","type-post","status-publish","format-standard","has-post-thumbnail","hentry","category-informe-nacional","tag-argentina"],"_links":{"self":[{"href":"http:\/\/argentinamunicipal.com.ar\/argentina\/wp-json\/wp\/v2\/posts\/76497","targetHints":{"allow":["GET"]}}],"collection":[{"href":"http:\/\/argentinamunicipal.com.ar\/argentina\/wp-json\/wp\/v2\/posts"}],"about":[{"href":"http:\/\/argentinamunicipal.com.ar\/argentina\/wp-json\/wp\/v2\/types\/post"}],"author":[{"embeddable":true,"href":"http:\/\/argentinamunicipal.com.ar\/argentina\/wp-json\/wp\/v2\/users\/2"}],"replies":[{"embeddable":true,"href":"http:\/\/argentinamunicipal.com.ar\/argentina\/wp-json\/wp\/v2\/comments?post=76497"}],"version-history":[{"count":0,"href":"http:\/\/argentinamunicipal.com.ar\/argentina\/wp-json\/wp\/v2\/posts\/76497\/revisions"}],"wp:featuredmedia":[{"embeddable":true,"href":"http:\/\/argentinamunicipal.com.ar\/argentina\/wp-json\/wp\/v2\/media\/76499"}],"wp:attachment":[{"href":"http:\/\/argentinamunicipal.com.ar\/argentina\/wp-json\/wp\/v2\/media?parent=76497"}],"wp:term":[{"taxonomy":"category","embeddable":true,"href":"http:\/\/argentinamunicipal.com.ar\/argentina\/wp-json\/wp\/v2\/categories?post=76497"},{"taxonomy":"post_tag","embeddable":true,"href":"http:\/\/argentinamunicipal.com.ar\/argentina\/wp-json\/wp\/v2\/tags?post=76497"}],"curies":[{"name":"wp","href":"https:\/\/api.w.org\/{rel}","templated":true}]}}