{"id":76514,"date":"2018-05-15T07:27:44","date_gmt":"2018-05-15T10:27:44","guid":{"rendered":"http:\/\/argentinamunicipal.com.ar\/argentina\/?p=76514"},"modified":"2018-05-15T07:27:44","modified_gmt":"2018-05-15T10:27:44","slug":"comienza-concejo-postergado-debate-la-noche-rosarina","status":"publish","type":"post","link":"http:\/\/argentinamunicipal.com.ar\/argentina\/comienza-concejo-postergado-debate-la-noche-rosarina\/","title":{"rendered":"Comienza en el Concejo el postergado debate sobre la noche rosarina"},"content":{"rendered":"<p>Hoy se tratar\u00e1 en la comisi\u00f3n de Gobierno. La discusi\u00f3n arrancar\u00e1 por los rubros, los horarios, las zonas promovidas y los registros de oposici\u00f3n.<\/p>\n<p>El debate sobre la noche de Rosario se instalar\u00e1 formalmente desde esta semana en el Concejo Municipal. Hoy, en la comisi\u00f3n de Gobierno se comenzar\u00e1 a tratar un tema relevante que representa una de las cuentas pendientes legislativas en el \u00e1mbito local, ya que tiene m\u00e1s de 17 a\u00f1os de vigencia y las costumbres de la juventud se modificaron mucho en este lapso. La intenci\u00f3n de la mayor\u00eda de los bloques pol\u00edticos es avanzar sobre esta discusi\u00f3n para poder producir una nueva normativa general durante este a\u00f1o.\u00bbPara encarar este tema hay 3 o 4 ejes que son nodales, que son los primeros que vamos a abordar, arrancando el martes (por hoy)\u00bb, coment\u00f3 la concejala Mar\u00eda Eugenia Schmuck, presidenta de la comisi\u00f3n de Gobierno.<\/p>\n<p>Y se encarg\u00f3 de precisar: \u00abLa intenci\u00f3n es dividir el debate en distintos bloques tem\u00e1ticos y vamos a ir desde los m\u00e1s complejos a los m\u00e1s simples. Entre los m\u00e1s dif\u00edciles est\u00e1 discutir si se baila o no se baila, los rubros, los horarios, las zonas promovidas y los registros de oposici\u00f3n\u00bb.<\/p>\n<p>\u00abEn la comisi\u00f3n de Gobierno nos establecimos un plazo para presentar proyectos sobre la nocturnidad y tratar los que ya estaban en discusi\u00f3n. Y ese plazo se vence esta semana. En ese marco, resolvimos que el martes (por hoy) empezaremos a discutir formalmente la ordenanza de nocturnidad\u00bb, se\u00f1al\u00f3 Schmuck.<\/p>\n<p>La edila reconoci\u00f3 que \u00abya hubo varias discusiones en asesores y hace mucho tiempo que se viene recibiendo a todo el mundo relacionado a la noche\u00bb. De la misma manera, remarc\u00f3 que \u00abfaltaba que los concejales expongan p\u00fablicamente y debatan sus diferencias y sus acuerdos en relaci\u00f3n a este tema, que es muy amplio\u00bb.<\/p>\n<p>Schmuck cont\u00f3 que \u00abya acordamos entre todos los bloques que vamos a intensificar y le vamos a dedicar a esto hasta mitad de a\u00f1o, para tratar de tener un borrador para las vacaciones de julio, para luego llevarlo al recinto\u00bb.<\/p>\n<p>Sobre el desarrollo legislativo dentro del Concejo, apunt\u00f3 que \u00abcomo la comisi\u00f3n madre es Gobierno, nosotros vamos a organizar este debate, y luego vamos a hacer intervenir a otras comisiones que tienen incumbencias, como Planeamiento y Salud. En este momento, todos los proyectos est\u00e1n en la comisi\u00f3n de Gobierno, y de ah\u00ed surgir\u00e1 la nueva normativa. No queremos que vaya de un lado para otro y se demore\u00bb.<\/p>\n<p><strong>Primero, lo m\u00e1s relevante<\/strong><\/p>\n<p>La concejala tambi\u00e9n confi\u00f3 que hoy \u00abse arrancar\u00e1 con el tema rubros. Entendemos que ya hay un avance en encuentros de asesores sobre este tema, y los dos proyectos que se presentaron, uno m\u00edo y otro de Roy L\u00f3pez Molina y Osvaldo Miatello (ver aparte), que tienen muchos elementos en com\u00fan\u00bb.<\/p>\n<p>\u00abYa resolvimos que la parte de espect\u00e1culos p\u00fablicos va a tener una parte de nocturnidad o esparcimiento, que es lo que vamos a discutir. Y luego vamos a separar algunas ordenanzas como parques de diversiones, que hoy est\u00e1 en espect\u00e1culos p\u00fablicos. En tanto, los salones de fiestas y salones infantiles, ya los tratamos y los sacamos la semana anterior\u00bb.<\/p>\n<p>Sobre la relevancia de esta instancia de debate legislativo dentro del Concejo Municipal, Schmuck resalt\u00f3 que \u00abesta semana vamos a ver si vamos a seguir discutiendo la noche en funci\u00f3n de los rubros existentes, o si lo vamos a debatir m\u00e1s profundamente en relaci\u00f3n a las condiciones de infraestructura, seguridad, convivencia y factor ocupacional, m\u00e1s all\u00e1 de que se baile o no se baile\u00bb.<\/p>\n<p>Y agreg\u00f3: \u00abTenemos que consensuar acerca de qu\u00e9 le exigimos a aquellos que quieran poner un local donde se pueda bailar. Por eso, la idea es avanzar r\u00e1pido sobre los acuerdos m\u00e1s importantes\u00bb.<\/p>\n<p>En tanto, la edila record\u00f3 que el de la noche fue uno de sus primeros proyectos en el Concejo, hace ya seis a\u00f1os. \u00abPor este tema hubo muchos acercamientos con diferentes sectores sociales y empresariales, pero falt\u00f3 que los concejales sienten posturas formalmente\u00bb.<\/p>\n<p>\u00abSiento mucho compromiso pol\u00edtico expl\u00edcito alrededor de este tema, no s\u00f3lo en la comisi\u00f3n de Gobierno\u00bb, expres\u00f3 Schmuck.<\/p>\n<p>\u00abYa acordamos que\u00a0vamos a intensificar esto hasta mitad de a\u00f1o,para tratar de tener\u00a0un borrador para julio\u00bb<\/p>\n<h6>Fuente: La Capital<\/h6>\n","protected":false},"excerpt":{"rendered":"<p>Hoy se tratar\u00e1 en la comisi\u00f3n de Gobierno. La discusi\u00f3n arrancar\u00e1 por los rubros, los horarios, las zonas promovidas y los registros de oposici\u00f3n.<\/p>\n","protected":false},"author":2,"featured_media":76515,"comment_status":"closed","ping_status":"closed","sticky":false,"template":"","format":"standard","meta":{"footnotes":""},"categories":[2],"tags":[10],"class_list":["post-76514","post","type-post","status-publish","format-standard","has-post-thumbnail","hentry","category-informe-municipal","tag-santa-fe"],"_links":{"self":[{"href":"http:\/\/argentinamunicipal.com.ar\/argentina\/wp-json\/wp\/v2\/posts\/76514","targetHints":{"allow":["GET"]}}],"collection":[{"href":"http:\/\/argentinamunicipal.com.ar\/argentina\/wp-json\/wp\/v2\/posts"}],"about":[{"href":"http:\/\/argentinamunicipal.com.ar\/argentina\/wp-json\/wp\/v2\/types\/post"}],"author":[{"embeddable":true,"href":"http:\/\/argentinamunicipal.com.ar\/argentina\/wp-json\/wp\/v2\/users\/2"}],"replies":[{"embeddable":true,"href":"http:\/\/argentinamunicipal.com.ar\/argentina\/wp-json\/wp\/v2\/comments?post=76514"}],"version-history":[{"count":0,"href":"http:\/\/argentinamunicipal.com.ar\/argentina\/wp-json\/wp\/v2\/posts\/76514\/revisions"}],"wp:featuredmedia":[{"embeddable":true,"href":"http:\/\/argentinamunicipal.com.ar\/argentina\/wp-json\/wp\/v2\/media\/76515"}],"wp:attachment":[{"href":"http:\/\/argentinamunicipal.com.ar\/argentina\/wp-json\/wp\/v2\/media?parent=76514"}],"wp:term":[{"taxonomy":"category","embeddable":true,"href":"http:\/\/argentinamunicipal.com.ar\/argentina\/wp-json\/wp\/v2\/categories?post=76514"},{"taxonomy":"post_tag","embeddable":true,"href":"http:\/\/argentinamunicipal.com.ar\/argentina\/wp-json\/wp\/v2\/tags?post=76514"}],"curies":[{"name":"wp","href":"https:\/\/api.w.org\/{rel}","templated":true}]}}