{"id":76517,"date":"2018-05-15T07:30:23","date_gmt":"2018-05-15T10:30:23","guid":{"rendered":"http:\/\/argentinamunicipal.com.ar\/argentina\/?p=76517"},"modified":"2018-05-15T07:30:23","modified_gmt":"2018-05-15T10:30:23","slug":"cierre-sorpresivo-tradicional-panaderia-rosarina-las-persianas","status":"publish","type":"post","link":"http:\/\/argentinamunicipal.com.ar\/argentina\/cierre-sorpresivo-tradicional-panaderia-rosarina-las-persianas\/","title":{"rendered":"Otro cierre sorpresivo: tradicional panader\u00eda rosarina baj\u00f3 las persianas"},"content":{"rendered":"<p>Trabajadores denunciaron el vaciamiento de la panader\u00eda Alcorta, el tradicional local de Necochea al 1700. Ya hicieron la denuncia al Ministerio de Trabajo y preparan una presentaci\u00f3n judicial por insolvencia fraudulenta ante el Ministerio P\u00fablico de la Acusaci\u00f3n<\/p>\n<p>Despu\u00e9s del sorpresivo cierre de la vinoteca Rey de Copas, este lunes se conoci\u00f3 otro caso similar. La panader\u00eda Alcorta, el tradicional local de Necochea al 1700, con m\u00e1s de 60 a\u00f1os de trayectoria, tambi\u00e9n baj\u00f3 las persianas. Los trabajadores hicieron la denuncia al Ministerio de Trabajo y preparan una presentaci\u00f3n judicial por insolvencia fraudulenta ante el Ministerio P\u00fablico de la Acusaci\u00f3n.<\/p>\n<p>Consultado por Rosario3.com, el abogado de dos de los trabajadores afectados \u2013el total ronda la docena\u2013, Francisco Aguirre, se\u00f1al\u00f3 que hace un tiempo los empleados sospechaban este desenlace. Aguirre tom\u00f3 contacto con uno de ellos hace un a\u00f1o cuando la firma comenz\u00f3 a pagarle por d\u00eda, en lugar de mes a mes. Pero las dificultades en el pago a los empleados y acreedores se remontan, al menos, a 2016 cuando la panader\u00eda cambi\u00f3 de due\u00f1os.<\/p>\n<p>Finalmente, la semana pasada, el tradicional local de calle Necochea, famosos por sus pan dulces, cerr\u00f3 definitivamente. El mi\u00e9rcoles \u2013cont\u00f3 Aguirre\u2013 los due\u00f1os avisaron que al d\u00eda siguiente no iban a abrir por reformas pero, en realidad \u2013llam\u00f3 la atenci\u00f3n\u2013 lo que hicieron fue un vaciamiento.<\/p>\n<p>El viernes se realiz\u00f3 la denuncia en la cartera laboral, y entre este lunes y martes, el abogado planeaba realizar otra presentaci\u00f3n, esta vez ante el MPA.<\/p>\n<h6>Fuente: Sin Mordaza<\/h6>\n","protected":false},"excerpt":{"rendered":"<p>Trabajadores denunciaron el vaciamiento de la panader\u00eda Alcorta, el tradicional local de Necochea al 1700. Ya hicieron la denuncia al Ministerio de Trabajo y preparan una presentaci\u00f3n judicial<\/p>\n","protected":false},"author":2,"featured_media":76518,"comment_status":"closed","ping_status":"closed","sticky":false,"template":"","format":"standard","meta":{"footnotes":""},"categories":[2],"tags":[10],"class_list":["post-76517","post","type-post","status-publish","format-standard","has-post-thumbnail","hentry","category-informe-municipal","tag-santa-fe"],"_links":{"self":[{"href":"http:\/\/argentinamunicipal.com.ar\/argentina\/wp-json\/wp\/v2\/posts\/76517","targetHints":{"allow":["GET"]}}],"collection":[{"href":"http:\/\/argentinamunicipal.com.ar\/argentina\/wp-json\/wp\/v2\/posts"}],"about":[{"href":"http:\/\/argentinamunicipal.com.ar\/argentina\/wp-json\/wp\/v2\/types\/post"}],"author":[{"embeddable":true,"href":"http:\/\/argentinamunicipal.com.ar\/argentina\/wp-json\/wp\/v2\/users\/2"}],"replies":[{"embeddable":true,"href":"http:\/\/argentinamunicipal.com.ar\/argentina\/wp-json\/wp\/v2\/comments?post=76517"}],"version-history":[{"count":0,"href":"http:\/\/argentinamunicipal.com.ar\/argentina\/wp-json\/wp\/v2\/posts\/76517\/revisions"}],"wp:featuredmedia":[{"embeddable":true,"href":"http:\/\/argentinamunicipal.com.ar\/argentina\/wp-json\/wp\/v2\/media\/76518"}],"wp:attachment":[{"href":"http:\/\/argentinamunicipal.com.ar\/argentina\/wp-json\/wp\/v2\/media?parent=76517"}],"wp:term":[{"taxonomy":"category","embeddable":true,"href":"http:\/\/argentinamunicipal.com.ar\/argentina\/wp-json\/wp\/v2\/categories?post=76517"},{"taxonomy":"post_tag","embeddable":true,"href":"http:\/\/argentinamunicipal.com.ar\/argentina\/wp-json\/wp\/v2\/tags?post=76517"}],"curies":[{"name":"wp","href":"https:\/\/api.w.org\/{rel}","templated":true}]}}