{"id":76549,"date":"2018-05-15T06:15:25","date_gmt":"2018-05-15T09:15:25","guid":{"rendered":"http:\/\/argentinamunicipal.com.ar\/argentina\/?p=76549"},"modified":"2018-05-15T08:17:04","modified_gmt":"2018-05-15T11:17:04","slug":"puente-unira-parana-santa-fe-habra-encuentro-la-camara-senadores","status":"publish","type":"post","link":"http:\/\/argentinamunicipal.com.ar\/argentina\/puente-unira-parana-santa-fe-habra-encuentro-la-camara-senadores\/","title":{"rendered":"Puente que unir\u00e1 Paran\u00e1- Santa Fe: habr\u00e1 un encuentro en la C\u00e1mara de Senadores"},"content":{"rendered":"<p>El pr\u00f3ximo mi\u00e9rcoles habr\u00e1 un encuentro en la C\u00e1mara de Senadores en torno a la traza del futuro puente que unir\u00e1 Paran\u00e1 con Santa Fe. Desde la comisi\u00f3n vecinal Toma Vieja invitan a los vecinos a participar, conoci\u00f3\u00a0Elonce TV.<\/p>\n<p>Patricia Pajares Servel, presidenta de la vecinal Toma Vieja y miembro de Despierta Paran\u00e1, mencion\u00f3 a\u00a0Elonce TV\u00a0que realizar\u00e1n \u00abun encuentro de este movimiento ampliado respecto de la tem\u00e1tica del puente,\u00a0el mi\u00e9rcoles 16, a las 16 horas, en la C\u00e1mara de Senadores de la provincia. Nos han abierto un espacio, y esperamos la concurrencia de todos los representantes de los departamentos de la provincia\u00bb.<\/p>\n<p>\u00abVamos a exponer a trav\u00e9s de representantes del Colegio de Arquitectos, el defensor del Pueblo, referentes dentro del \u00e1rea urban\u00edstica e inmobiliaria, adem\u00e1s de representantes del \u00e1rea ambiental. Ellos, como profesionales, dar\u00e1n los fundamentos por los cuales estamos encarando este movimiento Despierta Paran\u00e1\u00bb, asever\u00f3 a\u00a0Elonce TV.PARAN\u00c1El puente Paran\u00e1 &#8211; Santa Fe \u00abser\u00e1 el m\u00e1s grande del pa\u00eds\u00bb: Avanza su diagramado<br \/>\nLa presidenta de la Vecinal Toma Vieja remarc\u00f3 que los vecinos no tienen \u00abinformaci\u00f3n t\u00e9cnica oficial\u00bb para conocer cu\u00e1l ser\u00e1 el destino de la mega obra que unir\u00e1 Paran\u00e1 con Santa Fe.\u00a0En este sentido destac\u00f3 que \u00abhemos logrado una sentencia en la provincia que intima a la municipalidad a que en un plazo de diez d\u00edas nos de la informaci\u00f3n que necesitamos. Ninguno de los actores sociales que ha venido acompa\u00f1ando el desarrollo de la obra, la tiene; por eso, ante el pronunciamiento p\u00fablico de los distintos referentes, tales como el ingeniero Del Carril, por parte de Vialidad Nacional y otros que dan cuenta de estudios de impacto ambiental, de estudios geol\u00f3gicos y otros m\u00e1s, exigimos esa informaci\u00f3n, nos la merecemos quienes creemos que seremos los `perjudicados` con esta traza nueva de la obra del enlace vial\u00bb.<\/p>\n<p>Al respecto aclar\u00f3 adem\u00e1s:\u00a0\u00abNo estamos en contra de la obra, decimos s\u00ed al puente; estamos en contra de una traza nueva que no respeta los marcos de referencia de la licitaci\u00f3n p\u00fablica. Esta traza, y podemos demostrarlo, va a perjudicar mucho no solamente a un barrio, sino a toda la ciudad de Paran\u00e1 y dela provincia de Entre R\u00edos\u00bb.<\/p>\n<h6>Fuente: Elonce.com.<\/h6>\n","protected":false},"excerpt":{"rendered":"<p>El pr\u00f3ximo mi\u00e9rcoles habr\u00e1 un encuentro en la C\u00e1mara de Senadores en torno a la traza del futuro puente que unir\u00e1 Paran\u00e1 con Santa Fe. Desde la comisi\u00f3n vecinal Toma Vieja invitan a los vecinos a participar, conoci\u00f3\u00a0Elonce TV.<\/p>\n","protected":false},"author":2,"featured_media":76550,"comment_status":"closed","ping_status":"closed","sticky":false,"template":"","format":"standard","meta":{"footnotes":""},"categories":[2],"tags":[17,10],"class_list":["post-76549","post","type-post","status-publish","format-standard","has-post-thumbnail","hentry","category-informe-municipal","tag-entre-rios","tag-santa-fe"],"_links":{"self":[{"href":"http:\/\/argentinamunicipal.com.ar\/argentina\/wp-json\/wp\/v2\/posts\/76549","targetHints":{"allow":["GET"]}}],"collection":[{"href":"http:\/\/argentinamunicipal.com.ar\/argentina\/wp-json\/wp\/v2\/posts"}],"about":[{"href":"http:\/\/argentinamunicipal.com.ar\/argentina\/wp-json\/wp\/v2\/types\/post"}],"author":[{"embeddable":true,"href":"http:\/\/argentinamunicipal.com.ar\/argentina\/wp-json\/wp\/v2\/users\/2"}],"replies":[{"embeddable":true,"href":"http:\/\/argentinamunicipal.com.ar\/argentina\/wp-json\/wp\/v2\/comments?post=76549"}],"version-history":[{"count":0,"href":"http:\/\/argentinamunicipal.com.ar\/argentina\/wp-json\/wp\/v2\/posts\/76549\/revisions"}],"wp:featuredmedia":[{"embeddable":true,"href":"http:\/\/argentinamunicipal.com.ar\/argentina\/wp-json\/wp\/v2\/media\/76550"}],"wp:attachment":[{"href":"http:\/\/argentinamunicipal.com.ar\/argentina\/wp-json\/wp\/v2\/media?parent=76549"}],"wp:term":[{"taxonomy":"category","embeddable":true,"href":"http:\/\/argentinamunicipal.com.ar\/argentina\/wp-json\/wp\/v2\/categories?post=76549"},{"taxonomy":"post_tag","embeddable":true,"href":"http:\/\/argentinamunicipal.com.ar\/argentina\/wp-json\/wp\/v2\/tags?post=76549"}],"curies":[{"name":"wp","href":"https:\/\/api.w.org\/{rel}","templated":true}]}}