{"id":76573,"date":"2018-05-16T06:28:59","date_gmt":"2018-05-16T09:28:59","guid":{"rendered":"http:\/\/argentinamunicipal.com.ar\/argentina\/?p=76573"},"modified":"2018-05-16T06:28:59","modified_gmt":"2018-05-16T09:28:59","slug":"tras-el-pedido-de-ayuda-al-fmi-otra-encuesta-refleja-la-imagen-devaluada-que-posee-mauricio-macri","status":"publish","type":"post","link":"http:\/\/argentinamunicipal.com.ar\/argentina\/tras-el-pedido-de-ayuda-al-fmi-otra-encuesta-refleja-la-imagen-devaluada-que-posee-mauricio-macri\/","title":{"rendered":"Tras el pedido de ayuda al FMI, otra encuesta refleja la imagen devaluada que posee Mauricio Macri"},"content":{"rendered":"<p>Un estudio realizado por Taquion y Trespuntozero dio cuenta de la endeble imagen que poseen los encuestados sobre el presidente. A su vez, mostraron una marcada preocupaci\u00f3n por las consecuencias negativas que traer\u00e1 el cr\u00e9dito al Fondo Monetario Internacional.<\/p>\n<p>Luego del anuncio del gobierno nacional de acudir al Fondo Monetario Internacional en busca de ayuda financiera, la respuesta de la sociedad en general ha sido negativa y de suma preocupaci\u00f3n ante las consecuencias que eso implicar\u00e1 para el pa\u00eds. En se aspecto, la consultora Taquion y Trespuntozero realiz\u00f3 un estudio donde se reflej\u00f3 el descontento y\u00a0el principal apuntado es el presidente Mauricio Macri.<\/p>\n<p>De este modo,\u00a0la imagen del Jefe de Estado se encuentra en su peor momento y cada vez posee menos aprobaci\u00f3n por parte de la ciudadan\u00eda. El an\u00e1lisis asegur\u00f3 que el gobierno pierde terreno y solo tiene un 33,8% de imagen positiva.<\/p>\n<p>Adem\u00e1s, el 68,5% de los argentinos tiene poco o nada de confianza en el gobierno del presidente Macri, as\u00ed como el 53,4% cree que la crisis econ\u00f3mica es responsabilidad del gobierno nacional, en tanto que un 12,4% sostiene que es responsabilidad de la oposici\u00f3n.<\/p>\n<p>A su vez, el 47,9% dice que el anuncio de pedido de ayuda al Fondo Monetario Internacional empeor\u00f3 la imagen del gobierno, mientras que el 13,2% la mejor\u00f3. Tambi\u00e9n el 83,4% cree que esta crisis le afectar\u00e1 a su vida cotidiana.<\/p>\n<h6>Fuente: InfoCielo<\/h6>\n","protected":false},"excerpt":{"rendered":"<p>Un estudio realizado por Taquion y Trespuntozero dio cuenta de la endeble imagen que poseen los encuestados sobre el presidente. A su vez, mostraron una marcada preocupaci\u00f3n por las consecuencias negativas que traer\u00e1 el cr\u00e9dito al Fondo Monetario Internacional.<\/p>\n","protected":false},"author":2,"featured_media":76574,"comment_status":"closed","ping_status":"closed","sticky":false,"template":"","format":"standard","meta":{"footnotes":""},"categories":[8],"tags":[21],"class_list":["post-76573","post","type-post","status-publish","format-standard","has-post-thumbnail","hentry","category-informe-nacional","tag-argentina"],"_links":{"self":[{"href":"http:\/\/argentinamunicipal.com.ar\/argentina\/wp-json\/wp\/v2\/posts\/76573","targetHints":{"allow":["GET"]}}],"collection":[{"href":"http:\/\/argentinamunicipal.com.ar\/argentina\/wp-json\/wp\/v2\/posts"}],"about":[{"href":"http:\/\/argentinamunicipal.com.ar\/argentina\/wp-json\/wp\/v2\/types\/post"}],"author":[{"embeddable":true,"href":"http:\/\/argentinamunicipal.com.ar\/argentina\/wp-json\/wp\/v2\/users\/2"}],"replies":[{"embeddable":true,"href":"http:\/\/argentinamunicipal.com.ar\/argentina\/wp-json\/wp\/v2\/comments?post=76573"}],"version-history":[{"count":0,"href":"http:\/\/argentinamunicipal.com.ar\/argentina\/wp-json\/wp\/v2\/posts\/76573\/revisions"}],"wp:featuredmedia":[{"embeddable":true,"href":"http:\/\/argentinamunicipal.com.ar\/argentina\/wp-json\/wp\/v2\/media\/76574"}],"wp:attachment":[{"href":"http:\/\/argentinamunicipal.com.ar\/argentina\/wp-json\/wp\/v2\/media?parent=76573"}],"wp:term":[{"taxonomy":"category","embeddable":true,"href":"http:\/\/argentinamunicipal.com.ar\/argentina\/wp-json\/wp\/v2\/categories?post=76573"},{"taxonomy":"post_tag","embeddable":true,"href":"http:\/\/argentinamunicipal.com.ar\/argentina\/wp-json\/wp\/v2\/tags?post=76573"}],"curies":[{"name":"wp","href":"https:\/\/api.w.org\/{rel}","templated":true}]}}