{"id":76592,"date":"2018-05-16T06:56:12","date_gmt":"2018-05-16T09:56:12","guid":{"rendered":"http:\/\/argentinamunicipal.com.ar\/argentina\/?p=76592"},"modified":"2018-05-16T06:56:12","modified_gmt":"2018-05-16T09:56:12","slug":"el-gobierno-consiguio-un-respiro","status":"publish","type":"post","link":"http:\/\/argentinamunicipal.com.ar\/argentina\/el-gobierno-consiguio-un-respiro\/","title":{"rendered":"El Gobierno consigui\u00f3 un respiro"},"content":{"rendered":"<p>El jefe del bloque de senadores del peronismo dialoguista adelant\u00f3 que el proyecto no tendr\u00e1 tratamiento expr\u00e9s como se preve\u00eda. Le dio tiempo al Gobierno hasta el martes que viene para que presente una propuesta \u201csuperadora\u201d.<\/p>\n<p>El peronismo federal le dio una tregua al Gobierno y estira en el Senado el tratamiento del proyecto contra el tarifazo. El propio jefe de la bancada, Miguel Angel Pichetto, anunci\u00f3 que hoy no habr\u00e1 dictamen expr\u00e9s en el plenario de comisiones que debatir\u00e1 la media sanci\u00f3n de Diputados que pone l\u00edmites a los aumentos de servicios p\u00fablicos esenciales, aunque le puso l\u00edmites al freno que le impuso al proyecto: el martes pr\u00f3ximo. \u201cHasta ese momento, tendr\u00e1n tiempo para hacer una propuesta superadora, razonable y que implique una disminuci\u00f3n real en los aumentos\u201d, dijo el senador rionegrino a los periodistas parlamentarios. Por ahora, la \u00fanica propuesta del oficialismo es apostar a que la intervenci\u00f3n de los gobernadores peronistas en el debate aborte la iniciativa que respald\u00f3 todo el arco opositor en la C\u00e1mara baja y as\u00ed evitar que el Gobierno cargue con el costo pol\u00edtico del veto presidencial.<\/p>\n<p>El tratamiento del proyecto contra el tarifazo que arrancar\u00e1 en el plenario de las comisiones de Derechos y Garant\u00edas, Presupuesto y Energ\u00eda, Miner\u00eda y Combustibles del Senado no tendr\u00e1 un desenlace hoy. Las expectativas que la iniciativa obtuviera dictamen favorable para llevarla al recinto de la C\u00e1mara alta la semana pr\u00f3xima se diluyeron con la decisi\u00f3n que adopt\u00f3 el peronismo dialoguista. El bloque Argentina Federal, encolumnado con gobernadores del PJ, abri\u00f3 una ventana de tregua que lo otorga al Gobierno otra semana m\u00e1s de tiempo para intentar frenar el proyecto opositor.<\/p>\n<p>El jefe de la bancada, Pichetto, y un grupo de cinco gobernadores \u201cdialoguistas\u201d acudieron a la invitaci\u00f3n del presidente Mauricio Macri a la Casa Rosada en medio de la corrida financiera y de la decisi\u00f3n del Gobierno de acudir al salvataje al FMI. Encuentros que se presentaron como un respaldo opositor al Gobierno en medio de la crisis. El Gobierno crey\u00f3 all\u00ed ver un gui\u00f1o para intentar frenar el proyecto contra el tarifazo.<\/p>\n<p>El bloque de senadores kirchnerista del FpV-PJ, en tanto, ir\u00e1 al plenario a plantear la necesidad de no postergar m\u00e1s el proyecto que trabaj\u00f3 en conjunto el grueso del arco opositor en Diputados ante el complicado cuadro que generan los aumentos de luz, gas y agua en los hogares y los sectores productivos m\u00e1s vulnerables. Sin embargo, por s\u00ed solos no tienen el n\u00famero para torcer la decisi\u00f3n del peronismo dialoguista de estirar el debate.<\/p>\n<p>Ayer por la tarde-noche tambi\u00e9n hubo una reuni\u00f3n del interbloque de la alianza oficialista en el Senado. All\u00ed qued\u00f3 claro que no hay \u201cplan B\u201d ni de una \u201cpropuesta superadora\u201d de la que habl\u00f3 Pichetto. La estrategia oficialista apunta a voltear el proyecto en el Senado, con el argumento ya expuesto de que la iniciativa \u201cperjudica\u201d a las provincias y \u201cs\u00f3lo beneficia\u201d a los pobladores del Area Metropolitana de Buenos Aires (AMBA) y grandes centros urbanos.<\/p>\n<p>Para lograrlo, el oficialismo buscar\u00e1 contar con el respaldo de los gobernadores peronistas que de una y otra manera se mostraron cr\u00edticos del proyecto opositor, para que expresen su postura ante los senadores y as\u00ed restarle votos a la iniciativa opositora.<\/p>\n<p>Tambi\u00e9n ser\u00e1n convocadas las compa\u00f1\u00edas que participan del proceso de generaci\u00f3n, transporte y distribuci\u00f3n de energ\u00eda para que planteen las dificultades que les acarrear\u00eda la devoluci\u00f3n del dinero cobrado si las tarifas se retrotraen a noviembre de 2017, como establece la media sanci\u00f3n de la C\u00e1mara baja. Claro que las empresas intentar\u00e1n dejar de lado las \u201cexorbitantes ganancias\u201d que la mayor\u00eda de ellas obtuvieron con los aumentos y que diputados de los distintos bloques opositores sacaron a la luz en el debate legislativo del proyecto.<\/p>\n<h6>Fuente: P\u00e1gina 12<\/h6>\n","protected":false},"excerpt":{"rendered":"<p>El jefe del bloque de senadores del peronismo dialoguista adelant\u00f3 que el proyecto no tendr\u00e1 tratamiento expr\u00e9s como se preve\u00eda. Le dio tiempo al Gobierno hasta el martes que viene para que presente una propuesta \u201csuperadora\u201d.<\/p>\n","protected":false},"author":2,"featured_media":76593,"comment_status":"closed","ping_status":"closed","sticky":false,"template":"","format":"standard","meta":{"footnotes":""},"categories":[8],"tags":[21],"class_list":["post-76592","post","type-post","status-publish","format-standard","has-post-thumbnail","hentry","category-informe-nacional","tag-argentina"],"_links":{"self":[{"href":"http:\/\/argentinamunicipal.com.ar\/argentina\/wp-json\/wp\/v2\/posts\/76592","targetHints":{"allow":["GET"]}}],"collection":[{"href":"http:\/\/argentinamunicipal.com.ar\/argentina\/wp-json\/wp\/v2\/posts"}],"about":[{"href":"http:\/\/argentinamunicipal.com.ar\/argentina\/wp-json\/wp\/v2\/types\/post"}],"author":[{"embeddable":true,"href":"http:\/\/argentinamunicipal.com.ar\/argentina\/wp-json\/wp\/v2\/users\/2"}],"replies":[{"embeddable":true,"href":"http:\/\/argentinamunicipal.com.ar\/argentina\/wp-json\/wp\/v2\/comments?post=76592"}],"version-history":[{"count":0,"href":"http:\/\/argentinamunicipal.com.ar\/argentina\/wp-json\/wp\/v2\/posts\/76592\/revisions"}],"wp:featuredmedia":[{"embeddable":true,"href":"http:\/\/argentinamunicipal.com.ar\/argentina\/wp-json\/wp\/v2\/media\/76593"}],"wp:attachment":[{"href":"http:\/\/argentinamunicipal.com.ar\/argentina\/wp-json\/wp\/v2\/media?parent=76592"}],"wp:term":[{"taxonomy":"category","embeddable":true,"href":"http:\/\/argentinamunicipal.com.ar\/argentina\/wp-json\/wp\/v2\/categories?post=76592"},{"taxonomy":"post_tag","embeddable":true,"href":"http:\/\/argentinamunicipal.com.ar\/argentina\/wp-json\/wp\/v2\/tags?post=76592"}],"curies":[{"name":"wp","href":"https:\/\/api.w.org\/{rel}","templated":true}]}}