{"id":76617,"date":"2018-05-16T07:18:24","date_gmt":"2018-05-16T10:18:24","guid":{"rendered":"http:\/\/argentinamunicipal.com.ar\/argentina\/?p=76617"},"modified":"2018-05-16T07:18:24","modified_gmt":"2018-05-16T10:18:24","slug":"las-escuelas-de-trabajo-y-los-jardines-municipales-experiencias-santafesinas-que-miran-al-futuro","status":"publish","type":"post","link":"http:\/\/argentinamunicipal.com.ar\/argentina\/las-escuelas-de-trabajo-y-los-jardines-municipales-experiencias-santafesinas-que-miran-al-futuro\/","title":{"rendered":"Las Escuelas de Trabajo y los Jardines Municipales: experiencias santafesinas que miran al futuro"},"content":{"rendered":"<p>El Intendente Jos\u00e9 Corral recibi\u00f3 a un diputado y un funcionario nacional y visitaron el edificio NIDO \u2013 Escuela de Trabajo y al Jard\u00edn Municipal, de Barranquitas Sur.<\/p>\n<p>Este martes por la ma\u00f1ana, el intendente Jos\u00e9 Corral recibi\u00f3 en el edificio el NIDO \u2013 Escuela de Trabajo de barrio Barranquitas al diputado nacional por Buenos Aires Fabio Quetglas (Cambiemos) y al viceministro de Trabajo bonaerense Horacio Barreiro. All\u00ed, junto a funcionarios recorrieron el emblem\u00e1tico edificio y se interiorizaron de las distintas actividades y programas que el Municipio lleva adelante. Luego, caminaron unos metros y visitaron el Jard\u00edn Municipal Barranquitas Sur, donde aprovecharon para conocer de cerca la experiencia de los jardines municipales.<\/p>\n<p>Luego de visitar los talleres y conversar con los propios j\u00f3venes que actualmente son m\u00e1s de 2.000 que asisten a las Escuelas de Trabajo, el intendente Jos\u00e9 Corral destac\u00f3 la labor cotidiana por la cual \u201clos chicos y chicas de estos barrios que llegan son recibidos por un orientador que establece un v\u00ednculo personal, y que despu\u00e9s los va acompa\u00f1ando a cursos como \u00e9ste de Radio que se est\u00e1 realizando, o a otros que ya han tenido de tejido o manipulaci\u00f3n de alimentos\u201d. De la visita tambi\u00e9n participaron la secretaria de Desarrollo Estrat\u00e9gico y Resiliencia Andrea Valsagna; la secretaria de Desarrollo Social, Cecilia Battistutti; la secretaria de Educaci\u00f3n, Erika Figueroa, y el concejal Carlos Pereira, entre otros funcionarios.<\/p>\n<p>Vale recordar que desde el inicio del programa en 2016 hasta el momento, 4.121 j\u00f3venes se vincularon con las Escuelas de trabajo. Actualmente son 1.505 los j\u00f3venes que participan en forma activa. Particularmente, a la Escuela de Trabajo de Barranquitas, se acercaron desde el inicio del programa unos 1.083 j\u00f3venes de los cuales participan en forma activa m\u00e1s de 300. Asimismo, actualmente son alrededor de 2.000 los ni\u00f1os y ni\u00f1as de Santa Fe que asisten a los 16 jardines construidos por el Gobierno de la Ciudad y que forman parte del Sistema Municipal de Educaci\u00f3n Inicial.<\/p>\n<p>Mirar al futuro<\/p>\n<p>M\u00e1s adelante, Jos\u00e9 Corral valor\u00f3 el hecho de que estas escuelas, \u201cno tienen que ver solamente con el trabajo, sino con pensar el d\u00eda de ma\u00f1ana, en la educaci\u00f3n, en la posibilidad de guiarlos para que algunos de ellos intenten ir a la universidad. Me contaban que hay 17 chicos que ya est\u00e1n cursando de manera regular una carrera universitaria y hay m\u00e1s de 100 que ha conseguido un empleo efectivo con los programas de capacitaci\u00f3n y empleo del Ministerio de Trabajo de la Naci\u00f3n\u201d, detall\u00f3.<\/p>\n<p>En ese contexto, cont\u00f3 que al joven que llega a una de las Escuelas de Trabajo, ya sea la de Barranquitas, San Lorenzo, Coronel Dorrego -\u201cdonde estamos pr\u00f3ximos a inaugurar el edificio sobre el Paseo Sarmiento- o a la Oficina de Empleo que est\u00e1 detr\u00e1s de la Terminal, le hacemos un seguimiento personalizado, con esta idea de que el Municipio, que es el nivel del Estado m\u00e1s cercano, con programas propios, de Naci\u00f3n, de sindicatos o de la provincia, pueda guiarlos a esa instancia de superaci\u00f3n\u201d. \u201cQue los j\u00f3venes de estos barrios, que tienen tantas necesidades y a veces viven al d\u00eda, est\u00e9n pensando en el d\u00eda de ma\u00f1ana es, realmente, un paso muy importante y queremos seguir acompa\u00f1\u00e1ndolos porque queremos una ciudad que los incluya\u201d, resalt\u00f3 finalmente Jos\u00e9 Corral.<\/p>\n<p>\u00danica en el pa\u00eds<\/p>\n<p>El diputado nacional por Buenos Aires, Fabio Quetglas, puso a estas iniciativas impulsadas por el Gobierno de la Ciudad, como \u201clos m\u00e1s reflexivo y comprometido para saldar la deuda tan dif\u00edcil de la Argentina con los Ni-Ni, los j\u00f3venes que no estudian ni trabajan, una problem\u00e1tica muy profunda de los \u00faltimos 20 a\u00f1os respecto de la cual el Estado no sab\u00eda c\u00f3mo organizarlos\u201d.<\/p>\n<p>Ante esa situaci\u00f3n, \u201cesta respuesta que da la ciudad de Santa Fe: integral, personalizada, de calidad t\u00e9cnica, que incluye formaci\u00f3n y relaciones humanas; es lo m\u00e1s sofisticado que se ha hecho en nuestro pa\u00eds\u201d. Sostuvo que se trata de una experiencia a la que hay que seguir de cerca, \u201cpor lo que podemos aprender\u201d.<\/p>\n<p>Asimismo, afirm\u00f3 \u201cesta iniciativa, no existe en otros lugares de Argentina. Adem\u00e1s, con este nivel de compromiso presupuestario y organizacional. Esto es un trabajo de a\u00f1os, porque no se resuelve en 15 d\u00edas. Pero ac\u00e1 se ha hecho un camino que debe ser destacado\u201d.<\/p>\n<p>Experiencias para replicar<\/p>\n<p>Por su parte, el viceministro de Trabajo bonaerense Horacio Barreiro, cont\u00f3 que como \u201cen Buenos Aires estamos poniendo en marcha un programa similar de capacitaci\u00f3n laboral que se llama Futuro Bonaerense, nos interesaba venir a ver una experiencia exitosa, como es la que est\u00e1 llevando adelante el intendente Jos\u00e9 Corral\u201d.<\/p>\n<p>A su vez, se mostr\u00f3 entusiasmado con ver \u201cun programa en marcha, que dec\u00edamos con Quetglas, nos emociona y nos compromete m\u00e1s, en tratar de lograr objetivos de calidad como este\u201d. En esa l\u00ednea, valor\u00f3 que las Escuelas de Trabajo no solo abordan la cuesti\u00f3n laboral, \u201csino que tienen una cobertura social, y por lo tanto habl\u00e1bamos de la posibilidad de dialogar con los distintos municipios de Buenos Aires para ver de qu\u00e9 manera la inserci\u00f3n laboral puede ir con lo social\u201d.<\/p>\n<p>Asimismo, puso de relieve la experiencia de los jardines como una alternativa para brindar a las mujeres, \u201cen especial a las madres j\u00f3venes\u201d un lugar donde dejar a sus hijos para contar con un trabajo. \u201cCuando hablamos de los problemas de discriminaci\u00f3n de las mujeres para acceder empleos de calidad, esta es una experiencia que nos llevamos para ver de qu\u00e9 manera poder implementarla en Buenos Aires\u201d.<\/p>\n<h6>Fuetne: sin Mordaza<\/h6>\n","protected":false},"excerpt":{"rendered":"<p>El Intendente Jos\u00e9 Corral recibi\u00f3 a un diputado y un funcionario nacional y visitaron el edificio NIDO \u2013 Escuela de Trabajo y al Jard\u00edn Municipal, de Barranquitas Sur.<\/p>\n","protected":false},"author":2,"featured_media":76618,"comment_status":"closed","ping_status":"closed","sticky":false,"template":"","format":"standard","meta":{"footnotes":""},"categories":[2],"tags":[10],"class_list":["post-76617","post","type-post","status-publish","format-standard","has-post-thumbnail","hentry","category-informe-municipal","tag-santa-fe"],"_links":{"self":[{"href":"http:\/\/argentinamunicipal.com.ar\/argentina\/wp-json\/wp\/v2\/posts\/76617","targetHints":{"allow":["GET"]}}],"collection":[{"href":"http:\/\/argentinamunicipal.com.ar\/argentina\/wp-json\/wp\/v2\/posts"}],"about":[{"href":"http:\/\/argentinamunicipal.com.ar\/argentina\/wp-json\/wp\/v2\/types\/post"}],"author":[{"embeddable":true,"href":"http:\/\/argentinamunicipal.com.ar\/argentina\/wp-json\/wp\/v2\/users\/2"}],"replies":[{"embeddable":true,"href":"http:\/\/argentinamunicipal.com.ar\/argentina\/wp-json\/wp\/v2\/comments?post=76617"}],"version-history":[{"count":0,"href":"http:\/\/argentinamunicipal.com.ar\/argentina\/wp-json\/wp\/v2\/posts\/76617\/revisions"}],"wp:featuredmedia":[{"embeddable":true,"href":"http:\/\/argentinamunicipal.com.ar\/argentina\/wp-json\/wp\/v2\/media\/76618"}],"wp:attachment":[{"href":"http:\/\/argentinamunicipal.com.ar\/argentina\/wp-json\/wp\/v2\/media?parent=76617"}],"wp:term":[{"taxonomy":"category","embeddable":true,"href":"http:\/\/argentinamunicipal.com.ar\/argentina\/wp-json\/wp\/v2\/categories?post=76617"},{"taxonomy":"post_tag","embeddable":true,"href":"http:\/\/argentinamunicipal.com.ar\/argentina\/wp-json\/wp\/v2\/tags?post=76617"}],"curies":[{"name":"wp","href":"https:\/\/api.w.org\/{rel}","templated":true}]}}