{"id":76648,"date":"2018-05-17T06:50:18","date_gmt":"2018-05-17T09:50:18","guid":{"rendered":"http:\/\/argentinamunicipal.com.ar\/argentina\/?p=76648"},"modified":"2018-05-17T06:50:18","modified_gmt":"2018-05-17T09:50:18","slug":"76648-2","status":"publish","type":"post","link":"http:\/\/argentinamunicipal.com.ar\/argentina\/76648-2\/","title":{"rendered":"Macri pisa a fondo el acelerador del ajuste"},"content":{"rendered":"<p>Tras la devaluaci\u00f3n del peso y la emisi\u00f3n de bonos, el l\u00edder de Cambiemos dio por superada la \u201cturbulencia\u201d financiera. Critic\u00f3 el proyecto para frenar el tarifazo y reclam\u00f3 a los opositores que acompa\u00f1en la reducci\u00f3n del d\u00e9ficit.<\/p>\n<p>Si hasta ahora el acelerador del ajuste no hab\u00eda tocado fondo, Mauricio Macri dej\u00f3 en claro ayer que tiene decidido pisarlo hasta estrellarse contra el d\u00e9ficit cero. \u201cEn estas semanas el mundo decidi\u00f3 que la velocidad a la que nos hab\u00edamos comprometido a reducir el d\u00e9ficit fiscal no es suficiente. Por eso tenemos que acelerar\u201d, afirm\u00f3 el Presidente, en un notable reconocimiento sobre la falta de soberan\u00eda nacional respecto de las decisiones econ\u00f3micas. En la conferencia de prensa realizada en Olivos, Macri defendi\u00f3 las negociaciones con el FMI, evit\u00f3 adelantar qu\u00e9 medidas concretas tomar\u00e1n para cumplir sus objetivos y le pidi\u00f3 a la oposici\u00f3n que los acompa\u00f1e en la aprobaci\u00f3n de un fuerte recorte presupuestario. El Presidente relativiz\u00f3 y dio por superada la crisis financiera (a la que llam\u00f3 \u201cturbulencia\u201d) y ratific\u00f3 a su equipo econ\u00f3mico. Volvi\u00f3 a criticar el proyecto para frenar el tarifazo que en este momento se trata en el Senado y justific\u00f3 los aumentos: \u201cEs mentira que las tarifas sean car\u00edsimas\u201d.<\/p>\n<p>Luego de una de las semanas m\u00e1s cr\u00edticas desde que asumi\u00f3 en diciembre de 2015, Macri convoc\u00f3 a la prensa a la quinta presidencial. En primera fila lo acompa\u00f1aban el jefe de Gabinete, Marcos Pe\u00f1a; los vicejefes, Mario Quintana y Gustavo Lopetegui; el ministro del Interior, Rogelio Frigerio; el secretario de Comunicaci\u00f3n, Jorge Grecco, y el secretario general de la Presidencia, Fernando De Andreis, entre otros. No estaban los radicales ni el presidente de la C\u00e1mara baja, Emilio Monz\u00f3, recientemente incorporados a las reuniones de coordinaci\u00f3n y de mesa chica de Cambiemos.<\/p>\n<p>\u201cEl problema central que los argentinos tenemos que resolver es reducir el d\u00e9ficit fiscal\u201d, insisti\u00f3 Macri al responder una de las primeras preguntas. En buena medida, se apoy\u00f3 en las afirmaciones que d\u00edas previos hab\u00edan dado sus ministros, Nicol\u00e1s Dujovne (Hacienda) y Luis Caputo (Finanzas). Descart\u00f3 cambios en el Gabinete, ratific\u00f3 al \u201cbuen equipo\u201d econ\u00f3mico y, lejos de atribuirle responsabilidades en lo ocurrido, lo elogi\u00f3 por haber \u201csuperado\u201d la \u201cturbulencia\u201d generada, seg\u00fan dijo, por los cambios en las condiciones externas como la suba de la tasa de inter\u00e9s en Estados Unidos.<\/p>\n<p>\u201cNo hay tanta vocaci\u00f3n por seguir prest\u00e1ndonos tanto dinero\u201d, asegur\u00f3 y al ser consultado por sus responsabilidades propias en esta situaci\u00f3n ensay\u00f3 una curiosa respuesta: \u201cLa autocr\u00edtica que me hago es que por mi personalidad siempre he sido muy optimista. Me puse metas ambiciosas. Pero tambi\u00e9n, revisando, porque cada noche me acuesto pensando qu\u00e9 podr\u00eda haber hecho mejor&#8230; no siento que como sociedad pod\u00edamos afrontar un ajuste profundo desde el primer d\u00eda\u201d. As\u00ed retruc\u00f3 los cuestionamientos de sectores ultraliberales, incluidos ex funcionarios suyos como Carlos Melconi\u00e1n, quien le recrimin\u00f3 p\u00fablicamente haber \u201cboludeado con las buenas ondas\u201d durante dos a\u00f1os. Para tratar de matizar la situaci\u00f3n actual, retom\u00f3 el discurso sobre el presunto estallido en el que hubiera terminado la continuidad del modelo kirchnerista. En 2016 \u201cevitamos una crisis que s\u00ed nos llevaba al 2001\u201d, afirm\u00f3, \u00e9sta vez sin mencionar a Venezuela. \u201cLa Argentina no estaba pol\u00edticamente preparada para dar un debate serio. La sociedad ahora dice: \u2018Basta de mentiras\u2019. Y se dan cuenta de la realidad que heredamos\u201d, insisti\u00f3.<\/p>\n<p>Inflaci\u00f3n<br \/>\nAl responder sobre la meta de inflaci\u00f3n del 15 por ciento recalibrada a fines de diciembre, acept\u00f3, siguiendo a Dujovne, que ser\u00e1 mayor a la esperada, aunque evit\u00f3 indicar cu\u00e1nto. Tampoco contest\u00f3 qu\u00e9 medidas tomar\u00e1n para impedir que siga subiendo. De hecho, dio a entender que desde el Ejecutivo no har\u00e1n nada: \u201cVamos a delegar la responsabilidad de la baja de la inflaci\u00f3n en el Banco Central\u201d, asegur\u00f3. Si bien se mostr\u00f3 \u201cpreocupado\u201d por el tema, se limit\u00f3 a festejar la aprobaci\u00f3n de la ley de Defensa de la Competencia. \u201cEso nos va a permitir que haya competencia, que no haya abuso, que haya alternativas de compra. Vamos a estar muy atentos para que no haya ning\u00fan tipo de avivadas\u201d, dijo sin m\u00e1s precisiones.<\/p>\n<p>El Fondo<br \/>\nCon las negociaciones todav\u00eda en marcha, el Presidente busc\u00f3 contradecir la historia de condicionamientos y presiones que el Fondo Monetario Internacional le ha impuesto a la argentina durante m\u00e1s de 60 a\u00f1os. \u201cEl FMI, del cual nunca nos fuimos, es una herramienta adicional que nos da m\u00e1s estabilidad. Ellos nos van a decir en qu\u00e9 n\u00fameros nos sentimos c\u00f3modos en la reducci\u00f3n de d\u00e9ficit. En qu\u00e9 lo reducimos es una cuesti\u00f3n de los argentinos. No nos van a decir en qu\u00e9 lo tenemos que reducir\u201d, insisti\u00f3 y linke\u00f3 aquel acuerdo con la \u201ccorrupci\u00f3n K\u201d y el caso L\u00f3pez: \u201cVamos a hacer un acuerdo inteligente. Podemos ir al FMI porque no tenemos nada que ocultar. Ac\u00e1 no hay gente que se lleva bolsos a conventos. No nos molesta que nos vengan a inspeccionar y ver. Es todo a favor de la argentina\u201d.<\/p>\n<p>Tarifas<br \/>\nSi bien no confirm\u00f3 lo anunciado por Pe\u00f1a sobre su veto al proyecto que retrotrae las tarifas a noviembre de 2017, Macri dej\u00f3 en claro que no est\u00e1 de acuerdo y le reproch\u00f3 a la oposici\u00f3n impulsar la iniciativa. \u201cNo se puede avanzar en una propuesta que destruya el presupuesto que se vot\u00f3. Eso hace que la gente dude sobre si vamos a bajar el d\u00e9ficit fiscal\u201d, asegur\u00f3, en un intento por incluir a la oposici\u00f3n entre los responsables de la situaci\u00f3n econ\u00f3mica. Retom\u00f3 adem\u00e1s el discurso sobre el supuesto despilfarro energ\u00e9tico, y hasta desliz\u00f3 que en Tierra del Fuego calefaccionan las veredas. La gobernadora Rosana Bertone ya hab\u00eda respondido ese tema: \u201cEs muy triste que viviendo a m\u00e1s de tres mil kil\u00f3metros de distancia se busque generar esta idea cuando aqu\u00ed la necesidad de calefacci\u00f3n es todo el a\u00f1o y en muchos casos necesaria para preservar la vida\u201d.<\/p>\n<p>Fiel a su estilo, el Presidente intent\u00f3 por momentos distender. \u201cTanta austeridad que ni agua tenemos\u201d, dijo mientras buscaba que alguien le alcanzara una copa. Tambi\u00e9n recomend\u00f3 la pel\u00edcula \u201cAlguien tiene que ceder\u201d, con Jack Nicholson, para responder c\u00f3mo lograr\u00edan llevar adelante el gran acuerdo nacional para el ajuste. No especific\u00f3 qui\u00e9nes.<\/p>\n<h6>Fuente: P\u00e1gina 12<\/h6>\n","protected":false},"excerpt":{"rendered":"<p>Tras la devaluaci\u00f3n del peso y la emisi\u00f3n de bonos, el l\u00edder de Cambiemos dio por superada la \u201cturbulencia\u201d financiera. Critic\u00f3 el proyecto para frenar el tarifazo y reclam\u00f3 a los opositores que acompa\u00f1en la reducci\u00f3n del d\u00e9ficit.<\/p>\n","protected":false},"author":2,"featured_media":76649,"comment_status":"closed","ping_status":"closed","sticky":false,"template":"","format":"standard","meta":{"footnotes":""},"categories":[8],"tags":[21],"class_list":["post-76648","post","type-post","status-publish","format-standard","has-post-thumbnail","hentry","category-informe-nacional","tag-argentina"],"_links":{"self":[{"href":"http:\/\/argentinamunicipal.com.ar\/argentina\/wp-json\/wp\/v2\/posts\/76648","targetHints":{"allow":["GET"]}}],"collection":[{"href":"http:\/\/argentinamunicipal.com.ar\/argentina\/wp-json\/wp\/v2\/posts"}],"about":[{"href":"http:\/\/argentinamunicipal.com.ar\/argentina\/wp-json\/wp\/v2\/types\/post"}],"author":[{"embeddable":true,"href":"http:\/\/argentinamunicipal.com.ar\/argentina\/wp-json\/wp\/v2\/users\/2"}],"replies":[{"embeddable":true,"href":"http:\/\/argentinamunicipal.com.ar\/argentina\/wp-json\/wp\/v2\/comments?post=76648"}],"version-history":[{"count":0,"href":"http:\/\/argentinamunicipal.com.ar\/argentina\/wp-json\/wp\/v2\/posts\/76648\/revisions"}],"wp:featuredmedia":[{"embeddable":true,"href":"http:\/\/argentinamunicipal.com.ar\/argentina\/wp-json\/wp\/v2\/media\/76649"}],"wp:attachment":[{"href":"http:\/\/argentinamunicipal.com.ar\/argentina\/wp-json\/wp\/v2\/media?parent=76648"}],"wp:term":[{"taxonomy":"category","embeddable":true,"href":"http:\/\/argentinamunicipal.com.ar\/argentina\/wp-json\/wp\/v2\/categories?post=76648"},{"taxonomy":"post_tag","embeddable":true,"href":"http:\/\/argentinamunicipal.com.ar\/argentina\/wp-json\/wp\/v2\/tags?post=76648"}],"curies":[{"name":"wp","href":"https:\/\/api.w.org\/{rel}","templated":true}]}}